{"id":233985,"date":"2025-07-08T01:40:13","date_gmt":"2025-07-08T01:40:13","guid":{"rendered":"https:\/\/www.europesays.com\/fr\/233985\/"},"modified":"2025-07-08T01:40:13","modified_gmt":"2025-07-08T01:40:13","slug":"mediawan-decroche-la-production-de-la-chaine-qui-diffusera-la-ligue-1","status":"publish","type":"post","link":"https:\/\/www.europesays.com\/fr\/233985\/","title":{"rendered":"Mediawan d\u00e9croche la production de la cha\u00eene qui diffusera la Ligue 1"},"content":{"rendered":"<p>La soci\u00e9t\u00e9 de production dirig\u00e9e par Pierre-Antoine Capton a \u00e9t\u00e9 pr\u00e9f\u00e9r\u00e9e \u00e0 21 Production, filiale du groupe L\u2019\u00c9quipe, l\u2019autre candidat en lice. Elle a remport\u00e9 les quatre lots, la gestion du personnel \u00e9ditorial, la production des matches, les multiplex et les magazines.<\/p>\n<p class=\"fig-paragraph\">La Ligue professionnelle de football (LFP) a choisi Mediawan pour produire sa cha\u00eene qui diffusera la Ligue 1 la saison prochaine, a annonc\u00e9 ce lundi la LFP. \u00ab\u00c0 l&rsquo;issue d&rsquo;une consultation initi\u00e9e par\u00a0<a href=\"http:\/\/www.lefigaro.fr\/medias\/football-les-presidents-de-clubs-approuvent-le-projet-de-chaine-ligue-1-20250701\" data-fig-type=\"NewsFlash\" data-gtm-custom-categorie=\"navigation\" data-gtm-custom-action=\"crossclick\" data-gtm-custom-label=\"Contextuel\" data-gtm-event=\"customEventSPE\" data-fig-domain=\"LEFIGARO\" rel=\"nofollow noopener\" target=\"_blank\">LFP Media<\/a> \u00a0sur la production \u00e9ditoriale de la nouvelle plateforme de la Ligue 1\u00bb, la Ligue a annonc\u00e9 \u00abretenir le candidat Mediawan Sport, filiale de Mediawan d\u00e9di\u00e9e \u00e0 la production de contenus autour du sport et \u00e0 l&rsquo;organisation d&rsquo;\u00e9v\u00e9nements sportifs\u00bb, plut\u00f4t que 21 Production du groupe L&rsquo;\u00c9quipe, l&rsquo;autre candidat.<\/p>\n<p class=\"fig-paragraph\">Mediawan a remport\u00e9 les quatre lots, la gestion du personnel \u00e9ditorial, la production des matches, les multiplex et les magazines. Le choix s&rsquo;est port\u00e9 sur cette soci\u00e9t\u00e9 car son \u00abprojet correspond \u00e0 l&rsquo;ambition port\u00e9e par les \u00e9quipes de LFP Media\u00bb, poursuit le communiqu\u00e9 de la Ligue. Apr\u00e8s le coup dur de\u00a0<a href=\"http:\/\/www.lefigaro.fr\/sports\/football\/ligue-1\/ligue-1-a-date-les-conditions-ne-sont-pas-reunies-canal-renonce-a-distribuer-la-future-chaine-de-la-lfp-20250627\" data-fig-type=\"NewsFlash\" data-gtm-custom-categorie=\"navigation\" data-gtm-custom-action=\"crossclick\" data-gtm-custom-label=\"Contextuel\" data-gtm-event=\"customEventSPE\" data-fig-domain=\"LEFIGARO\" rel=\"nofollow noopener\" target=\"_blank\">l&rsquo;arr\u00eat des discussions avec Canal+<\/a>, qui offrait des garanties de visibilit\u00e9 pour le grand public, la Ligue n\u00e9gocie avec de nombreux diffuseurs pour montrer son championnat. Mais elle vient de trouver son producteur avec la soci\u00e9t\u00e9 dirig\u00e9e par Pierre-Antoine Capton.<\/p>\n<p class=\"fig-body-link\">\n            \u00c0 lire aussi<br \/>\n        <a class=\"fig-body-link__link fig-premium-mark\" href=\"http:\/\/www.lefigaro.fr\/medias\/football-les-presidents-de-clubs-approuvent-le-projet-de-chaine-ligue-1-20250701\" target=\"_blank\" data-fig-type=\"NewsFlash\" rel=\"noopener nofollow\" data-gtm-custom-categorie=\"navigation\" data-gtm-custom-action=\"crossclick\" data-gtm-custom-label=\"Contextuel\" data-gtm-event=\"customEventSPE\" data-fig-domain=\"LEFIGARO\">La LFP cr\u00e9e sa propre plateforme pour diffuser la Ligue\u00a01 de football<br \/>\n    <\/a>\n<\/p>\n<p>                                    <a class=\"fig-a11y-skip a11y-hidden\" href=\"#fig-a11y-skip-main-inarticle\"><br \/>\n        Passer la publicit\u00e9<br \/>\n    <\/a><\/p>\n<p>Une plateforme d\u00e9di\u00e9e<\/p>\n<p class=\"fig-paragraph\">Cet homme d&rsquo;affaires fran\u00e7ais est un proche de Vincent Labrune, le pr\u00e9sident de l&rsquo;instance, qui s&rsquo;est d\u00e9port\u00e9 du processus de d\u00e9cision sous la houlette uniquement de Nicolas de Tavernost et de ses \u00e9quipes, a pr\u00e9cis\u00e9 une source proche de la Ligue. Mardi dernier, le coll\u00e8ge des pr\u00e9sidents de club de Ligue 1, LFP Media et le Conseil d&rsquo;administration de la Ligue ont donn\u00e9 le feu vert \u00e0 l&rsquo;unanimit\u00e9 \u00e0 \u00abla cr\u00e9ation d&rsquo;une plateforme TV et digitale enti\u00e8rement d\u00e9di\u00e9e \u00e0 la Ligue 1, g\u00e9r\u00e9e et pilot\u00e9e par LFP Media\u00bb.<\/p>\n<p class=\"fig-paragraph\">La cha\u00eene de la LFP, \u00e0 14,99 euros par mois, diffusera huit matches par journ\u00e9e en direct, le neuvi\u00e8me,\u00a0<a href=\"http:\/\/www.lefigaro.fr\/sports\/football\/ligue-1\/ligue-1-l-om-refuse-de-promouvoir-le-qatar-sur-son-maillot-apres-l-accord-de-sponsoring-entre-la-lfp-et-bein-sports-20241014\" data-fig-type=\"NewsFlash\" data-gtm-custom-categorie=\"navigation\" data-gtm-custom-action=\"crossclick\" data-gtm-custom-label=\"Contextuel\" data-gtm-event=\"customEventSPE\" data-fig-domain=\"LEFIGARO\" rel=\"nofollow noopener\" target=\"_blank\">propri\u00e9t\u00e9 de beIN Sports<\/a>, restant sur la cha\u00eene qatarienne jusqu&rsquo;\u00e0 la fin de l&rsquo;exercice 2025-2026. Le succ\u00e8s de cette cha\u00eene est vital pour les finances des clubs. Du nombre d&rsquo;abonn\u00e9s d\u00e9pendront directement leurs recettes de droits TV, en l&rsquo;absence d&rsquo;un contrat avec un diffuseur en d\u00e9but de saison, apr\u00e8s le divorce d&rsquo;avec DAZN, sold\u00e9 d\u00e9but mai \u00e0 l&rsquo;issue de plusieurs mois de contentieux. La plateforme britannique apportait en th\u00e9orie 400 millions d&rsquo;euros garantis par saison jusqu&rsquo;en 2029.<\/p>\n","protected":false},"excerpt":{"rendered":"La soci\u00e9t\u00e9 de production dirig\u00e9e par Pierre-Antoine Capton a \u00e9t\u00e9 pr\u00e9f\u00e9r\u00e9e \u00e0 21 Production, filiale du groupe L\u2019\u00c9quipe,&hellip;\n","protected":false},"author":2,"featured_media":233986,"comment_status":"","ping_status":"","sticky":false,"template":"","format":"standard","meta":{"footnotes":""},"categories":[2],"tags":[11,63,1011,27,66,37278,12,25],"class_list":{"0":"post-233985","1":"post","2":"type-post","3":"status-publish","4":"format-standard","5":"has-post-thumbnail","7":"category-actualites","8":"tag-actualites","9":"tag-football","10":"tag-fr","11":"tag-france","12":"tag-ligue-1","13":"tag-mediawan","14":"tag-news","15":"tag-republique-francaise"},"share_on_mastodon":{"url":"https:\/\/pubeurope.com\/@fr\/114815069330250217","error":""},"_links":{"self":[{"href":"https:\/\/www.europesays.com\/fr\/wp-json\/wp\/v2\/posts\/233985","targetHints":{"allow":["GET"]}}],"collection":[{"href":"https:\/\/www.europesays.com\/fr\/wp-json\/wp\/v2\/posts"}],"about":[{"href":"https:\/\/www.europesays.com\/fr\/wp-json\/wp\/v2\/types\/post"}],"author":[{"embeddable":true,"href":"https:\/\/www.europesays.com\/fr\/wp-json\/wp\/v2\/users\/2"}],"replies":[{"embeddable":true,"href":"https:\/\/www.europesays.com\/fr\/wp-json\/wp\/v2\/comments?post=233985"}],"version-history":[{"count":0,"href":"https:\/\/www.europesays.com\/fr\/wp-json\/wp\/v2\/posts\/233985\/revisions"}],"wp:featuredmedia":[{"embeddable":true,"href":"https:\/\/www.europesays.com\/fr\/wp-json\/wp\/v2\/media\/233986"}],"wp:attachment":[{"href":"https:\/\/www.europesays.com\/fr\/wp-json\/wp\/v2\/media?parent=233985"}],"wp:term":[{"taxonomy":"category","embeddable":true,"href":"https:\/\/www.europesays.com\/fr\/wp-json\/wp\/v2\/categories?post=233985"},{"taxonomy":"post_tag","embeddable":true,"href":"https:\/\/www.europesays.com\/fr\/wp-json\/wp\/v2\/tags?post=233985"}],"curies":[{"name":"wp","href":"https:\/\/api.w.org\/{rel}","templated":true}]}}