{"id":234010,"date":"2025-07-08T01:57:13","date_gmt":"2025-07-08T01:57:13","guid":{"rendered":"https:\/\/www.europesays.com\/fr\/234010\/"},"modified":"2025-07-08T01:57:13","modified_gmt":"2025-07-08T01:57:13","slug":"jai-pu-revoir-ma-famille-cest-spectaculaire-ils-ont-retrouve-la-vue-grace-a-une-vieille-technique-unique-en-france","status":"publish","type":"post","link":"https:\/\/www.europesays.com\/fr\/234010\/","title":{"rendered":"\u00ab\u00a0J\u2019ai pu revoir ma famille\u00a0\u00bb, \u00ab\u00a0c\u2019est spectaculaire\u00a0\u00bb\u2026 Ils ont retrouv\u00e9 la vue gr\u00e2ce \u00e0 une \u00ab\u00a0vieille\u00a0\u00bb technique unique en France"},"content":{"rendered":"<p>\n                                                                En mettant au jour une \u00ab\u00a0vieille\u00a0\u00bb technique des ann\u00e9es 1970, Vincent Da\u00efen, chef du service d\u2019ophtalmologie du CHU de Montpellier, redonne la vue \u00e0 des patients qu\u2019un accident ou la maladie, ont rendus aveugles. La vision retrouv\u00e9e peut atteindre dix dixi\u00e8mes. T\u00e9moignanges.\n                            <\/p>\n<p>C\u2019est l\u2019histoire d\u2019un charpentier victime d\u2019un accident du travail qui a v\u00e9cu des ann\u00e9es dans le noir avant<a href=\"https:\/\/www.midilibre.fr\/herault\/montpellier\/\" target=\"_self\" rel=\"nofollow noopener\"> d\u2019\u00eatre op\u00e9r\u00e9 \u00e0 Montpellier.<\/a> <a href=\"https:\/\/www.midilibre.fr\/sante\/\" target=\"_self\" rel=\"nofollow noopener\">Il a dix-dixi\u00e8mes \u00e0 chaque oeil<\/a>.\u00a0\u00ab\u00a0Je faisais des travaux, j\u2019ai re\u00e7u un jet d\u2019acide chlorhydrique dans les deux yeux. La corn\u00e9e s\u2019est compl\u00e8tement opacifi\u00e9e au bout de six, sept mois, j\u2019ai fait une greffe qui n\u2019a pas tenu. Apr\u00e8s l\u2019intervention au CHU de Montpellier, j\u2019ai retrouv\u00e9 un certain niveau de vision\u00a0: je percevais le contour des meubles, je voyais les fen\u00eatres, la couleur des fauteuils de ma chambre\u2026 D\u00e8s le lendemain, j\u2019ai commenc\u00e9 \u00e0 apercevoir les arbres \u00e0 l\u2019ext\u00e9rieur depuis la fen\u00eatre de ma chambre d\u2019h\u00f4pital, je voyais les v\u00e9hicules passer dans la rue\u2026 Pour ce qui est des actes du quotidien, j\u2019ai aujourd\u2019hui une autonomie \u00e0 quasi 100\u00a0%. Je peux aller me promener seul dans mon jardin, faire la cuisine. C\u2019est spectaculaire. \u00ab\u00a0<\/p>\n<p>\u00ab\u00a0Ma ville a \u00e9norm\u00e9ment chang\u00e9\u00a0!\u00a0\u00bb<\/p>\n<p>L\u2019intervention a aussi chang\u00e9 la vie de monsieur R., le premier patient qu\u2019a op\u00e9r\u00e9 il y a deux ans, le chef du service d\u2019ophtalmologie du CHU de Montpellier, Vincent Da\u00efen.\u00a0\u00ab\u00a0J\u2019ai pu revoir ma famille, et je commence \u00e0 faire connaissance avec ma ville qui a \u00e9norm\u00e9ment chang\u00e9\u00a0!\u00a0\u00bb, t\u00e9moigne, quant \u00e0 elle, une septuag\u00e9naire qui n\u2019avait pas vu sa famille depuis trente ans, dans un petit film d\u00e9pos\u00e9 sur la cha\u00eene youtube du m\u00e9decin.<\/p>\n<\/p>\n<p>                    <img decoding=\"async\" class=\"responsive-img\" src=\"https:\/\/www.europesays.com\/fr\/wp-content\/uploads\/2025\/07\/1751939830_156_hqdefault.jpg\"\/><br \/>\n                <a class=\"stretched-link\" href=\"#paywall\" rel=\"js-anchor\"><\/p>\n<p>        <\/a><\/p>\n<p>Dylan Vas attend, lui, une intervention depuis plus de dix ans. Il a m\u00eame cr\u00e9\u00e9 <a href=\"https:\/\/www.facebook.com\/dylansyndromedelyell\/?locale=fr_FR\" target=\"_self\" rel=\"nofollow noopener\">une association pour partir se faire op\u00e9rer \u00e0 l\u2019\u00e9tranger<\/a>. Avant que le professeur Da\u00efen, qui l\u2019a connu adolescent, ne se lance \u00e0 son tour\u00a0: \u00ab\u00a0Il me suit depuis que j\u2019ai 12 ans\u00a0\u00bb, depuis que le syndrome de Lyell a mis fin \u00e0 l\u2019insouciance de l\u2019enfance, sans raison \u00e9vidente. Dylan \u00ab\u00a0a pass\u00e9 un mois et demi au service des grands br\u00fbl\u00e9s de Lapeyronie, entre la vie et la mort\u00a0\u00bb.<\/p>\n<p>Impatient \u00e0 la perspective d'\u00a0\u00bbouvrir les yeux\u00a0\u00bb<\/p>\n<p>\u00ab\u00a0Je n\u2019ai pas pris de m\u00e9dicaments, mais j\u2019ai v\u00e9cu trois d\u00e9c\u00e8s difficiles en quelques mois, et des chocs \u00e9motionnels peuvent d\u00e9clencher la maladie\u00a0\u00bb, explique le patient, qui ne \u00ab\u00a0s\u2019est jamais arr\u00eat\u00e9 de vivre\u00a0\u00bb et \u00ab\u00a0jamais laiss\u00e9 abattre\u00a0\u00bb\u00a0: \u00ab\u00a0J\u2019ai fait des \u00e9tudes\u00a0et je fais une formation de praticien de massages bien-\u00eatre. J\u2019avais une m\u00e9moire tr\u00e8s visuelle, maintenant, c\u2019est la peau qui me sert de capteur\u00a0\u00bb, explique l\u2019H\u00e9raultais, impatient \u00e0 la perspective d'\u00a0\u00bbouvrir les yeux\u00a0\u00bb.<\/p>\n<p>        <img decoding=\"async\" class=\"std-img__img responsive-img\" src=\"https:\/\/www.europesays.com\/fr\/wp-content\/uploads\/2025\/07\/1751939833_594_image.jpg\" alt=\"Vincent Da\u00efen, chef du service d\u2019ophtalmologie du CHU de Montpellier.\"\/><\/p>\n<p>                Vincent Da\u00efen, chef du service d\u2019ophtalmologie du CHU de Montpellier.<br \/>\n                                    Midi Libre &#8211; SYLVIE CAMBON<\/p>\n<p>\u00ab\u00a0Le monde a chang\u00e9, en douze ans. Mon fr\u00e8re et ma s\u0153ur avaient 4 et 6 ans, ils en ont 17 et 18 aujourd\u2019hui. Moi, j\u2019\u00e9tais un adolescent potel\u00e9. Je ne vais plus me reconna\u00eetre\u00a0! \u00c7a va \u00eatre magique, \u00e7a me fait un peu peur. Je vais entamer une troisi\u00e8me vie, apr\u00e8s une premi\u00e8re avant mes 12 ans\u00a0et celle qui a suivi jusqu\u2019\u00e0 aujourd\u2019hui\u00a0\u00bb, t\u00e9moigne encore le Frontignanais, qui n\u2019exclut pas un r\u00e9sultat imparfait\u00a0: \u00ab\u00a0Si \u00e7a ne marche pas, je ne veux pas \u00eatre trop d\u00e9\u00e7u\u00a0\u00bb. \u00ab\u00a0On a eu un r\u00e9sultat d\u00e9cevant, chez une personne qui n\u2019avait pas un nerf optique de bonne qualit\u00e9. Mais on va tout faire pour que \u00e7a marche\u00a0\u00bb, l\u2019encourage Vincent Da\u00ebn.<\/p>\n","protected":false},"excerpt":{"rendered":"En mettant au jour une \u00ab\u00a0vieille\u00a0\u00bb technique des ann\u00e9es 1970, Vincent Da\u00efen, chef du service d\u2019ophtalmologie du CHU&hellip;\n","protected":false},"author":2,"featured_media":234011,"comment_status":"","ping_status":"","sticky":false,"template":"","format":"standard","meta":{"footnotes":""},"categories":[10],"tags":[1011,27,72,71],"class_list":{"0":"post-234010","1":"post","2":"type-post","3":"status-publish","4":"format-standard","5":"has-post-thumbnail","7":"category-sante","8":"tag-fr","9":"tag-france","10":"tag-health","11":"tag-sante"},"share_on_mastodon":{"url":"https:\/\/pubeurope.com\/@fr\/114815136442842939","error":""},"_links":{"self":[{"href":"https:\/\/www.europesays.com\/fr\/wp-json\/wp\/v2\/posts\/234010","targetHints":{"allow":["GET"]}}],"collection":[{"href":"https:\/\/www.europesays.com\/fr\/wp-json\/wp\/v2\/posts"}],"about":[{"href":"https:\/\/www.europesays.com\/fr\/wp-json\/wp\/v2\/types\/post"}],"author":[{"embeddable":true,"href":"https:\/\/www.europesays.com\/fr\/wp-json\/wp\/v2\/users\/2"}],"replies":[{"embeddable":true,"href":"https:\/\/www.europesays.com\/fr\/wp-json\/wp\/v2\/comments?post=234010"}],"version-history":[{"count":0,"href":"https:\/\/www.europesays.com\/fr\/wp-json\/wp\/v2\/posts\/234010\/revisions"}],"wp:featuredmedia":[{"embeddable":true,"href":"https:\/\/www.europesays.com\/fr\/wp-json\/wp\/v2\/media\/234011"}],"wp:attachment":[{"href":"https:\/\/www.europesays.com\/fr\/wp-json\/wp\/v2\/media?parent=234010"}],"wp:term":[{"taxonomy":"category","embeddable":true,"href":"https:\/\/www.europesays.com\/fr\/wp-json\/wp\/v2\/categories?post=234010"},{"taxonomy":"post_tag","embeddable":true,"href":"https:\/\/www.europesays.com\/fr\/wp-json\/wp\/v2\/tags?post=234010"}],"curies":[{"name":"wp","href":"https:\/\/api.w.org\/{rel}","templated":true}]}}