{"id":234016,"date":"2025-07-08T02:00:20","date_gmt":"2025-07-08T02:00:20","guid":{"rendered":"https:\/\/www.europesays.com\/fr\/234016\/"},"modified":"2025-07-08T02:00:20","modified_gmt":"2025-07-08T02:00:20","slug":"apple-fait-marche-arriere-sur-leffet-liquid-glass","status":"publish","type":"post","link":"https:\/\/www.europesays.com\/fr\/234016\/","title":{"rendered":"Apple fait marche arri\u00e8re sur l&rsquo;effet Liquid Glass"},"content":{"rendered":"<p>Trop de transparence nuit parfois : Apple l\u2019apprend \u00e0 ses d\u00e9pens avec iOS 26. La troisi\u00e8me b\u00eata d\u00e9veloppeur abandonne les exc\u00e8s de Liquid Glass au profit d\u2019une interface plus lisible, suite aux plaintes d\u2019utilisateurs.<\/p>\n<p><a target=\"_blank\" href=\"https:\/\/images.frandroid.com\/wp-content\/uploads\/2025\/06\/apple-liquid-glass-ios-26-10-scaled.jpg\" class=\"article-content__figure\" rel=\"noopener\"><img fetchpriority=\"high\" decoding=\"async\" loading=\"eager\" width=\"1200\" height=\"675\" src=\"https:\/\/www.europesays.com\/fr\/wp-content\/uploads\/2025\/07\/apple-liquid-glass-ios-26-10-scaled.jpg\" alt=\"\" class=\"wp-image-2641949 wp-image wp-image\"  \/><\/a>L\u2019interface Liquid Glass d\u2019Apple \/\/ Source : capture Frandroid<\/p>\n<p>Apple corrige le tir. La troisi\u00e8me b\u00eata d\u00e9veloppeur d\u2019iOS 26, d\u00e9ploy\u00e9e lundi 7 juin, att\u00e9nue significativement l\u2019effet \u00ab\u00a0Liquid Glass\u00a0\u00bb apr\u00e8s les plaintes d\u2019utilisateurs sur la lisibilit\u00e9. Apple cherche encore le bon \u00e9quilibre pour son nouveau langage de design.<\/p>\n<p>Quand la transparence devient probl\u00e9matique<\/p>\n<p>Le concept <a href=\"https:\/\/www.frandroid.com\/marques\/apple\/2641769_apple-revolutionne-linterface-de-liphone-et-du-mac-voici-les-premieres-images\" target=\"_blank\" rel=\"noopener\">Liquid Glass<\/a>, d\u00e9voil\u00e9 lors de la WWDC 2025, promettait de r\u00e9volutionner l\u2019interface iOS en s\u2019inspirant des propri\u00e9t\u00e9s optiques du verre r\u00e9el. R\u00e9fraction lumineuse, translucidit\u00e9, effets visuels sophistiqu\u00e9s : Apple misait gros sur cette esth\u00e9tique futuriste.<\/p>\n<p class=\"shortcode-container see-more\">\n    Pour aller plus loin<br \/><a href=\"https:\/\/www.frandroid.com\/marques\/apple\/2642433_liquid-glass-partout-apple-unifie-enfin-son-ecosysteme-mais-a-quel-prix\" target=\"_blank\" rel=\"noopener\">Liquid Glass partout : Apple unifie enfin son \u00e9cosyst\u00e8me\u2026 mais \u00e0 quel prix ?<\/a>\n            <\/p>\n<p>Mais la th\u00e9orie s\u2019est heurt\u00e9e \u00e0 la r\u00e9alit\u00e9 d\u2019usage. Les premi\u00e8res b\u00eatas d\u2019iOS 26 ont rapidement r\u00e9v\u00e9l\u00e9 les limites de cette approche ultra-transparente. Le Centre de contr\u00f4le devenait si translucide que les ic\u00f4nes de l\u2019\u00e9cran d\u2019accueil transparaissaient, cr\u00e9ant un chaos visuel impossible \u00e0 d\u00e9chiffrer.<\/p>\n<p class=\"shortcode-container see-more\">\n    Pour aller plus loin<br \/><a href=\"https:\/\/www.frandroid.com\/marques\/apple\/2642917_ce-qui-cloche-avec-liquid-glass-deja-un-gros-probleme-pour-ios-26\" target=\"_blank\" rel=\"noopener\">Ce qui cloche avec Liquid Glass : d\u00e9j\u00e0 un gros probl\u00e8me pour iOS 26<\/a>\n            <\/p>\n<p>Apple Music n\u2019\u00e9tait pas \u00e9pargn\u00e9 non plus. Sa barre de navigation laissait filtrer l\u2019arri\u00e8re-plan, ce qui n\u2019\u00e9tait pas top pour la lisibilit\u00e9 des commandes. <\/p>\n<p>Retour vers plus de lisibilit\u00e9<\/p>\n<p>La b\u00eata 3 permet donc \u00e0 Apple de revoir son approche. Fini le tout-transparent : la firme opte pour des ajustements cibl\u00e9s qui privil\u00e9gient l\u2019utilisabilit\u00e9.<\/p>\n<p><a target=\"_blank\" href=\"https:\/\/www.europesays.com\/fr\/wp-content\/uploads\/2025\/07\/image-21.jpg\" class=\"article-content__figure\"><img loading=\"lazy\" decoding=\"async\" width=\"890\" height=\"964\" src=\"https:\/\/www.europesays.com\/fr\/wp-content\/uploads\/2025\/07\/image-21.jpg\" alt=\"\" class=\"wp-image-2725341 wp-image\"  \/><\/a><\/p>\n<p>Dans Apple Music, la barre de navigation abandonne sa transparence au profit d\u2019un blanc uni. Plus classique, certes, mais infiniment plus fonctionnel. Les notifications suivent la m\u00eame logique : l\u2019arri\u00e8re-plan derri\u00e8re le texte s\u2019assombrit pour augmenter le contraste et faciliter la lecture.<\/p>\n<p><a target=\"_blank\" href=\"https:\/\/www.europesays.com\/fr\/wp-content\/uploads\/2025\/07\/image-21-1.jpg\" class=\"article-content__figure\"><img loading=\"lazy\" decoding=\"async\" width=\"890\" height=\"964\" src=\"https:\/\/www.europesays.com\/fr\/wp-content\/uploads\/2025\/07\/image-21-1.jpg\" alt=\"\" class=\"wp-image-2725343 wp-image\"  \/><\/a><\/p>\n<p>Ces changements r\u00e9pondent directement aux retours n\u00e9gatifs des d\u00e9veloppeurs et testeurs. <\/p>\n<p>La qu\u00eate du juste milieu<\/p>\n<p>Ironie de la situation : certains utilisateurs trouvent maintenant qu\u2019Apple en fait trop dans le sens inverse. Le retour vers une esth\u00e9tique \u00ab\u00a0verre d\u00e9poli\u00a0\u00bb plus traditionnelle d\u00e9\u00e7oit ceux qui appr\u00e9ciaient Liquid Glass.<\/p>\n<p>L\u2019enjeu d\u00e9passe la simple pr\u00e9f\u00e9rence visuelle. Une interface illisible peut exclure certains utilisateurs, notamment ceux souffrant de troubles visuels. Apple, champion de l\u2019accessibilit\u00e9 technologique, ne peut se permettre de reculer sur ce terrain.<\/p>\n<p>Un processus b\u00eata qui fonctionne<\/p>\n<p>Ces ajustements rappellent l\u2019importance fondamentale du programme b\u00eata d\u00e9veloppeur. Contrairement aux versions finales, ces versions permettent d\u2019identifier et corriger les probl\u00e8mes avant le d\u00e9ploiement grand public pr\u00e9vu cet automne.<\/p>\n<p>Apple dispose encore de plusieurs semaines pour peaufiner Liquid Glass. L\u2019objectif : trouver le point d\u2019\u00e9quilibre parfait. Chaque application, chaque \u00e9cran n\u00e9cessite probablement un dosage sp\u00e9cifique de transparence.<\/p>\n<p>iOS 26 b\u00eata 3 introduit aussi des nouveaut\u00e9s. Apple enrichit notamment sa collection de fonds d\u2019\u00e9cran avec quatre nouvelles variantes de l\u2019arri\u00e8re-plan par d\u00e9faut. <\/p>\n<p><a target=\"_blank\" href=\"https:\/\/images.frandroid.com\/wp-content\/uploads\/2025\/07\/image-21-2.jpg\" class=\"article-content__figure\" rel=\"noopener\"><img loading=\"lazy\" decoding=\"async\" width=\"1200\" height=\"600\" src=\"https:\/\/www.europesays.com\/fr\/wp-content\/uploads\/2025\/07\/image-21-2-1200x600.jpg\" alt=\"\" class=\"wp-image-2725345 wp-image\"  \/><\/a><\/p>\n<p>Exit la seule version bleue des pr\u00e9c\u00e9dentes b\u00eatas : les utilisateurs peuvent d\u00e9sormais choisir entre \u00ab\u00a0Ombre\u00a0\u00bb, \u00ab\u00a0Ciel\u00a0\u00bb, \u00ab\u00a0Halo\u00a0\u00bb et surtout \u00ab\u00a0Dusk\u00a0\u00bb.<\/p>\n<p>Enfin, les d\u00e9veloppeurs ne profiteront plus longtemps seuls d\u2019iOS 26. Apple devrait lancer la premi\u00e8re b\u00eata publique dans quelques jours.<\/p>\n","protected":false},"excerpt":{"rendered":"Trop de transparence nuit parfois : Apple l\u2019apprend \u00e0 ses d\u00e9pens avec iOS 26. La troisi\u00e8me b\u00eata d\u00e9veloppeur&hellip;\n","protected":false},"author":2,"featured_media":234017,"comment_status":"","ping_status":"","sticky":false,"template":"","format":"standard","meta":{"footnotes":""},"categories":[7],"tags":[37279,1011,27,28923,43,40,41,39,42,44],"class_list":{"0":"post-234016","1":"post","2":"type-post","3":"status-publish","4":"format-standard","5":"has-post-thumbnail","7":"category-sciences-et-technologies","8":"tag-apple-liquid-glass","9":"tag-fr","10":"tag-france","11":"tag-ios-26","12":"tag-science","13":"tag-science-and-technology","14":"tag-sciences","15":"tag-sciences-et-technologies","16":"tag-technologies","17":"tag-technology"},"share_on_mastodon":{"url":"https:\/\/pubeurope.com\/@fr\/114815148098190429","error":""},"_links":{"self":[{"href":"https:\/\/www.europesays.com\/fr\/wp-json\/wp\/v2\/posts\/234016","targetHints":{"allow":["GET"]}}],"collection":[{"href":"https:\/\/www.europesays.com\/fr\/wp-json\/wp\/v2\/posts"}],"about":[{"href":"https:\/\/www.europesays.com\/fr\/wp-json\/wp\/v2\/types\/post"}],"author":[{"embeddable":true,"href":"https:\/\/www.europesays.com\/fr\/wp-json\/wp\/v2\/users\/2"}],"replies":[{"embeddable":true,"href":"https:\/\/www.europesays.com\/fr\/wp-json\/wp\/v2\/comments?post=234016"}],"version-history":[{"count":0,"href":"https:\/\/www.europesays.com\/fr\/wp-json\/wp\/v2\/posts\/234016\/revisions"}],"wp:featuredmedia":[{"embeddable":true,"href":"https:\/\/www.europesays.com\/fr\/wp-json\/wp\/v2\/media\/234017"}],"wp:attachment":[{"href":"https:\/\/www.europesays.com\/fr\/wp-json\/wp\/v2\/media?parent=234016"}],"wp:term":[{"taxonomy":"category","embeddable":true,"href":"https:\/\/www.europesays.com\/fr\/wp-json\/wp\/v2\/categories?post=234016"},{"taxonomy":"post_tag","embeddable":true,"href":"https:\/\/www.europesays.com\/fr\/wp-json\/wp\/v2\/tags?post=234016"}],"curies":[{"name":"wp","href":"https:\/\/api.w.org\/{rel}","templated":true}]}}