{"id":234020,"date":"2025-07-08T02:02:19","date_gmt":"2025-07-08T02:02:19","guid":{"rendered":"https:\/\/www.europesays.com\/fr\/234020\/"},"modified":"2025-07-08T02:02:19","modified_gmt":"2025-07-08T02:02:19","slug":"sur-la-scene-internationale-le-nouveau-role-de-figurant-demmanuel-macron-mediapart","status":"publish","type":"post","link":"https:\/\/www.europesays.com\/fr\/234020\/","title":{"rendered":"Sur la sc\u00e8ne internationale, le nouveau r\u00f4le de figurant d\u2019Emmanuel Macron &#8211; Mediapart"},"content":{"rendered":"<ol>\n<li><a href=\"https:\/\/news.google.com\/rss\/articles\/CBMixgFBVV95cUxPWFFlaGdPZEx6R0J2c3lGVThrVGJNQlFhUk90ODU1dXhHUVFvNHhuUUdhdmlUbm1EOUw0ZFYxNFo3UGMwb1FjQ053Qk8tVG41Q2EtZHE1VGNpNDhsXzRsMDRjYVJhZ0U2M3JLNV9ZMkplTThQdWpac0xOSloydzZQOGdoTTVJR2htR244eG0xanJMRm90NUZGMjI0Tlg3MmF0cmRLV0x4WHF5dmYzaWNNeXdxRndBTU53YWFMbzlsWU1ZcFBSVEE?oc=5\" target=\"_blank\" rel=\"noopener\">Sur la sc\u00e8ne internationale, le nouveau r\u00f4le de figurant d\u2019Emmanuel Macron<\/a>&nbsp;&nbsp;Mediapart<\/li>\n<li><a href=\"https:\/\/news.google.com\/rss\/articles\/CBMitAFBVV95cUxQbWplXzNWOE40QXl5Wm9xSEgwOXhDVVZldkxoVVJFcHdVeHd6OG1iQTNsdlU3OFBhVkxCc0Nua294ZzhzVERlWXdtRTYwZnZsLWZrcVZtVmNJTXpjcVU4VlhyLUZFZktlOFN0T0xlU2ctNDZPWld1UXlGQm8tQmdrd1h4VGlvbUtaZHQ1NzVrRkdOWWNxdWplSTltOXFqWnhvdUxXQ2NQY2tBV3RrUzhkSFZaUW4?oc=5\" target=\"_blank\" rel=\"noopener\">Alg\u00e9rie, Iran, Gaza, Ukraine : la diplomatie de l\u2019Elys\u00e9e tourne \u00e0 fond, mais \u00e0 vide<\/a>&nbsp;&nbsp;l&rsquo;Opinion<\/li>\n<li><a href=\"https:\/\/news.google.com\/rss\/articles\/CBMi2gFBVV95cUxNbDg1OVk5TWRUMFJjZ21LWElpNHlyZ01yOFIzR0VybUxJcExQQzNUeEZ4NV8tZm1kLUdSSEJ1dEtSTkVDbTc2TG5CMGM3YnlFQV9DTmxCN3pNUXhHdGZXSWJueExlTWVFTmJxTTJ4YWZUZkdlRVlpTW9XdElUb01tZ3BxSXMyX3Iwc0g5ckVDeTBxeUcxMmlONnRCVXlwSHdBV3diYUZfU3FPbFh0aHQ3eXEtVzRIa1ZkLU9RX2RwWncyUldLeWE3RXNOWkwtSXRmczR2RGFuMDVvdw?oc=5\" target=\"_blank\" rel=\"noopener\">\u00abIl a cr\u00e9\u00e9 le vide\u00bb : le journaliste \u00c9tienne Campion explique comment Emmanuel Macron \u00abs&rsquo;est isol\u00e9 peu \u00e0 peu\u00bb<\/a>&nbsp;&nbsp;europe1.fr<\/li>\n<li><a href=\"https:\/\/news.google.com\/rss\/articles\/CBMitwFBVV95cUxQOXplX3N1bWRmbHZpMF80aG5aZ1pMenVrZEFmVmdNcEJERnM5SWw1VFdGTW1ZMmpsUmVpcXpGSGhCRlYtdGNneG0xaHl5c3JhMVVxRmR1ZU10c0had3puQWV4cWtsZFc1NlNUR0ZXTE5idmdhMG9NS0tld1pXM3A5YzdqelFrYy1vLVdRdmFvVU1pZ3A0cTFTUzZEakhLZkp2LVI0X21kdVk2MmhpOFBjNjNNVGtVdTA?oc=5\" target=\"_blank\" rel=\"noopener\">Podcast: Diplomatie, finances publiques, politique \u00e9nerg\u00e9tique: E. Macron cumule les \u00e9checs<\/a>&nbsp;&nbsp;Causeur<\/li>\n<li><a href=\"https:\/\/news.google.com\/rss\/articles\/CBMirgFBVV95cUxOU0N0TWlOMDVRdUhtOG1MVW9sYkR0RDM5elQwUF8wSWdwTDh1SHlXaUNDYXJMRTU2QUVmQjRBa1g2VG9qYnZnbjRxWXJXdk5ZU052dU5ERms1RGU0bGNkdGFzSWRaZUlNWWZwbnZmamRyUDZOcHBtbDBtdld5V2duRUxCdnJCd3huM1hjeE44VlgyZFY1eE5WcEJya0hoM1A2aGs1X0c5LW1GSHJRMHc?oc=5\" target=\"_blank\" rel=\"noopener\">L\u2019interminable cr\u00e9puscule d\u2019Emmanuel Macron<\/a>&nbsp;&nbsp;Courrier international<\/li>\n<\/ol>\n","protected":false},"excerpt":{"rendered":"Sur la sc\u00e8ne internationale, le nouveau r\u00f4le de figurant d\u2019Emmanuel Macron&nbsp;&nbsp;Mediapart Alg\u00e9rie, Iran, Gaza, Ukraine : la diplomatie&hellip;\n","protected":false},"author":2,"featured_media":234021,"comment_status":"","ping_status":"","sticky":false,"template":"","format":"standard","meta":{"footnotes":""},"categories":[5],"tags":[11,15,3939,1073,1011,27,5106,14,12,3518,28],"class_list":{"0":"post-234020","1":"post","2":"type-post","3":"status-publish","4":"format-standard","5":"has-post-thumbnail","7":"category-international","8":"tag-actualites","9":"tag-algerie","10":"tag-defense-et-diplomatie","11":"tag-emmanuel-macron","12":"tag-fr","13":"tag-france","14":"tag-guerre-au-proche-orient","15":"tag-international","16":"tag-news","17":"tag-palestine","18":"tag-world"},"share_on_mastodon":{"url":"https:\/\/pubeurope.com\/@fr\/114815155835642487","error":""},"_links":{"self":[{"href":"https:\/\/www.europesays.com\/fr\/wp-json\/wp\/v2\/posts\/234020","targetHints":{"allow":["GET"]}}],"collection":[{"href":"https:\/\/www.europesays.com\/fr\/wp-json\/wp\/v2\/posts"}],"about":[{"href":"https:\/\/www.europesays.com\/fr\/wp-json\/wp\/v2\/types\/post"}],"author":[{"embeddable":true,"href":"https:\/\/www.europesays.com\/fr\/wp-json\/wp\/v2\/users\/2"}],"replies":[{"embeddable":true,"href":"https:\/\/www.europesays.com\/fr\/wp-json\/wp\/v2\/comments?post=234020"}],"version-history":[{"count":0,"href":"https:\/\/www.europesays.com\/fr\/wp-json\/wp\/v2\/posts\/234020\/revisions"}],"wp:featuredmedia":[{"embeddable":true,"href":"https:\/\/www.europesays.com\/fr\/wp-json\/wp\/v2\/media\/234021"}],"wp:attachment":[{"href":"https:\/\/www.europesays.com\/fr\/wp-json\/wp\/v2\/media?parent=234020"}],"wp:term":[{"taxonomy":"category","embeddable":true,"href":"https:\/\/www.europesays.com\/fr\/wp-json\/wp\/v2\/categories?post=234020"},{"taxonomy":"post_tag","embeddable":true,"href":"https:\/\/www.europesays.com\/fr\/wp-json\/wp\/v2\/tags?post=234020"}],"curies":[{"name":"wp","href":"https:\/\/api.w.org\/{rel}","templated":true}]}}