{"id":234022,"date":"2025-07-08T02:03:10","date_gmt":"2025-07-08T02:03:10","guid":{"rendered":"https:\/\/www.europesays.com\/fr\/234022\/"},"modified":"2025-07-08T02:03:10","modified_gmt":"2025-07-08T02:03:10","slug":"au-parlement-europeen-une-motion-de-censure-met-en-lumiere-lincurie-dursula-von-der-leyen-mediapart","status":"publish","type":"post","link":"https:\/\/www.europesays.com\/fr\/234022\/","title":{"rendered":"Au Parlement europ\u00e9en, une motion de censure met en lumi\u00e8re l\u2019incurie d\u2019Ursula von der Leyen &#8211; Mediapart"},"content":{"rendered":"<ol>\n<li><a href=\"https:\/\/news.google.com\/rss\/articles\/CBMi3gFBVV95cUxPcWJGem1JeUpWYVlTc3VxSmF5eXpoNHNwSENpVG5GSWNzeVdyeEdEdmVrNVl5eWhzYTd4REFRWTV2UjBvY1FDQmtfNTFJNW9relU3M1YwUS1HVjA4bmdYVHFkejlhaXBVQzYzZWhTYlhnX3RJUUhQbGhBb1RRcjVBRkpBbTdtQ0FCSkw3LUwtRU1iSGFzSjItY3FwN09RbExORG5PRnFDWklzQk9laTd5QUp1ZkE3OGY2YWYwWUdkdWRxelZabkN1ZEJBanhsSXFWNXhaLU82REIyM1F3X3c?oc=5\" target=\"_blank\" rel=\"nofollow noopener\">Au Parlement europ\u00e9en, une motion de censure met en lumi\u00e8re l\u2019incurie d\u2019Ursula von der Leyen<\/a>&nbsp;&nbsp;Mediapart<\/li>\n<li><a href=\"https:\/\/news.google.com\/rss\/articles\/CBMi1wFBVV95cUxPa0lWZ2dBbUFvY0NuMGlGNTFabXY5dWVxX0JWRG42Qkt0Rjg0QUxTbkdWQTVPemh0VXlfTUM3VnhGb0JtUzI2ZC05T1hHc0hzYkd3TTJ4cWphTHIxUU1mWFAyN1B0RWVNcVlIWnRySFNRMENfT1FUeUFTZnNSSjJ1YW5SYXpNQ1Q3SlNWby1VV0t0dzI4Y1VjNXNCZF9HU05VZ0hIVzhPQUpacmd4ZlRZT1VtRm5Qc3ZfME1XRnVhV3loa3ozYklmcXd2cGdDS2kyVGZCcVVfaw?oc=5\" target=\"_blank\" rel=\"nofollow noopener\">Une motion contre Von der Leyen r\u00e9v\u00e8le au grand jour le malaise politique du Parlement europ\u00e9en<\/a>&nbsp;&nbsp;Les Echos<\/li>\n<li><a href=\"https:\/\/news.google.com\/rss\/articles\/CBMi3gFBVV95cUxQRUpSS3RGWGJjSG56N3VRRzlaUjQ2Q29GYXNGRExFRF9vaVk3RmFuN205b0dVa3lMRkVIT2xOOS1Db0gxUFBJR1VZUlk1eEd5TzFyd2RpVmdDM3gzZHYxOENEX0ZCeWxoMXdnWWRGTXdOeDRNU3pMMm5tRXFtaVZWMlNudWg0V3B0dE9xY0xvQlA3djdmUGtpN2Nta3I3ZlFYOFBaWTFKRHZXQmpkNGIxUFV5ejhRQU1JM19Jc3JmWEZsTE9FVTQ3VUhvOTJFdFhxa2gtaGplNTM2RFVkQ0E?oc=5\" target=\"_blank\" rel=\"nofollow noopener\">Commission europ\u00e9enne: Ursula von der Leyen, cible d&rsquo;attaques et de critiques<\/a>&nbsp;&nbsp;BFMTV<\/li>\n<li><a href=\"https:\/\/news.google.com\/rss\/articles\/CBMivAFBVV95cUxNUWlwRnpiTGpqbjFGSkJiOEZ5ZlM4N1V6dWY5djhBYWVOM2l0b3Y5VzlIMG9mWVdHV0lxWktzWmR1UGpRSGxPUDlESWEzdEJRdl96QVJEWFhDY09rMFRtRlk4X2xhWUdfbThSM1NuUjNzaElKVHRsZE0zTVNIS2sxMUdZN0xRZDRVOS1rbW1MRG4wYl9FZ05vVDVSSGE1V0FUbXRkY0JUU3hYU25zcUZ0UnlBaE5sZXFRQldIaA?oc=5\" target=\"_blank\" rel=\"nofollow noopener\">Pourquoi Ursula von der Leyen est vis\u00e9e par une motion de censure<\/a>&nbsp;&nbsp;Le Point<\/li>\n<li><a href=\"https:\/\/news.google.com\/rss\/articles\/CBMixAFBVV95cUxNRHhZakJ3U0laeXZmMEtTVHMxZmhOZkZnbzNuSUo5MTdVUkRBbzFFd2lXeDFjbDd0QzY2eXhodlBTSktqSmtESjZLNEwtRERBRnhCaDFUM3Btc0RpdGFlS0N3Ykk2NTRHUzV4a0o1YVk2VUpvd054amlqcVd3dk9WbmliNlZnc2M1SlFuaFNycmh0RW43b3Izc0Q4a2s3QVZ0Tzg4Q2VPSDBXb1REa0RUUGNPSWFEVGxUTHhqTEFIZWFzZEt6?oc=5\" target=\"_blank\" rel=\"nofollow noopener\">Face \u00e0 une motion de censure, Ursula von der Leyen d\u00e9nonce les \u00ab\u00a0marionnettes russes\u00a0\u00bb<\/a>&nbsp;&nbsp;Euronews.com<\/li>\n<\/ol>\n","protected":false},"excerpt":{"rendered":"Au Parlement europ\u00e9en, une motion de censure met en lumi\u00e8re l\u2019incurie d\u2019Ursula von der Leyen&nbsp;&nbsp;Mediapart Une motion contre&hellip;\n","protected":false},"author":2,"featured_media":234023,"comment_status":"","ping_status":"","sticky":false,"template":"","format":"standard","meta":{"footnotes":""},"categories":[4],"tags":[11,2196,674,1011,27,12,25,2544],"class_list":{"0":"post-234022","1":"post","2":"type-post","3":"status-publish","4":"format-standard","5":"has-post-thumbnail","7":"category-france","8":"tag-actualites","9":"tag-commission-europeenne","10":"tag-europe","11":"tag-fr","12":"tag-france","13":"tag-news","14":"tag-republique-francaise","15":"tag-ursula-von-der-leyen"},"share_on_mastodon":{"url":"https:\/\/pubeurope.com\/@fr\/114815159711195681","error":""},"_links":{"self":[{"href":"https:\/\/www.europesays.com\/fr\/wp-json\/wp\/v2\/posts\/234022","targetHints":{"allow":["GET"]}}],"collection":[{"href":"https:\/\/www.europesays.com\/fr\/wp-json\/wp\/v2\/posts"}],"about":[{"href":"https:\/\/www.europesays.com\/fr\/wp-json\/wp\/v2\/types\/post"}],"author":[{"embeddable":true,"href":"https:\/\/www.europesays.com\/fr\/wp-json\/wp\/v2\/users\/2"}],"replies":[{"embeddable":true,"href":"https:\/\/www.europesays.com\/fr\/wp-json\/wp\/v2\/comments?post=234022"}],"version-history":[{"count":0,"href":"https:\/\/www.europesays.com\/fr\/wp-json\/wp\/v2\/posts\/234022\/revisions"}],"wp:featuredmedia":[{"embeddable":true,"href":"https:\/\/www.europesays.com\/fr\/wp-json\/wp\/v2\/media\/234023"}],"wp:attachment":[{"href":"https:\/\/www.europesays.com\/fr\/wp-json\/wp\/v2\/media?parent=234022"}],"wp:term":[{"taxonomy":"category","embeddable":true,"href":"https:\/\/www.europesays.com\/fr\/wp-json\/wp\/v2\/categories?post=234022"},{"taxonomy":"post_tag","embeddable":true,"href":"https:\/\/www.europesays.com\/fr\/wp-json\/wp\/v2\/tags?post=234022"}],"curies":[{"name":"wp","href":"https:\/\/api.w.org\/{rel}","templated":true}]}}