{"id":234034,"date":"2025-07-08T02:10:12","date_gmt":"2025-07-08T02:10:12","guid":{"rendered":"https:\/\/www.europesays.com\/fr\/234034\/"},"modified":"2025-07-08T02:10:12","modified_gmt":"2025-07-08T02:10:12","slug":"jetais-loin-dimaginer-qua-39-ans-je-continuerais-tete-daffiche-de-la-tournee-la-kermesse-a-nice-et-la-seyne-shym-se-confie-sur-ses-projets","status":"publish","type":"post","link":"https:\/\/www.europesays.com\/fr\/234034\/","title":{"rendered":"\u00ab\u00a0J&rsquo;\u00e9tais loin d\u2019imaginer qu\u2019\u00e0 39 ans je continuerais\u00a0\u00bb: t\u00eate d\u2019affiche de la tourn\u00e9e La Kermesse \u00e0 Nice et La Seyne, Shy\u2019m se confie sur ses projets"},"content":{"rendered":"<p>Dimanche, c\u2019est elle qui a conclu la deuxi\u00e8me soir\u00e9e de La Kermesse Festival. Au Th\u00e9\u00e2tre de Verdure de Nice, Shy\u2019m a d\u00e9couvert le monde de ces tourn\u00e9es nostalgiques o\u00f9 les idoles des ados des 90\u2019s et du d\u00e9but du troisi\u00e8me mill\u00e9naire se retrouvent. Les noms de Willy Denzey, Sla\u00ef, Moussier Tombola, Pep\u2019s et Jessy Matador figuraient aux c\u00f4t\u00e9s du sien. Et mine de rien, \u00e7a lui a fait quelque chose.<\/p>\n<p>\u00ab\u00a0Quand j\u2019ai commenc\u00e9, j\u2019\u00e9tais loin d\u2019imaginer qu\u2019\u00e0 39 ans, je continuerais \u00e0 faire de la musique. C\u2019est une reconnaissance de pouvoir \u00eatre l\u00e0, avec ce sentiment d\u2019avoir marqu\u00e9 une g\u00e9n\u00e9ration\u00a0\u00bb, nous dit-elle, install\u00e9e dans le fauteuil en cuir de sa loge.<\/p>\n<p>\u00ab\u00a0Et alors!\u00a0\u00bb, comme un d\u00e9clic<\/p>\n<p>Depuis Agap\u00e9, sorti en 2019, la native de Trappes, dans les Yvelines, n\u2019a plus sorti d\u2019album. Mais sur Spotify, les compteurs tournent encore pour ses classiques. \u00c0 eux trois, Je sais, Et alors! ainsi que Femme de couleur d\u00e9passent les 56 millions d\u2019\u00e9coutes. En live, d\u2019apr\u00e8s Sh\u2019ym, c\u2019est Et alors! qui embarque le public pour de bon. \u00ab\u00a0C\u2019est une chanson que j\u2019aime \u00e9norm\u00e9ment pour les valeurs que je d\u00e9fends, pour ce que je dis dedans, pour le timing dans lequel elle est arriv\u00e9e. Apr\u00e8s cette mont\u00e9e des marches, avec ce corset Franck Sorbier [lors des NRJ Music Awards 2012, \u00e0 Cannes, elle avait choisi une tenue au bustier presque transparent, qui lui avait valu des critiques, ndlr], c\u2019\u00e9tait une envie de remettre les pendules \u00e0 l\u2019heure. Mon \u00e2me politiquement incorrecte avait envie de s\u2019exprimer. J\u2019\u00e9tais tellement heureuse que cette chanson soit aussi bien accueillie&#8230;\u00a0\u00bb<\/p>\n<p>Ma\u00eetresse de c\u00e9r\u00e9monie en Principaut\u00e9: c\u2019est fait<\/p>\n<p>Le 17 juin dernier, Tamara Marthe avait choisi une autre robe spectaculaire, noire et blanche, pour endosser le r\u00f4le de ma\u00eetresse de c\u00e9r\u00e9monie lors de la cl\u00f4ture du Festival de t\u00e9l\u00e9vision de Monte-Carlo, aux c\u00f4t\u00e9s de l\u2019acteur anglais Ricky Whittle. Un challenge, un de plus.<\/p>\n<p>\u00ab\u00a0C\u2019\u00e9tait tr\u00e8s diff\u00e9rent de ce que j\u2019avais connu jusqu\u2019ici. La seule chose qui pouvait s\u2019en rapprocher, c\u2019\u00e9tait quand j\u2019avais pr\u00e9sent\u00e9 La Nouvelle Star (lors de la saison 13, en 2017). \u00c9videmment, j\u2019avais peur avant de me d\u00e9marrer, comme \u00e0 chaque fois que je dois monter sur une sc\u00e8ne. Mais je me suis sentie \u00e0 l\u2019aise parce qu\u2019on co-animait avec Ricky, qui avait d\u00e9j\u00e0 l\u2019exp\u00e9rience de ces c\u00e9r\u00e9monies. Il est hyper pro, carr\u00e9. On s\u2019est merveilleusement bien entendus.\u00a0\u00bb<\/p>\n<p>Nouveaux titres en approche?<\/p>\n<p>Sans confirmer (ni infirmer) l\u2019arriv\u00e9e prochaine d\u2019un nouveau disque, Shy\u2019m indique avoir pass\u00e9 du temps en studio pour plancher sur de nouvelles chansons. \u00c0 quoi pourraient-elles ressembler? \u00ab\u00a0Je dirais juste qu\u2019elles \u00e9voquent celles que je suis aujourd\u2019hui, avec un quotidien de maman, avec une autre dimension de ce qu\u2019est la vie, de ce qu\u2019est une femme. Au niveau des textures sonores, comme toujours avec moi, il y aura de l\u2019\u00e9clectisme: du R\u2019n\u2019B, de l\u2019\u00e9lectro, de la pop&#8230;\u00a0\u00bb<\/p>\n<p>\u00ab\u00a0Cat\u2019s Eyes\u00a0\u00bb, \u00ab\u00a0Drag Race France\u00a0\u00bb et \u00ab\u00a0Chicago\u00a0\u00bb<\/p>\n<p>La maman du petit Tahoma, 4 ans, qui serait en couple avec un autre chanteur, J\u00e9r\u00e9my Fr\u00e9rot, a largement de quoi s\u2019occuper en ce moment. Ce 10 juillet, on la d\u00e9couvrira en tant que nouveau membre du jury de l\u2019\u00e9mission Drag Race France All Stars, sur France 2. Puis d\u2019ici septembre, comme actrice cette fois, elle bouclera le tournage de la saison 2 de la s\u00e9rie Cat\u2019s Eyes pour TF1.<\/p>\n<p>En octobre? Place aux r\u00e9p\u00e9titions de la com\u00e9die musicale Chicago, dans laquelle elle succ\u00e9dera \u00e0 Sofia Essa\u00efdi, d\u00e8s le mois de novembre au Casino de Paris. \u00ab\u00a0L\u2019histoire est mythique et les personnages sont tr\u00e8s inspirants. Si je ne devais faire qu\u2019une com\u00e9die musicale, ce serait celle-ci! En ce moment, je suis en train de tonifier mon corps, parce que \u00e7a fait un bon moment que je n\u2019ai pas fait de sport. Je prends aussi des cours de chants, parce qu\u2019on est dans un registre diff\u00e9rent de celui de mes chansons. Et il faut rester fid\u00e8le \u00e0 la \u2018\u2018bible\u2019\u2019 de Chicago, qui est jou\u00e9e un peu partout dans le monde depuis longtemps.\u00a0\u00bb<\/p>\n<p>Et les vacances?<\/p>\n<p>Quand on lui demande si un tube de l\u2019\u00e9t\u00e9 a berc\u00e9 sa jeunesse, Shy\u2019m n\u2019h\u00e9site pas une seconde. \u00ab\u00a0Je repense \u00e0 Alane de Wes. C\u2019\u00e9tait incroyable, il avait une voix que j\u2019adorais. Je connaissais la chor\u00e9 par c\u0153ur aussi! a m\u2019a marqu\u00e9e parce que c\u2019\u00e9tait de belles vacances avec ma m\u00e8re et ma s\u0153ur au camping des Flots Bleus, en Vend\u00e9e.\u00a0\u00bb Aujourd\u2019hui, l\u2019artiste est toujours plus tourn\u00e9e vers la simplicit\u00e9 que \u00ab\u00a0vers les 5-\u00e9toiles ou les resorts o\u00f9 tu fais tout sans sortir de ton h\u00f4tel\u00a0\u00bb. \u00ab\u00a0J\u2019aime bien faire du camping sauvage avec des potes, ou prendre un van et m\u2019isoler. Maintenant que j\u2019ai un enfant, j\u2019appr\u00e9cie aussi cette p\u00e9riode o\u00f9 je peux lui faire d\u00e9couvrir des choses en dehors de l\u2019\u00e9cole, o\u00f9 on sent que notre complicit\u00e9 se construit de plus en plus.\u00a0\u00bb<\/p>\n","protected":false},"excerpt":{"rendered":"Dimanche, c\u2019est elle qui a conclu la deuxi\u00e8me soir\u00e9e de La Kermesse Festival. Au Th\u00e9\u00e2tre de Verdure de&hellip;\n","protected":false},"author":2,"featured_media":234035,"comment_status":"","ping_status":"","sticky":false,"template":"","format":"standard","meta":{"footnotes":""},"categories":[9619],"tags":[1111,11,4156,1777,674,1011,27,873,12,973,882,25,2310],"class_list":{"0":"post-234034","1":"post","2":"type-post","3":"status-publish","4":"format-standard","5":"has-post-thumbnail","7":"category-toulon","8":"tag-actu","9":"tag-actualites","10":"tag-concerts","11":"tag-eu","12":"tag-europe","13":"tag-fr","14":"tag-france","15":"tag-musique","16":"tag-news","17":"tag-people","18":"tag-provence-alpes-cote-dazur","19":"tag-republique-francaise","20":"tag-toulon"},"share_on_mastodon":{"url":"https:\/\/pubeurope.com\/@fr\/114815187332972716","error":""},"_links":{"self":[{"href":"https:\/\/www.europesays.com\/fr\/wp-json\/wp\/v2\/posts\/234034","targetHints":{"allow":["GET"]}}],"collection":[{"href":"https:\/\/www.europesays.com\/fr\/wp-json\/wp\/v2\/posts"}],"about":[{"href":"https:\/\/www.europesays.com\/fr\/wp-json\/wp\/v2\/types\/post"}],"author":[{"embeddable":true,"href":"https:\/\/www.europesays.com\/fr\/wp-json\/wp\/v2\/users\/2"}],"replies":[{"embeddable":true,"href":"https:\/\/www.europesays.com\/fr\/wp-json\/wp\/v2\/comments?post=234034"}],"version-history":[{"count":0,"href":"https:\/\/www.europesays.com\/fr\/wp-json\/wp\/v2\/posts\/234034\/revisions"}],"wp:featuredmedia":[{"embeddable":true,"href":"https:\/\/www.europesays.com\/fr\/wp-json\/wp\/v2\/media\/234035"}],"wp:attachment":[{"href":"https:\/\/www.europesays.com\/fr\/wp-json\/wp\/v2\/media?parent=234034"}],"wp:term":[{"taxonomy":"category","embeddable":true,"href":"https:\/\/www.europesays.com\/fr\/wp-json\/wp\/v2\/categories?post=234034"},{"taxonomy":"post_tag","embeddable":true,"href":"https:\/\/www.europesays.com\/fr\/wp-json\/wp\/v2\/tags?post=234034"}],"curies":[{"name":"wp","href":"https:\/\/api.w.org\/{rel}","templated":true}]}}