{"id":234038,"date":"2025-07-08T02:12:15","date_gmt":"2025-07-08T02:12:15","guid":{"rendered":"https:\/\/www.europesays.com\/fr\/234038\/"},"modified":"2025-07-08T02:12:15","modified_gmt":"2025-07-08T02:12:15","slug":"je-participe-au-1er-salon-satis-a-montpellier","status":"publish","type":"post","link":"https:\/\/www.europesays.com\/fr\/234038\/","title":{"rendered":"Je participe au 1er salon SATIS+ \u00e0 Montpellier"},"content":{"rendered":"<p>\u00ab\u00a0Pour \u00eatre au plus pr\u00e8s de notre \u00e9cosyst\u00e8me, faire vivre la communaut\u00e9 du SATIS toute l\u2019ann\u00e9e et encourager les synergies entre les acteurs de l\u2019audiovisuel et les institutions locales, nous lan\u00e7ons SATIS+\u00a0\u00bb, annoncent les organisateurs du salon d\u00e9di\u00e9 \u00e0 la cr\u00e9ation et aux innovations technologiques au service des m\u00e9dias, des secteurs du divertissement et de la communication.<\/p>\n<p>Une d\u00e9clinaison r\u00e9gionale de la manifestation donc, qui fera \u00e9tape \u00e0 Montpellier ce mercredi 9\u00a0juillet. Organis\u00e9e \u00e0 la Halle de l\u2019Innovation, elle r\u00e9unira une quinzaine d\u2019exposants sp\u00e9cialis\u00e9s dans la production de broadcast, le cin\u00e9ma, la cr\u00e9ation de contenus&#8230; Mais aussi de nombreux experts invit\u00e9s \u00e0 s\u2019exprimer lors de conf\u00e9rences\u00a0: Faire face, faire sens face aux mutations audiovisuelles, De Montpellier vers l\u2019international, D\u00e9cloisonner pour transmettre et innover&#8230;<\/p>\n<p>L\u2019occasion d\u2019\u00e9largir votre r\u00e9seau\u00a0?<\/p>\n<p><strong>Sur inscription <a href=\"https:\/\/satis-expo.com\/fr\/accreditation-satis-plus\/\" class=\"spip_out\" rel=\"external noopener\" target=\"_blank\">ici<\/a><\/strong><\/p>\n","protected":false},"excerpt":{"rendered":"\u00ab\u00a0Pour \u00eatre au plus pr\u00e8s de notre \u00e9cosyst\u00e8me, faire vivre la communaut\u00e9 du SATIS toute l\u2019ann\u00e9e et encourager&hellip;\n","protected":false},"author":2,"featured_media":24040,"comment_status":"","ping_status":"","sticky":false,"template":"","format":"standard","meta":{"footnotes":""},"categories":[9599],"tags":[1111,11,9646,1282,650,11062,536,1777,674,1011,27,37280,2208,12,2680,25],"class_list":{"0":"post-234038","1":"post","2":"type-post","3":"status-publish","4":"format-standard","5":"has-post-thumbnail","7":"category-montpellier","8":"tag-actu","9":"tag-actualites","10":"tag-audiovisuel","11":"tag-carriere","12":"tag-cinema","13":"tag-cinema-danimation","14":"tag-communication","15":"tag-eu","16":"tag-europe","17":"tag-fr","18":"tag-france","19":"tag-marketing-communication","20":"tag-montpellier","21":"tag-news","22":"tag-occitanie","23":"tag-republique-francaise"},"share_on_mastodon":{"url":"https:\/\/pubeurope.com\/@fr\/114815195258540704","error":""},"_links":{"self":[{"href":"https:\/\/www.europesays.com\/fr\/wp-json\/wp\/v2\/posts\/234038","targetHints":{"allow":["GET"]}}],"collection":[{"href":"https:\/\/www.europesays.com\/fr\/wp-json\/wp\/v2\/posts"}],"about":[{"href":"https:\/\/www.europesays.com\/fr\/wp-json\/wp\/v2\/types\/post"}],"author":[{"embeddable":true,"href":"https:\/\/www.europesays.com\/fr\/wp-json\/wp\/v2\/users\/2"}],"replies":[{"embeddable":true,"href":"https:\/\/www.europesays.com\/fr\/wp-json\/wp\/v2\/comments?post=234038"}],"version-history":[{"count":0,"href":"https:\/\/www.europesays.com\/fr\/wp-json\/wp\/v2\/posts\/234038\/revisions"}],"wp:featuredmedia":[{"embeddable":true,"href":"https:\/\/www.europesays.com\/fr\/wp-json\/wp\/v2\/media\/24040"}],"wp:attachment":[{"href":"https:\/\/www.europesays.com\/fr\/wp-json\/wp\/v2\/media?parent=234038"}],"wp:term":[{"taxonomy":"category","embeddable":true,"href":"https:\/\/www.europesays.com\/fr\/wp-json\/wp\/v2\/categories?post=234038"},{"taxonomy":"post_tag","embeddable":true,"href":"https:\/\/www.europesays.com\/fr\/wp-json\/wp\/v2\/tags?post=234038"}],"curies":[{"name":"wp","href":"https:\/\/api.w.org\/{rel}","templated":true}]}}