{"id":234042,"date":"2025-07-08T02:16:27","date_gmt":"2025-07-08T02:16:27","guid":{"rendered":"https:\/\/www.europesays.com\/fr\/234042\/"},"modified":"2025-07-08T02:16:27","modified_gmt":"2025-07-08T02:16:27","slug":"grenoble-le-cambrioleur-age-de-14-ans-retrouve-cache-dans-un-placard","status":"publish","type":"post","link":"https:\/\/www.europesays.com\/fr\/234042\/","title":{"rendered":"Grenoble. Le cambrioleur, \u00e2g\u00e9 de 14 ans, retrouv\u00e9 cach\u00e9 dans un placard"},"content":{"rendered":"<p>Les policiers grenoblois se sont rendus rue Irvoy \u00e0 Grenoble, vers 4 heures ce lundi matin, o\u00f9 l\u2019alarme du restaurant indien Le Punjab venait de se d\u00e9clencher.<\/p>\n<p>Sur place, ils ont constat\u00e9 des traces d\u2019effraction et d\u00e9couvert, en inspectant les lieux, que le cambrioleur \u00e9tait toujours pr\u00e9sent\u00a0: il s\u2019agissait d\u2019un gar\u00e7on d\u2019\u00e0 peine 14 ans qui s\u2019\u00e9tait maladroitement cach\u00e9 dans un placard.<\/p>\n<p>Ce contenu est bloqu\u00e9 car vous n&rsquo;avez pas accept\u00e9 les cookies et autres traceurs.<\/p>\n<p>En cliquant sur \u00ab J\u2019accepte \u00bb, les cookies et autres traceurs seront d\u00e9pos\u00e9s et vous pourrez visualiser les contenus  (<a href=\"\" class=\"consentModule_policy\" target=\"_blank\" title=\"Consulter la politique de protection des donn\u00e9es du fournisseur\">plus d&rsquo;informations<\/a>).<\/p>\n<p>En cliquant sur \u00ab J\u2019accepte tous les cookies \u00bb, vous autorisez des d\u00e9p\u00f4ts de cookies et autres traceurs pour le stockage de vos donn\u00e9es sur nos sites et applications \u00e0 des fins de personnalisation et de ciblage publicitaire.<\/p>\n<p class=\"consentModule_secondaryText\">Vous gardez la possibilit\u00e9 de retirer votre consentement \u00e0 tout moment en consultant notre <a href=\"https:\/\/www.ledauphine.com\/protection-des-donnees\" target=\"_blank\" title=\"Consulter notre politique de protection des donn\u00e9es\" rel=\"nofollow noopener\">politique de protection des donn\u00e9es<\/a>. <br \/>&#13;<br \/>\n            <a href=\"https:\/\/www.ledauphine.com\/faits-divers-justice\/2025\/07\/07\/javascript:Didomi.notice.show()\" class=\"consentModule_cmp\" rel=\"nofollow noopener\" target=\"_blank\">G\u00e9rer mes choix<\/a>&#13;\n        <\/p>\n<p>&#13;<br \/>\n                        J&rsquo;accepte&#13;<br \/>\n            J&rsquo;accepte tous les cookies&#13;\n        <\/p>\n<p>  Suspect\u00e9 d\u2019un autre cambriolage quelques heures plus t\u00f4t<\/p>\n<p>Interpell\u00e9, l\u2019adolescent a par ailleurs \u00e9t\u00e9 reconnu comme \u00e9tant \u00e9galement l\u2019auteur d\u2019un autre cambriolage commis vers 21\u00a0h\u00a030 la veille, dans un appartement de la rue Edgar-Quinet dans le quartier Saint-Bruno \u00e0 Grenoble.<\/p>\n","protected":false},"excerpt":{"rendered":"Les policiers grenoblois se sont rendus rue Irvoy \u00e0 Grenoble, vers 4 heures ce lundi matin, o\u00f9 l\u2019alarme&hellip;\n","protected":false},"author":2,"featured_media":234043,"comment_status":"","ping_status":"","sticky":false,"template":"","format":"standard","meta":{"footnotes":""},"categories":[9566],"tags":[1111,11,2430,271,272,112,1777,674,274,107,1011,27,2731,2732,108,12,25],"class_list":{"0":"post-234042","1":"post","2":"type-post","3":"status-publish","4":"format-standard","5":"has-post-thumbnail","7":"category-grenoble","8":"tag-actu","9":"tag-actualites","10":"tag-auvergne-rhone-alpes","11":"tag-crime","12":"tag-delit-et-contravention","13":"tag-edition-grenoble-agglomeration","14":"tag-eu","15":"tag-europe","16":"tag-faits-divers-justice","17":"tag-fil-info","18":"tag-fr","19":"tag-france","20":"tag-grenoble","21":"tag-grenoble-bassin","22":"tag-isere","23":"tag-news","24":"tag-republique-francaise"},"share_on_mastodon":{"url":"https:\/\/pubeurope.com\/@fr\/114815211305149248","error":""},"_links":{"self":[{"href":"https:\/\/www.europesays.com\/fr\/wp-json\/wp\/v2\/posts\/234042","targetHints":{"allow":["GET"]}}],"collection":[{"href":"https:\/\/www.europesays.com\/fr\/wp-json\/wp\/v2\/posts"}],"about":[{"href":"https:\/\/www.europesays.com\/fr\/wp-json\/wp\/v2\/types\/post"}],"author":[{"embeddable":true,"href":"https:\/\/www.europesays.com\/fr\/wp-json\/wp\/v2\/users\/2"}],"replies":[{"embeddable":true,"href":"https:\/\/www.europesays.com\/fr\/wp-json\/wp\/v2\/comments?post=234042"}],"version-history":[{"count":0,"href":"https:\/\/www.europesays.com\/fr\/wp-json\/wp\/v2\/posts\/234042\/revisions"}],"wp:featuredmedia":[{"embeddable":true,"href":"https:\/\/www.europesays.com\/fr\/wp-json\/wp\/v2\/media\/234043"}],"wp:attachment":[{"href":"https:\/\/www.europesays.com\/fr\/wp-json\/wp\/v2\/media?parent=234042"}],"wp:term":[{"taxonomy":"category","embeddable":true,"href":"https:\/\/www.europesays.com\/fr\/wp-json\/wp\/v2\/categories?post=234042"},{"taxonomy":"post_tag","embeddable":true,"href":"https:\/\/www.europesays.com\/fr\/wp-json\/wp\/v2\/tags?post=234042"}],"curies":[{"name":"wp","href":"https:\/\/api.w.org\/{rel}","templated":true}]}}