{"id":234044,"date":"2025-07-08T02:17:13","date_gmt":"2025-07-08T02:17:13","guid":{"rendered":"https:\/\/www.europesays.com\/fr\/234044\/"},"modified":"2025-07-08T02:17:13","modified_gmt":"2025-07-08T02:17:13","slug":"jespere-que-lan-prochain-sera-la-bonne-pour-le-top-14","status":"publish","type":"post","link":"https:\/\/www.europesays.com\/fr\/234044\/","title":{"rendered":"\u00ab J\u2019esp\u00e8re que l\u2019an prochain sera la bonne pour le Top 14 \u00bb"},"content":{"rendered":"<p>La saison de <a href=\"https:\/\/www.ledauphine.com\/p\/louis-bielle-biarrey-joueur-de-rugby\" target=\"_blank\" rel=\"nofollow noopener\">Louis Bielle-Biarrey<\/a> s&rsquo;est termin\u00e9e il y a une semaine par une d\u00e9faite frustrante <a href=\"https:\/\/www.ledauphine.com\/sport\/2025\/06\/28\/l-union-bordeaux-begles-defie-toulouse-pour-un-premier-bouclier-de-brennus-suivez-la-finale-de-top-14\" target=\"_blank\" rel=\"nofollow noopener\">en finale de Top 14 face \u00e0 Toulouse (39-33 a.p.).<\/a> Reste que l&rsquo;ailier is\u00e9rois de Bordeaux-B\u00e8gles a r\u00e9alis\u00e9 une ann\u00e9e exceptionnelle, que ce soit individuellement (33 essais marqu\u00e9s en 30 matches toutes comp\u00e9titions confondues) ou collectivement (vainqueur du Tournoi des 6 nations avec le XV de France et de la Champions Cup avec l&rsquo;UBB).<\/p>\n<p><a href=\"https:\/\/www.rugbyrama.fr\/2025\/07\/06\/top-14-xv-de-france-louis-bielle-biarey-ubb-jai-fini-la-saison-rince-mais-heureux-12808077.php\" target=\"_blank\" rel=\"nofollow noopener\">Dans une interview accord\u00e9e au Midi Olympique,<\/a> le natif de Seyssins, qui revient d&rsquo;une semaine \u00e0 Ibiza avec ses co\u00e9quipiers avant de repartir en vacances avec sa compagne, s&rsquo;est confi\u00e9.\u00a0\u00ab\u00a0Encha\u00eener le Tournoi des Six Nations et la Champions Cup, c\u2019\u00e9tait vraiment g\u00e9nial, a-t-il assur\u00e9. C\u2019est ce que je retiens quand je regarde dans le r\u00e9tro. Les souvenirs sont encore frais. J\u2019ai pris beaucoup de plaisir sur le terrain cette ann\u00e9e. On a vraiment produit du beau jeu, que ce soit avec l\u2019\u00e9quipe de France ou Bordeaux. J&rsquo;ai fini la saison rinc\u00e9 mais heureux. \u00bb<\/p>\n<p>  \u00ab\u00a0J\u2019aimerais vraiment pouvoir jouer au Stade des Alpes\u00a0\u00bb<\/p>\n<p>Dans le m\u00eame temps, Bielle-Biarrey est revenu sur\u00a0le parcours\u00a0de son club formateur, le FC Grenoble, <a href=\"https:\/\/www.ledauphine.com\/sport\/2025\/06\/07\/le-fcg-a-un-match-de-la-montee-en-top-14-suivez-la-finale-de-pro-d2\" target=\"_blank\" rel=\"nofollow noopener\">battu en finale de Pro D2 par Montauban (19-24)<\/a> puis <a href=\"https:\/\/www.ledauphine.com\/sport\/2025\/06\/14\/le-fcg-s-incline-de-deux-points-contre-l-usap-et-echoue-une-nouvelle-fois-a-monter-en-top-14\" target=\"_blank\" rel=\"nofollow noopener\">lors de l&rsquo;access match face \u00e0 Perpignan (11-13).<\/a> \u00ab\u00a0\u00c7a fait trois ans qu\u2019ils arrivent en finale, malgr\u00e9 le d\u00e9part de nombreux joueurs chaque saison. Je suis d\u00e9\u00e7u pour eux. J\u2019esp\u00e8re que l\u2019an prochain sera la bonne. J\u2019aimerais vraiment pouvoir jouer au Stade des Alpes, devant ma famille et mes copains d\u2019enfance\u00a0\u00bb, a-t-il estim\u00e9.\u00a0\u00c0 bon entendeur&#8230;<\/p>\n","protected":false},"excerpt":{"rendered":"La saison de Louis Bielle-Biarrey s&rsquo;est termin\u00e9e il y a une semaine par une d\u00e9faite frustrante en finale&hellip;\n","protected":false},"author":2,"featured_media":234045,"comment_status":"","ping_status":"","sticky":false,"template":"","format":"standard","meta":{"footnotes":""},"categories":[9566],"tags":[1111,11,2430,112,1777,674,2727,1701,1011,27,2731,2732,108,12,2308,25,479,12277,517,478],"class_list":{"0":"post-234044","1":"post","2":"type-post","3":"status-publish","4":"format-standard","5":"has-post-thumbnail","7":"category-grenoble","8":"tag-actu","9":"tag-actualites","10":"tag-auvergne-rhone-alpes","11":"tag-edition-grenoble-agglomeration","12":"tag-eu","13":"tag-europe","14":"tag-fcg-fc-grenoble-rugby","15":"tag-fil-info-sport","16":"tag-fr","17":"tag-france","18":"tag-grenoble","19":"tag-grenoble-bassin","20":"tag-isere","21":"tag-news","22":"tag-pro-d2","23":"tag-republique-francaise","24":"tag-rugby","25":"tag-seyssins","26":"tag-sport","27":"tag-top-14"},"share_on_mastodon":{"url":"https:\/\/pubeurope.com\/@fr\/114815214745038203","error":""},"_links":{"self":[{"href":"https:\/\/www.europesays.com\/fr\/wp-json\/wp\/v2\/posts\/234044","targetHints":{"allow":["GET"]}}],"collection":[{"href":"https:\/\/www.europesays.com\/fr\/wp-json\/wp\/v2\/posts"}],"about":[{"href":"https:\/\/www.europesays.com\/fr\/wp-json\/wp\/v2\/types\/post"}],"author":[{"embeddable":true,"href":"https:\/\/www.europesays.com\/fr\/wp-json\/wp\/v2\/users\/2"}],"replies":[{"embeddable":true,"href":"https:\/\/www.europesays.com\/fr\/wp-json\/wp\/v2\/comments?post=234044"}],"version-history":[{"count":0,"href":"https:\/\/www.europesays.com\/fr\/wp-json\/wp\/v2\/posts\/234044\/revisions"}],"wp:featuredmedia":[{"embeddable":true,"href":"https:\/\/www.europesays.com\/fr\/wp-json\/wp\/v2\/media\/234045"}],"wp:attachment":[{"href":"https:\/\/www.europesays.com\/fr\/wp-json\/wp\/v2\/media?parent=234044"}],"wp:term":[{"taxonomy":"category","embeddable":true,"href":"https:\/\/www.europesays.com\/fr\/wp-json\/wp\/v2\/categories?post=234044"},{"taxonomy":"post_tag","embeddable":true,"href":"https:\/\/www.europesays.com\/fr\/wp-json\/wp\/v2\/tags?post=234044"}],"curies":[{"name":"wp","href":"https:\/\/api.w.org\/{rel}","templated":true}]}}