{"id":234046,"date":"2025-07-08T02:18:35","date_gmt":"2025-07-08T02:18:35","guid":{"rendered":"https:\/\/www.europesays.com\/fr\/234046\/"},"modified":"2025-07-08T02:18:35","modified_gmt":"2025-07-08T02:18:35","slug":"les-ballades-avec-brassens-il-reste-des-places-pour-chanter-le-grand-georges-a-saint-quay-portrieux","status":"publish","type":"post","link":"https:\/\/www.europesays.com\/fr\/234046\/","title":{"rendered":"Les Ballades avec Brassens\u00a0: il reste des places pour chanter le Grand Georges \u00e0 Saint-Quay-Portrieux"},"content":{"rendered":"<p>La ville de Saint-Quay-Portrieux va accueillir pour la 4e fois, les 12, 13 et 14 septembre, sa \u00ab\u00a0Ballade avec Brassens\u00a0\u00bb.<\/p>\n<p>Le temps fort de cet hommage au Grand Georges se d\u00e9roulera, dimanche 14 septembre, temps fort au cours duquel des chanteurs, amateurs ou non, se succ\u00e9deront sur les quatre sc\u00e8nes ouvertes install\u00e9es autour du casino. Ces sc\u00e8nes sonoris\u00e9es accueilleront, \u00e0 partir de 14\u00a0h, toutes celles et ceux qui souhaitent chanter Brassens, en interpr\u00e9tant trois chansons. Ce n\u2019est ni un concours, ni un radio-crochet, et il n\u2019y a rien d\u2019autre \u00e0 gagner que le plaisir de chanter en public. Le spectacle est gratuit, les inscriptions pour chanter aussi. De nombreux groupes, ou chanteurs se sont d\u00e9j\u00e0 inscrits, mais il reste des cr\u00e9neaux pour celles et ceux qui souhaitent s\u2019exprimer autour du po\u00e8te, chants, musique, seuls, accompagn\u00e9s ou en groupes. Alors, pour ceux qui ont besoin d\u2019une piq\u00fbre de rappel, il faut s\u2019inscrire avant le 31 juillet, par mail balladeavecbrassens@orange.fr<\/p>\n","protected":false},"excerpt":{"rendered":"La ville de Saint-Quay-Portrieux va accueillir pour la 4e fois, les 12, 13 et 14 septembre, sa \u00ab\u00a0Ballade&hellip;\n","protected":false},"author":2,"featured_media":234047,"comment_status":"","ping_status":"","sticky":false,"template":"","format":"standard","meta":{"footnotes":""},"categories":[2821],"tags":[1111,11,829,1777,674,1011,27,12,584,25,37281],"class_list":{"0":"post-234046","1":"post","2":"type-post","3":"status-publish","4":"format-standard","5":"has-post-thumbnail","7":"category-rennes","8":"tag-actu","9":"tag-actualites","10":"tag-bretagne","11":"tag-eu","12":"tag-europe","13":"tag-fr","14":"tag-france","15":"tag-news","16":"tag-rennes","17":"tag-republique-francaise","18":"tag-saint-quay-portrieux"},"share_on_mastodon":{"url":"https:\/\/pubeurope.com\/@fr\/114815218779893213","error":""},"_links":{"self":[{"href":"https:\/\/www.europesays.com\/fr\/wp-json\/wp\/v2\/posts\/234046","targetHints":{"allow":["GET"]}}],"collection":[{"href":"https:\/\/www.europesays.com\/fr\/wp-json\/wp\/v2\/posts"}],"about":[{"href":"https:\/\/www.europesays.com\/fr\/wp-json\/wp\/v2\/types\/post"}],"author":[{"embeddable":true,"href":"https:\/\/www.europesays.com\/fr\/wp-json\/wp\/v2\/users\/2"}],"replies":[{"embeddable":true,"href":"https:\/\/www.europesays.com\/fr\/wp-json\/wp\/v2\/comments?post=234046"}],"version-history":[{"count":0,"href":"https:\/\/www.europesays.com\/fr\/wp-json\/wp\/v2\/posts\/234046\/revisions"}],"wp:featuredmedia":[{"embeddable":true,"href":"https:\/\/www.europesays.com\/fr\/wp-json\/wp\/v2\/media\/234047"}],"wp:attachment":[{"href":"https:\/\/www.europesays.com\/fr\/wp-json\/wp\/v2\/media?parent=234046"}],"wp:term":[{"taxonomy":"category","embeddable":true,"href":"https:\/\/www.europesays.com\/fr\/wp-json\/wp\/v2\/categories?post=234046"},{"taxonomy":"post_tag","embeddable":true,"href":"https:\/\/www.europesays.com\/fr\/wp-json\/wp\/v2\/tags?post=234046"}],"curies":[{"name":"wp","href":"https:\/\/api.w.org\/{rel}","templated":true}]}}