{"id":234048,"date":"2025-07-08T02:19:42","date_gmt":"2025-07-08T02:19:42","guid":{"rendered":"https:\/\/www.europesays.com\/fr\/234048\/"},"modified":"2025-07-08T02:19:42","modified_gmt":"2025-07-08T02:19:42","slug":"apres-sa-1re-edition-le-festival-belles-etoiles-pres-de-rennes-affiche-un-bilan-positif","status":"publish","type":"post","link":"https:\/\/www.europesays.com\/fr\/234048\/","title":{"rendered":"apr\u00e8s sa 1re \u00e9dition, le festival Belles \u00c9toiles, pr\u00e8s de Rennes, affiche un bilan positif"},"content":{"rendered":"<p>            Par<br \/>\n        <strong><br \/>\n            <a href=\"https:\/\/actu.fr\/auteur\/clemence-pays02-actu-fr\" title=\"Consulter tous les articles de Cl\u00e9mence Pays\" rel=\"nofollow noopener\" target=\"_blank\">Cl\u00e9mence Pays<\/a><br \/>\n        <\/strong><\/p>\n<p>        Publi\u00e9 le<\/p>\n<p>            7 juil. 2025 \u00e0 19h01        <\/p>\n<p>\u00ab\u2009C\u2019est une page qui se tourne, mais <strong>on est heureux<\/strong>\u2009!\u2009\u00bb Lundi 7\u00a0juillet 2025, \u00e0 la ferme du Hirdyer, \u00e0 <a href=\"https:\/\/actu.fr\/bretagne\/pace_35210\" rel=\"nofollow noopener\" target=\"_blank\">Pac\u00e9<\/a>, la f\u00eate est finie pour les festivaliers, mais il reste encore du pain sur la planche des organisateurs de <strong>Belles \u00c9toiles.<\/strong> Apr\u00e8s trois jours de concerts, la premi\u00e8re \u00e9dition de <a href=\"https:\/\/actu.fr\/bretagne\/rennes_35238\/superbus-47ter-naive-new-beaters-un-tout-nouveau-festival-de-musique-va-s-installer-pres-de-rennes_62217617.html\" rel=\"nofollow noopener\" target=\"_blank\">ce nouveau festival<\/a> pr\u00e8s de Rennes s\u2019est achev\u00e9e. Et pour les organisateurs, l\u2019heure est au <strong>bilan<\/strong> et au d\u00e9montage du site.<\/p>\n<p>Quelques impr\u00e9vus\u2026<\/p>\n<p class=\" wall-content\">Vendredi 4\u00a0juillet, l\u2019ouverture des portes \u00e9tait pr\u00e9vue \u00e0 17h30, pour un premier concert \u00e0 18h. Malheureusement, il a fallu <strong>repousser le tout d\u2019une heure.<\/strong> En cause, <strong>un impr\u00e9vu<\/strong> qui s\u2019est ajout\u00e9 \u00e0 la charge de travail pour l\u2019\u00e9quipe organisatrice et les b\u00e9n\u00e9voles. \u00ab\u2009Vendredi, du matin au soir, c\u2019\u00e9tait hard, on \u00e9taient tr\u00e8s sollicit\u00e9s\u2009\u00bb, retrace C\u00e9line Milin, vice-pr\u00e9sidente de l\u2019association La Fauche, \u00e0 l\u2019origine de l\u2019\u00e9v\u00e9nement.<\/p>\n<p class=\" wall-content\">\u00ab\u2009Le lundi, on a commenc\u00e9 \u00e0 monter le site, il y avait du monde toute la journ\u00e9e. Il fallait r\u00e9ceptionner les bungalows, la r\u00e9gie\u2026\u2009\u00bb Mais l\u2019\u00e9quipe tient bon et tout se d\u00e9roule sans accroc, tout au long de la semaine de montage.<\/p>\n<p class=\" wall-content\">Mais, \u00e0 quelques heures du jour-J, \u00ab\u2009notre <strong>bo\u00eete mail a \u00e9t\u00e9 pirat\u00e9e<\/strong> et un message a \u00e9t\u00e9 envoy\u00e9 disant d\u2019annuler le poste de secours, poursuit C\u00e9line Milin. Il a fallu retrouver assez de personnes en urgence pour assurer le poste de secours.\u2009\u00bb Un contre-temps de taille, qui explique ce retard lors de la journ\u00e9e d\u2019ouverture.<\/p>\n<p class=\" wall-content\"><a href=\"https:\/\/www.instagram.com\/p\/DLuK6fmM1Sa\/embed\" title=\"Ouvrir le lien sur Instagram\" rel=\"nofollow noopener\" target=\"_blank\">Visualiser le contenu sur Instagram<\/a><\/p>\n<p class=\" wall-content\">Un d\u00e9sagr\u00e9ment pour l\u2019\u00e9quipe, qui ne semble<strong> pas avoir p\u00e9nalis\u00e9 le public,<\/strong> qui a r\u00e9pondu pr\u00e9sent.<\/p>\n<p>Une ambiance familiale<\/p>\n<p class=\" wall-content\">Durant les trois jours de festivit\u00e9s,<strong> jeunes et moins jeunes<\/strong> ont foul\u00e9 le sol du champ transform\u00e9 en festival. Un public venu entre bande de copains ou en famille. \u00ab\u2009C\u2019est ce qu\u2019on voulait\u2009! On voulait <strong>une t\u00eate d\u2019affiche qui plaise \u00e0 tout le monde.<\/strong> Visiblement, cela a \u00e9t\u00e9 le cas avec <strong>Superbus.<\/strong> On n\u2019a <strong>que des bons retours,<\/strong> tant du c\u00f4t\u00e9 des spectateurs que des artistes\u2009\u00bb, se r\u00e9jouit C\u00e9line Milin.<\/p>\n<blockquote class=\"ac-article-quote wall-content\">\n<p>On est tellement contents des trois jours. Vendredi, quand on a vu les premi\u00e8res personnes rentrer sur le site, on se disait wouah les gens viennent. <\/p>\n<p>    <strong>C\u00e9line Milin<\/strong><br \/>\n        Vice-pr\u00e9sidente de l&rsquo;association La Fauche    <\/p><\/blockquote>\n<p class=\" wall-content\">Le samedi, c\u2019est <strong>47Ter<\/strong> qui a ambianc\u00e9 le public. \u00ab\u2009On est mont\u00e9 sur sc\u00e8ne avec eux,<strong> ils ont mis le feu,<\/strong> c\u2019\u00e9tait tr\u00e8s sympa\u2009\u00bb, se souvient la co-fondatrice du festival. M\u00eame les quelques gouttes de pluie tomb\u00e9es en fin de soir\u00e9e n\u2019ont pas r\u00e9ussi \u00e0 g\u00e2cher la f\u00eate.<\/p>\n<p class=\" wall-content\">Dimanche, pour clore Belles \u00c9toiles, les organisateurs avaient pris le parti d\u2019une <strong>billetterie gratuite.<\/strong> \u00ab\u2009C\u2019\u00e9tait en mode<strong> guinguette<\/strong> avec une seule sc\u00e8ne.\u2009\u00bb<\/p>\n<p class=\" wall-content\">Pour l\u2019occasion, le site a \u00e9t\u00e9 l\u00e9g\u00e8rement transform\u00e9. \u00ab\u2009On a mis le mobilier de l\u2019espace VIP vers le village pour que les gens puissent se poser et on a ouvert le bar VIP \u00e0 tous\u2009\u00bb, d\u00e9taille C\u00e9line Milin.<\/p>\n<p>    <img   decoding=\"async\" loading=\"lazy\" src=\"https:\/\/www.europesays.com\/fr\/wp-content\/uploads\/2025\/07\/5-superbus-jennifer-ayache-concert-groupe-francais-rock-musique-festival-belles-etoiles-pace-bretagn.jpeg\" alt=\"superbus\" width=\"960\" height=\"640\"\/><br \/>\n    Le groupe fran\u00e7ais Superbus \u00e9tait la t\u00eate d\u2019affiche du festival Belles \u00c9toiles, vendredi 4 juillet, jour de sortie du nouvel album du groupe. (\u00a9Cl\u00e9mence Pays\/actu Rennes)<\/p>\n<p class=\" wall-content\">En fin de journ\u00e9e, \u00ab\u2009avec les b\u00e9n\u00e9voles qui restaient, on est all\u00e9s devant la sc\u00e8ne du dernier DJ set pour <strong>danser tous ensemble<\/strong> avec les festivaliers. Apr\u00e8s on a bu un verre avec les gens qui \u00e9taient encore l\u00e0\u2009\u00bb, se souvient la vice-pr\u00e9sidente de l\u2019association.<\/p>\n<p>Une seconde \u00e9dition en perspective\u2009?<\/p>\n<p class=\" wall-content\">Si le bilan c\u00f4t\u00e9 artistes, b\u00e9n\u00e9voles et festivaliers s\u2019av\u00e8re positif, celui de la<strong> fr\u00e9quentation<\/strong> (et de la tr\u00e9sorerie) n\u2019a pas encore pu \u00eatre tir\u00e9. <strong>\u00ab\u2009On attend les chiffres stables,<\/strong> notamment ceux de la consommation, indique C\u00e9line Milin. On n\u2019a pas atteint la <strong>jauge des 3\u2009000\u00a0personnes<\/strong> par jour, mais on a vendu \u00e9norm\u00e9ment de billets la derni\u00e8re semaine et \u00e7a a explos\u00e9 le samedi.\u2009\u00bb Preuve des bons retours \u00e0 l\u2019issue de la soir\u00e9e du vendredi.<\/p>\n<blockquote class=\"ac-article-quote wall-content\">\n<p>On aimerait faire une seconde \u00e9dition, on est hyper enthousiastes, mais on attend d&rsquo;avoir les donn\u00e9es chiffr\u00e9es pour pouvoir statuer.<\/p>\n<p>    <strong>C\u00e9line Milin<\/strong><br \/>\n        Vice-pr\u00e9sidente de l&rsquo;association La Fauche    <\/p><\/blockquote>\n<p class=\" wall-content\">Et si nouvelle \u00e9dition il y a, les organisateurs gardent les pieds sur terre. \u00ab\u2009Avec les b\u00e9n\u00e9voles, il y a eu un vrai sentiment d\u2019<strong>appartenir \u00e0 une unit\u00e9<\/strong> et je pense que \u00e7a s\u2019est ressenti lors du festival. Il ne faut pas qu\u2019on perde ce sentiment, ou que l\u2019on soient blas\u00e9s. Il faut r\u00e9ussir \u00e0 <strong>se remettre en question,<\/strong> comme si on repartait de z\u00e9ro pour \u00eatre contents de ce qu\u2019on fait et de ce qu\u2019on porte\u2009\u00bb, conclut C\u00e9line Milin, avant de repartir sur le terrain, d\u00e9monter les derni\u00e8res banquettes.<\/p>\n<p class=\" wall-content\">Suivez toute l\u2019actualit\u00e9 de vos villes et m\u00e9dias favoris en vous inscrivant \u00e0 <a href=\"https:\/\/moncompte.actu.fr\" title=\"D\u00e9couvez Mon Actu\" rel=\"nofollow noopener\" data-trk=\"{&quot;cta&quot;:{&quot;action&quot;:&quot;https:\\\/\\\/moncompte.actu.fr&quot;,&quot;category&quot;:&quot;mon compte&quot;,&quot;from&quot;:&quot;article footer&quot;,&quot;name&quot;:&quot;Mon actu&quot;,&quot;type&quot;:&quot;cta&quot;}}\" target=\"_blank\">Mon Actu<\/a>.<\/p>\n<p>                    <script async src=\"\/\/www.instagram.com\/embed.js\"><\/script><\/p>\n","protected":false},"excerpt":{"rendered":"Par Cl\u00e9mence Pays Publi\u00e9 le 7 juil. 2025 \u00e0 19h01 \u00ab\u2009C\u2019est une page qui se tourne, mais on&hellip;\n","protected":false},"author":2,"featured_media":234049,"comment_status":"","ping_status":"","sticky":false,"template":"","format":"standard","meta":{"footnotes":""},"categories":[2821],"tags":[1111,11,829,1697,1777,674,849,1011,27,1652,873,12,584,25],"class_list":{"0":"post-234048","1":"post","2":"type-post","3":"status-publish","4":"format-standard","5":"has-post-thumbnail","7":"category-rennes","8":"tag-actu","9":"tag-actualites","10":"tag-bretagne","11":"tag-concert","12":"tag-eu","13":"tag-europe","14":"tag-festival","15":"tag-fr","16":"tag-france","17":"tag-loisirs-culture","18":"tag-musique","19":"tag-news","20":"tag-rennes","21":"tag-republique-francaise"},"share_on_mastodon":{"url":"https:\/\/pubeurope.com\/@fr\/114815222962278252","error":""},"_links":{"self":[{"href":"https:\/\/www.europesays.com\/fr\/wp-json\/wp\/v2\/posts\/234048","targetHints":{"allow":["GET"]}}],"collection":[{"href":"https:\/\/www.europesays.com\/fr\/wp-json\/wp\/v2\/posts"}],"about":[{"href":"https:\/\/www.europesays.com\/fr\/wp-json\/wp\/v2\/types\/post"}],"author":[{"embeddable":true,"href":"https:\/\/www.europesays.com\/fr\/wp-json\/wp\/v2\/users\/2"}],"replies":[{"embeddable":true,"href":"https:\/\/www.europesays.com\/fr\/wp-json\/wp\/v2\/comments?post=234048"}],"version-history":[{"count":0,"href":"https:\/\/www.europesays.com\/fr\/wp-json\/wp\/v2\/posts\/234048\/revisions"}],"wp:featuredmedia":[{"embeddable":true,"href":"https:\/\/www.europesays.com\/fr\/wp-json\/wp\/v2\/media\/234049"}],"wp:attachment":[{"href":"https:\/\/www.europesays.com\/fr\/wp-json\/wp\/v2\/media?parent=234048"}],"wp:term":[{"taxonomy":"category","embeddable":true,"href":"https:\/\/www.europesays.com\/fr\/wp-json\/wp\/v2\/categories?post=234048"},{"taxonomy":"post_tag","embeddable":true,"href":"https:\/\/www.europesays.com\/fr\/wp-json\/wp\/v2\/tags?post=234048"}],"curies":[{"name":"wp","href":"https:\/\/api.w.org\/{rel}","templated":true}]}}