{"id":234050,"date":"2025-07-08T02:20:34","date_gmt":"2025-07-08T02:20:34","guid":{"rendered":"https:\/\/www.europesays.com\/fr\/234050\/"},"modified":"2025-07-08T02:20:34","modified_gmt":"2025-07-08T02:20:34","slug":"brassins-surprises-programmation-musicale-le-compte-a-rebours-est-lance","status":"publish","type":"post","link":"https:\/\/www.europesays.com\/fr\/234050\/","title":{"rendered":"brassins \u00ab\u00a0surprises\u00a0\u00bb, programmation musicale&#8230; le compte \u00e0 rebours est lanc\u00e9"},"content":{"rendered":"<p>Apr\u00e8s les tumultes des ann\u00e9es pr\u00e9c\u00e9dentes, entre l\u2019arr\u00eat du partenariat avec Heineken, le changement de dates ou l\u2019Euro de football, la F\u00eate de la bi\u00e8re de Schiltigheim semble avoir trouv\u00e9 son rythme de croisi\u00e8re \u00e0 l\u2019approche de l\u2019\u00e9dition 2025.<\/p>\n<p>Avant tout, elle a retrouv\u00e9 ses dates d\u2019origine\u00a0: la 43e \u00e9dition se tiendra du 1er\u00a0au 4\u00a0ao\u00fbt, toujours sur la place Alfred-Muller de Schiltigheim. Mais aussi une programmation de bi\u00e8res plus lisible, par rapport \u00e0 la grande rencontre des (petits et grands) brasseurs alsaciens voulue en 2024. Avec une trentaine de bi\u00e8res, \u00ab\u00a0le consommateur est un peu perdu\u00a0\u00bb, rembobine Dominique Baudendiestel, pr\u00e9sident de la brasserie Licorne et du syndicat des brasseurs d\u2019Alsace. Idem pour les b\u00e9n\u00e9voles en charge du service.<\/p>\n<p>Cette ann\u00e9e, la carte des bi\u00e8res rassemblera donc six brasseurs alsaciens bien connus\u00a0: Storig, Licorne, Meteor, Bendorf, Perle, Kronenbourg et Fischer \u2013 bi\u00e8re encore brass\u00e9e \u00e0 Schiltigheim par Heineken, <a href=\"https:\/\/www.dna.fr\/economie\/2025\/04\/29\/la-biere-fischer-sera-produite-par-meteor-a-hochfelden\" target=\"_blank\" rel=\"noopener\">avant d\u2019\u00eatre r\u00e9cup\u00e9r\u00e9e temporairement par Meteor, \u00e0 Hochfelden<\/a>. Cette mutation vers une \u00ab\u00a0F\u00eate de la bi\u00e8re d\u2019Alsace\u00a0\u00bb donne un \u00ab\u00a0souffle plus durable et p\u00e9renne \u00e0 la f\u00eate\u00a0\u00bb, commente <a href=\"https:\/\/www.dna.fr\/p\/danielle-dambach\" target=\"_blank\" rel=\"noopener\">Danielle Dambach<\/a>, qui avait d\u00e9cid\u00e9 en 2023 de se passer des brassins de Heineken, apr\u00e8s <a href=\"https:\/\/www.dna.fr\/economie\/2022\/11\/14\/heineken-fermera-ou-vendra-la-brasserie-de-l-esperance-dans-les-trois-ans\" target=\"_blank\" rel=\"noopener\">l\u2019annonce de son d\u00e9part de la brasserie de l\u2019Esp\u00e9rance fin 2025<\/a>. \u00ab\u00a0Je pense \u00e0 tous ses ouvriers qui se retrouveront sans travail\u00a0\u00bb, glisse-t-elle, en esp\u00e9rant que \u00ab\u00a0la bi\u00e8re fasse partie de l\u2019avenir du site\u00a0\u00bb de 12 hectares, malgr\u00e9 l\u2019arr\u00eat de l\u2019appel \u00e0 manifestation d\u2019int\u00e9r\u00eat lanc\u00e9 par l\u2019Eurom\u00e9tropole et la pr\u00e9fecture.\u2003<\/p>\n<p>  \u00ab\u00a0On va faire rena\u00eetre des marques\u00a0\u00bb<\/p>\n<p>Dans ce contexte, l\u2019id\u00e9e est de \u00ab\u00a0mettre en avant le savoir-faire des brasseurs alsaciens\u00a0\u00bb, abonde Dominique Baudendiestel. Tout en conservant Schiltigheim comme \u00ab\u00a0c\u0153ur du r\u00e9acteur\u00a0\u00bb. Pour ce faire, deux brassins \u00ab\u00a0surprises\u00a0\u00bb, produits par Storig \u00e0 Schiltigheim, seront d\u00e9voil\u00e9s lors de l\u2019inauguration de la f\u00eate, vendredi 1er\u00a0ao\u00fbt \u00e0 18\u00a0h. \u00ab\u00a0On va faire rena\u00eetre des marques\u00a0\u00bb, indique seulement Bertrand Angsthelm, directeur g\u00e9n\u00e9ral de la brasserie schilikoise.<\/p>\n<p>Comme les ann\u00e9es pr\u00e9c\u00e9dentes, la Fischer Tradition et la Blonde de Storig seront propos\u00e9es \u00e0 3\u00a0euros (*), les autres \u00e0 4\u00a0euros. Blonde, IPA, blanche, fruit\u00e9e\u00a0: tous les go\u00fbts seront combl\u00e9s. Des boissons sans alcool (limonade, bi\u00e8re, eau) seront \u00e9galement \u00e0 la vente. Le prix du verre, ni repris, ni consign\u00e9, passe, lui, de 3 \u00e0 5\u00a0euros. Mais l\u2019entr\u00e9e reste gratuite, ce dont se f\u00e9licite la maire de Schiltigheim, Danielle Dambach.<\/p>\n<p>  Robin Leon, Jean-Luc Filser et Dr\u00a0Boost<\/p>\n<p>C\u00f4t\u00e9 sc\u00e8ne, \u00ab\u00a0on ne change pas une \u00e9quipe qui gagne\u00a0\u00bb, indique Corinne Kestler, pr\u00e9sidente de l\u2019Oscal, qui organise la f\u00eate. Et celle-ci est compos\u00e9e de <a href=\"https:\/\/www.dna.fr\/culture-loisirs\/2024\/01\/21\/robin-leon-vit-son-reve-en-musique\" target=\"_blank\" rel=\"noopener\">Robin Leon<\/a>, qui reprendra des titres populaires tous les soirs sur la sc\u00e8ne, de l\u2019orchestre Challenger ou encore des Joyeux Brasseurs. Elle sera entra\u00een\u00e9e par Jean-Luc Filser, speaker du Racing club de Strasbourg, qui rempile pour une troisi\u00e8me saison sous le chapiteau. Nouveau venu dans l\u2019\u00e9quipe\u00a0: Dr Boost, chanteur qui fera vite monter la temp\u00e9rature aux reprises pop-rock.<\/p>\n<p>D\u2019ailleurs, en cas d\u2019\u00e9pisode caniculaire, des brumisateurs pourraient faire leur apparition sur la place pour rafra\u00eechir les dizaines de milliers de personnes attendues tout au long du week-end.<\/p>\n<p>  Johrm\u00e4rik et vide-greniers de l\u2019Union des commer\u00e7ants, lundi 4\u00a0ao\u00fbt<\/p>\n<p>Comme \u00e0 son habitude, le public retrouvera \u00e9galement un karaok\u00e9, dimanche 3\u00a0ao\u00fbt apr\u00e8s-midi, ainsi que la braderie et le vide-greniers organis\u00e9s par l\u2019Union des commer\u00e7ants et artisans de Schiltigheim (Ucas) lundi 4\u00a0ao\u00fbt de 8\u00a0h \u00e0 18\u00a0h, dans les rues environnantes.<\/p>\n<p>Chaque soir, 200 b\u00e9n\u00e9voles d\u2019associations schilikoises seront au service en salle, derri\u00e8re les friteuses, les f\u00fbts ou les \u00ab\u00a0bierodromes ext\u00e9rieurs\u00a0\u00bb. Cette mobilisation leur permettra, cette ann\u00e9e encore, de financer une partie de leurs activit\u00e9s. \u00ab\u00a0On ne change pas une \u00e9quipe qui gagne. \u00bb<\/p>\n<p class=\"note\">F\u00eate de la bi\u00e8re de Schiltigheim, du 1er \u00a0au 4\u00a0ao\u00fbt, sur la place Alfred-Muller (anciennement place de l\u2019H\u00f4tel-de-Ville). Programmation \u00e0 retrouver prochainement sur le compte Facebook de l\u2019Oscal. Entr\u00e9e gratuite.<\/p>\n<p class=\"note\">Vide-greniers (rues de la Mairie, Principale et des Pompiers) et braderie (route de Bischwiller) de l\u2019Union des commer\u00e7ants et artisans de Schiltigheim, lundi 4\u00a0ao\u00fbt de 8\u00a0h \u00e0 18\u00a0h. Pour s\u2019inscrire, \u00e9crire un mail \u00e0 contact@ucas.fr ou t\u00e9l\u00e9phoner au 03\u00a088\u00a050\u00a036\u00a081.<\/p>\n<p class=\"note\">*L\u2019abus d\u2019alcool est dangereux pour la sant\u00e9, \u00e0 consommer avec mod\u00e9ration.<\/p>\n","protected":false},"excerpt":{"rendered":"Apr\u00e8s les tumultes des ann\u00e9es pr\u00e9c\u00e9dentes, entre l\u2019arr\u00eat du partenariat avec Heineken, le changement de dates ou l\u2019Euro&hellip;\n","protected":false},"author":2,"featured_media":234051,"comment_status":"","ping_status":"","sticky":false,"template":"","format":"standard","meta":{"footnotes":""},"categories":[2820],"tags":[1111,11,1687,33,2880,27337,1777,674,3326,107,1011,27,775,12,25,5512,640,3265],"class_list":{"0":"post-234050","1":"post","2":"type-post","3":"status-publish","4":"format-standard","5":"has-post-thumbnail","7":"category-strasbourg","8":"tag-actu","9":"tag-actualites","10":"tag-culture-loisirs","11":"tag-economie","12":"tag-edition-strasbourg","13":"tag-estivales","14":"tag-eu","15":"tag-europe","16":"tag-fete-locale","17":"tag-fil-info","18":"tag-fr","19":"tag-france","20":"tag-grand-est","21":"tag-news","22":"tag-republique-francaise","23":"tag-schiltigheim","24":"tag-strasbourg","25":"tag-strasbourg-nord"},"share_on_mastodon":{"url":"https:\/\/pubeurope.com\/@fr\/114815226663813823","error":""},"_links":{"self":[{"href":"https:\/\/www.europesays.com\/fr\/wp-json\/wp\/v2\/posts\/234050","targetHints":{"allow":["GET"]}}],"collection":[{"href":"https:\/\/www.europesays.com\/fr\/wp-json\/wp\/v2\/posts"}],"about":[{"href":"https:\/\/www.europesays.com\/fr\/wp-json\/wp\/v2\/types\/post"}],"author":[{"embeddable":true,"href":"https:\/\/www.europesays.com\/fr\/wp-json\/wp\/v2\/users\/2"}],"replies":[{"embeddable":true,"href":"https:\/\/www.europesays.com\/fr\/wp-json\/wp\/v2\/comments?post=234050"}],"version-history":[{"count":0,"href":"https:\/\/www.europesays.com\/fr\/wp-json\/wp\/v2\/posts\/234050\/revisions"}],"wp:featuredmedia":[{"embeddable":true,"href":"https:\/\/www.europesays.com\/fr\/wp-json\/wp\/v2\/media\/234051"}],"wp:attachment":[{"href":"https:\/\/www.europesays.com\/fr\/wp-json\/wp\/v2\/media?parent=234050"}],"wp:term":[{"taxonomy":"category","embeddable":true,"href":"https:\/\/www.europesays.com\/fr\/wp-json\/wp\/v2\/categories?post=234050"},{"taxonomy":"post_tag","embeddable":true,"href":"https:\/\/www.europesays.com\/fr\/wp-json\/wp\/v2\/tags?post=234050"}],"curies":[{"name":"wp","href":"https:\/\/api.w.org\/{rel}","templated":true}]}}