{"id":234058,"date":"2025-07-08T02:25:13","date_gmt":"2025-07-08T02:25:13","guid":{"rendered":"https:\/\/www.europesays.com\/fr\/234058\/"},"modified":"2025-07-08T02:25:13","modified_gmt":"2025-07-08T02:25:13","slug":"le-voyage-a-nantes-lannee-des-croisements","status":"publish","type":"post","link":"https:\/\/www.europesays.com\/fr\/234058\/","title":{"rendered":"Le Voyage \u00e0 Nantes, l\u2019ann\u00e9e des croisements"},"content":{"rendered":"<p>C\u2019est une ann\u00e9e de transition pour Le Voyage \u00e0 Nantes, parcours artistique en plein air lanc\u00e9 par Jean Blaise en 2011 (\u00e0 la retraite depuis d\u00e9cembre 2024) et dont Sophie Levy reprend respectueusement le flambeau. La nouvelle directrice de l\u2019\u00e9v\u00e9nement ne s\u2019est octroy\u00e9e qu\u2019une licence po\u00e9tique : le th\u00e8me initial de \u00ab\u00a0l\u2019\u00e9tranget\u00e9\u00a0\u00bb a doucement gliss\u00e9 vers l\u2019id\u00e9e d\u2019un \u00ab\u00a0\u00e9trange \u00e9t\u00e9\u00a0\u00bb qui prend deux directions, celle de l\u2019hybridation et du polychronisme. Aux 84 \u0153uvres de la collection permanente s\u2019ajoutent pr\u00e8s de quinze installations, pour la plupart pr\u00e9sent\u00e9es\u2026<\/p>\n","protected":false},"excerpt":{"rendered":"C\u2019est une ann\u00e9e de transition pour Le Voyage \u00e0 Nantes, parcours artistique en plein air lanc\u00e9 par Jean&hellip;\n","protected":false},"author":2,"featured_media":234059,"comment_status":"","ping_status":"","sticky":false,"template":"","format":"standard","meta":{"footnotes":""},"categories":[2818],"tags":[1111,11,1777,674,3337,1011,27,37282,766,12,2636,25,37283],"class_list":{"0":"post-234058","1":"post","2":"type-post","3":"status-publish","4":"format-standard","5":"has-post-thumbnail","7":"category-nantes","8":"tag-actu","9":"tag-actualites","10":"tag-eu","11":"tag-europe","12":"tag-festivals","13":"tag-fr","14":"tag-france","15":"tag-jean-blaise","16":"tag-nantes","17":"tag-news","18":"tag-pays-de-la-loire","19":"tag-republique-francaise","20":"tag-sophie-levy"},"share_on_mastodon":{"url":"https:\/\/pubeurope.com\/@fr\/114815246264181836","error":""},"_links":{"self":[{"href":"https:\/\/www.europesays.com\/fr\/wp-json\/wp\/v2\/posts\/234058","targetHints":{"allow":["GET"]}}],"collection":[{"href":"https:\/\/www.europesays.com\/fr\/wp-json\/wp\/v2\/posts"}],"about":[{"href":"https:\/\/www.europesays.com\/fr\/wp-json\/wp\/v2\/types\/post"}],"author":[{"embeddable":true,"href":"https:\/\/www.europesays.com\/fr\/wp-json\/wp\/v2\/users\/2"}],"replies":[{"embeddable":true,"href":"https:\/\/www.europesays.com\/fr\/wp-json\/wp\/v2\/comments?post=234058"}],"version-history":[{"count":0,"href":"https:\/\/www.europesays.com\/fr\/wp-json\/wp\/v2\/posts\/234058\/revisions"}],"wp:featuredmedia":[{"embeddable":true,"href":"https:\/\/www.europesays.com\/fr\/wp-json\/wp\/v2\/media\/234059"}],"wp:attachment":[{"href":"https:\/\/www.europesays.com\/fr\/wp-json\/wp\/v2\/media?parent=234058"}],"wp:term":[{"taxonomy":"category","embeddable":true,"href":"https:\/\/www.europesays.com\/fr\/wp-json\/wp\/v2\/categories?post=234058"},{"taxonomy":"post_tag","embeddable":true,"href":"https:\/\/www.europesays.com\/fr\/wp-json\/wp\/v2\/tags?post=234058"}],"curies":[{"name":"wp","href":"https:\/\/api.w.org\/{rel}","templated":true}]}}