{"id":234062,"date":"2025-07-08T02:27:18","date_gmt":"2025-07-08T02:27:18","guid":{"rendered":"https:\/\/www.europesays.com\/fr\/234062\/"},"modified":"2025-07-08T02:27:18","modified_gmt":"2025-07-08T02:27:18","slug":"national-2-les-girondins-de-bordeaux-ont-debute-leur-recrutement","status":"publish","type":"post","link":"https:\/\/www.europesays.com\/fr\/234062\/","title":{"rendered":"National 2. Les Girondins de Bordeaux ont d\u00e9but\u00e9 leur recrutement"},"content":{"rendered":"<p><img loading=\"lazy\" decoding=\"async\" width=\"696\" height=\"494\" class=\"lazyload entry-thumb\" src=\"https:\/\/www.europesays.com\/fr\/wp-content\/uploads\/2025\/07\/Abou-Ba-Villefranche-2-696x494.jpg\" alt=\"Abou Ba Villefranche\" title=\"Abou Ba Villefranche 2\"\/>Abou Ba sous les couleurs de Villefranche la saison derni\u00e8re. (Photo Laurent Barou)<\/p>\n<p style=\"font-size:20px\"><strong>Apr\u00e8s avoir annonc\u00e9 de nombreuses arriv\u00e9es pour l\u2019\u00e9quipe r\u00e9serve (R\u00e9gional 1), les Girondins de Bordeaux ont d\u00e9but\u00e9 le recrutement de l\u2019\u00e9quipe fanion.<\/strong><\/p>\n<p>Les Girondins de Bordeaux ont-ils retenus les le\u00e7ons de la saison derni\u00e8re ? Toujours est-il que le recrutement semble pour l\u2019instant tr\u00e8s coh\u00e9rent. Apr\u00e8s l\u2019attaquant <strong>Mathieu Villette<\/strong>, qui \u00e9voluait \u00e0 La Roche VF (National 2), six nouveaux joueurs ont sign\u00e9 ce lundi 7 juillet. Comme indiqu\u00e9 par plusieurs m\u00e9dias ce week-end, nous pouvons confirmer que des demandes de licence avec contrat f\u00e9d\u00e9ra ont \u00e9t\u00e9 saisies par le club.<\/p>\n<p>Le d\u00e9fenseur <strong>Eric Vandenabeele<\/strong> (33 ans) d\u00e9barque du Rodez Aveyron Football o\u00f9 il a jou\u00e9 23 matchs la saison derni\u00e8re en Ligue 2. Il est pass\u00e9 par l\u2019US Boulogne C\u00f4te d\u2019Opale (National), Grenoble Foot 38 (CFA, National puis Ligue 2) et Valenciennes (Ligue 2). Le milieu d\u00e9fensif <strong>Abou Ba<\/strong> (26 ans) arrive du FC Villefranche-Beaujolais. Il a jou\u00e9 15 matchs en National la saison derni\u00e8re apr\u00e8s son retour \u00e0 Armand-Chouffet en janvier 2025. Form\u00e9 \u00e0 l\u2019AS Nancy Lorraine (48 matchs en Ligue), il avait \u00e9t\u00e9 transf\u00e9r\u00e9 au FC Nantes \u00e0 l\u2019\u00e9t\u00e9 o\u00f9 il n\u2019a jamais eu sa chance. Il a \u00e9t\u00e9 successivement pr\u00eat\u00e9 \u00e0 l\u2019Aris Salonique (Gr\u00eace), Cosenza Calcio, US Alexandrie (Italie) et RFC Seraingt (Belgique) avant de rebondir dans le Beaujolais.<\/p>\n<p><strong>Des anciens professionnels arrivent \u00e0 Bordeaux<\/strong><\/p>\n<p>Le milieu de terrain bordelais s\u2019\u00e9toffe aussi avec l\u2019arriv\u00e9e de <strong>Guillaume Odru<\/strong> (28 ans). L\u2019ancien joueur de Rumilly-Valli\u00e8res, GOAL FC, La Roche Vf ou Saint-Priest \u00e9voluait depuis le mois de janvier aux Emirats Arabes Unis avec Al-Fujairah SC. La ligne offensive des Girondins voit le recrutement de trois joueurs exp\u00e9riment\u00e9s. Deux qui peuvent \u00e9voluer sur le c\u00f4t\u00e9 : <strong>Steve Shamal<\/strong> (29 ans) et <strong>Royce Openda<\/strong> (23 ans). le premier compte 86 matchs en Ligue 2 et 51 matchs en National avec notamment Quevilly-Rouen, Boulogne, Caen, Annecy et Martigues. Le deuxi\u00e8me compte 54 matchs en National 2 avec la r\u00e9serve du FC Lorient et le FC Chambly Oise.<\/p>\n<p><strong>&gt;&gt;&gt; A lire aussi\u2026<br \/><a href=\"https:\/\/footamateur.ouest-france.fr\/nationaux-les-clubs-en-infraction-au-statut-de-larbitrage\/\" target=\"_blank\" rel=\"noreferrer noopener\">Nationaux. Les clubs en infraction au statut de l\u2019arbitrage<\/a><\/strong><\/p>\n<p>Enfin, l\u2019attaquant de pointe <strong>Lud\u00e9ric Etonde<\/strong> (24 ans) sort d\u2019une saison aboutie avec le Vend\u00e9e Les Herbiers Football (N2). Pass\u00e9 en jeunes par le Paris FC, le FC Metz ou le Stade Lavallois, il a ensuite \u00e9volu\u00e9 au Paris 13 Atletico, \u00e0 l\u2019USL Dunkerque et au Stade Briochin. Le recrutement des Girondins de Bordeaux est loin d\u2019\u00eatre termin\u00e9 puisque douze ou treize joueurus devraient encore arriver au Haillan.<\/p>\n<p><a href=\"https:\/\/footamateur.ouest-france.fr\/author\/jerome\/\" class=\"url\" title=\"J\u00e9rome Bouchacourt\" target=\"_blank\" rel=\"noopener\"> <img decoding=\"async\" src=\"https:\/\/www.europesays.com\/fr\/wp-content\/uploads\/2025\/04\/moi.jpg\" class=\"lazyload photo\" width=\"250\" alt=\"J\u00e9rome Bouchacourt\"\/><\/a><\/p>\n<p>SEO et r\u00e9dacteur en chef chez Sports M\u00e9dia<\/p>\n<p>Petit Suisse originaire de Lausanne, au bord du Lac L\u00e9man, biberonn\u00e9 au Beaujolais depuis ses deux ans, J\u00e9r\u00f4me a migr\u00e9 dans la r\u00e9gion nantaise au d\u00e9but des ann\u00e9es 2000. Fan de football amateur, de ses rencontres, ses terrains bossel\u00e9s, ses buvettes conviviales, il est aussi un bon vivant qui adore la cuisine lyonnaise ! Fondateur de Footamateur.fr en mai 2014.<\/p>\n<p><a href=\"https:\/\/footamateur.ouest-france.fr\/author\/jerome\/\" class=\"url\" title=\"J\u00e9rome Bouchacourt\" target=\"_blank\" rel=\"noopener\"><img decoding=\"async\" src=\"https:\/\/www.europesays.com\/fr\/wp-content\/uploads\/2025\/04\/moi.jpg\" class=\"lazyload photo\" width=\"250\" alt=\"J\u00e9rome Bouchacourt\"\/><\/a>Les derniers articles par J\u00e9rome Bouchacourt (<a href=\"https:\/\/footamateur.ouest-france.fr\/author\/jerome\/\" target=\"_blank\" rel=\"noopener\">tout voir<\/a>)<\/p>\n","protected":false},"excerpt":{"rendered":"Abou Ba sous les couleurs de Villefranche la saison derni\u00e8re. (Photo Laurent Barou) Apr\u00e8s avoir annonc\u00e9 de nombreuses&hellip;\n","protected":false},"author":2,"featured_media":234063,"comment_status":"","ping_status":"","sticky":false,"template":"","format":"standard","meta":{"footnotes":""},"categories":[2817],"tags":[1111,11,1997,1777,674,1011,27,2908,12,2219,25],"class_list":{"0":"post-234062","1":"post","2":"type-post","3":"status-publish","4":"format-standard","5":"has-post-thumbnail","7":"category-bordeaux","8":"tag-actu","9":"tag-actualites","10":"tag-bordeaux","11":"tag-eu","12":"tag-europe","13":"tag-fr","14":"tag-france","15":"tag-girondins-de-bordeaux","16":"tag-news","17":"tag-nouvelle-aquitaine","18":"tag-republique-francaise"},"share_on_mastodon":{"url":"https:\/\/pubeurope.com\/@fr\/114815254234667154","error":""},"_links":{"self":[{"href":"https:\/\/www.europesays.com\/fr\/wp-json\/wp\/v2\/posts\/234062","targetHints":{"allow":["GET"]}}],"collection":[{"href":"https:\/\/www.europesays.com\/fr\/wp-json\/wp\/v2\/posts"}],"about":[{"href":"https:\/\/www.europesays.com\/fr\/wp-json\/wp\/v2\/types\/post"}],"author":[{"embeddable":true,"href":"https:\/\/www.europesays.com\/fr\/wp-json\/wp\/v2\/users\/2"}],"replies":[{"embeddable":true,"href":"https:\/\/www.europesays.com\/fr\/wp-json\/wp\/v2\/comments?post=234062"}],"version-history":[{"count":0,"href":"https:\/\/www.europesays.com\/fr\/wp-json\/wp\/v2\/posts\/234062\/revisions"}],"wp:featuredmedia":[{"embeddable":true,"href":"https:\/\/www.europesays.com\/fr\/wp-json\/wp\/v2\/media\/234063"}],"wp:attachment":[{"href":"https:\/\/www.europesays.com\/fr\/wp-json\/wp\/v2\/media?parent=234062"}],"wp:term":[{"taxonomy":"category","embeddable":true,"href":"https:\/\/www.europesays.com\/fr\/wp-json\/wp\/v2\/categories?post=234062"},{"taxonomy":"post_tag","embeddable":true,"href":"https:\/\/www.europesays.com\/fr\/wp-json\/wp\/v2\/tags?post=234062"}],"curies":[{"name":"wp","href":"https:\/\/api.w.org\/{rel}","templated":true}]}}