{"id":234074,"date":"2025-07-08T02:34:14","date_gmt":"2025-07-08T02:34:14","guid":{"rendered":"https:\/\/www.europesays.com\/fr\/234074\/"},"modified":"2025-07-08T02:34:14","modified_gmt":"2025-07-08T02:34:14","slug":"alexandre-dupalais-candidat-soutenu-par-marine-le-pen-veut-la-fin-de-lautoroute-a-lyon","status":"publish","type":"post","link":"https:\/\/www.europesays.com\/fr\/234074\/","title":{"rendered":"Alexandre Dupalais, candidat soutenu par Marine Le Pen, veut la fin de l&rsquo;autoroute \u00e0 Lyon"},"content":{"rendered":"<p>            Par<br \/>\n        <strong><br \/>\n            <a href=\"https:\/\/actu.fr\/auteur\/anthony-soudani\" title=\"Consulter tous les articles de Anthony Soudani\" rel=\"nofollow noopener\" target=\"_blank\">Anthony Soudani<\/a><br \/>\n        <\/strong><\/p>\n<p>        Publi\u00e9 le<\/p>\n<p>            7 juil. 2025 \u00e0 18h04<br \/>\n        ; mis \u00e0 jour le 7 juil. 2025 \u00e0 18h08    <\/p>\n<p><strong>Alexandre Dupalais<\/strong>, avocat de profession, est le candidat de l\u2019Union des droites pour la R\u00e9publique d\u2019Eric Ciotti, aux municipales 2026. L\u2019ex-militant chez Les R\u00e9publicains vise la mairie de <a href=\"https:\/\/actu.fr\/lyon\/\" rel=\"nofollow noopener\" target=\"_blank\">Lyon<\/a>. Soutenu par le Rassemblement national de <a href=\"https:\/\/actu.fr\/politique\/presidentielle-2027-jordan-bardella-candidat-du-rn-marine-le-pen-lui-a-demande-de-se-preparer_62824595.html\" rel=\"nofollow noopener\" target=\"_blank\">Marine Le Pen et Jordan Bardella<\/a>, il pr\u00e9sente les premi\u00e8res mesures de son programme \u00e0 actu Lyon.\u00a0<br \/>Remplacer la M7\/M6 qui passe \u00e0 Lyon par un grand parc, doubler les effectifs de police municipale, retirer l\u2019\u0153uvre Tissage urbain place Bellecour\u2026 Alexandre Dupalais livre ses ambitions.<\/p>\n<p>Aulas, \u00ab\u00a0le respirateur artificiel de la macronie\u00a0\u00bb<\/p>\n<p class=\" wall-content\">L\u2019avocat ne cache pas son envie de porter l\u2019Union des droites d\u00e8s le premier tour. Rallier \u00e0 sa cause Pierre Oliver, maire du 2e arrondissement et candidat Les R\u00e9publicains ? \u00ab\u00a0Nous avons discut\u00e9. Je ne vais pas trahir nos conversations priv\u00e9es. <strong>C\u2019est quelqu\u2019un que je respecte<\/strong>. Comme tous les chefs LR au niveau local, il a ce choix \u00e0 faire. Et je pense que quand on fait de la politique, il faut annoncer les choix avant.\u00a0\u00bb<\/p>\n<p class=\" wall-content\">Concernant <a href=\"https:\/\/actu.fr\/auvergne-rhone-alpes\/lyon_69123\/lyon-jean-michel-aulas-annonce-quand-il-officialisera-sa-candidature-aux-municipales-2026_62866766.html\" rel=\"nofollow noopener\" target=\"_blank\">Jean-Michel Aulas<\/a>, potentiel candidat \u00e0 la mairie, il l\u2019estime comme le \u00ab\u00a0respirateur artificiel de la macronie et de LR\u00a0\u00bb. \u00ab\u00a0Que <a href=\"https:\/\/actu.fr\/auvergne-rhone-alpes\/lyon_69123\/lyon-cout-efficacite-securite-ce-que-cache-la-promesse-de-2-000-cameras-de-pierre-oliver_62678501.html\" rel=\"nofollow noopener\" target=\"_blank\">Pierre Oliver<\/a> aille avec Jean-Michel Aulas, ce serait parfaitement normal. LR \u00e9tant associ\u00e9 au gouvernement avec les socialistes\u2026\u00a0\u00bb<\/p>\n<p>La place Bellecour \u00ab\u00a0transform\u00e9e en Zad\u00a0\u00bb<\/p>\n<p class=\" wall-content\">Alexandre Dupalais pr\u00f4ne une \u00ab\u00a0rupture compl\u00e8te et totale avec ce qui a \u00e9t\u00e9 fait\u00a0\u00bb. Lui qui consid\u00e8re le maire \u00e9cologiste sortant Gr\u00e9gory Doucet a transform\u00e9 la <a href=\"https:\/\/actu.fr\/auvergne-rhone-alpes\/lyon_69123\/lyon-plus-de-45-c-sous-l-oeuvre-polemique-de-la-place-bellecour-le-createur-replique_62827705.html\" rel=\"nofollow noopener\" target=\"_blank\">place Bellecour<\/a> de \u00ab\u00a0plus belle place d\u2019Europe \u00e0 Zad\u00a0\u00bb.\u00a0<\/p>\n<p class=\" wall-content\">\u00ab\u00a0On ne peut pas lui reprocher d\u2019avoir des id\u00e9es, mais il n\u2019est m\u00eame pas fichu de les mettre en \u0153uvre correctement. La Ville n\u2019est pas plus \u00e9cologique avec des mesures gadgets. Dans quel cerveau malade est n\u00e9 l\u2019id\u00e9e de mettre un \u00e9tendage place Bellecour en pr\u00e9textant qu\u2019on ne pouvait pas mettre d\u2019arbres\u00a0\u00bb, s\u2019agace le candidat.\u00a0<\/p>\n<p>    <img   decoding=\"async\" loading=\"lazy\" src=\"https:\/\/www.europesays.com\/fr\/wp-content\/uploads\/2025\/07\/oeuvre-place-bellecour-lyon-960x598.jpg\" alt=\"Une partie de l'\u0153uvre Tissages Urbains a d\u00e9j\u00e0 \u00e9t\u00e9 install\u00e9e sur la place Bellecour \u00e0 Lyon.\" width=\"960\" height=\"598\"\/><br \/>\n    Une partie de l\u2019\u0153uvre Tissage Urbain a d\u00e9j\u00e0 \u00e9t\u00e9 install\u00e9e sur la place Bellecour \u00e0 Lyon. (\u00a9Th\u00e9o Zuili\/actu Lyon)Son projet pour Bellecour : des restaurants, ombri\u00e8res et poste de police<\/p>\n<p class=\" wall-content\">\u00ab\u00a0\u00c7a ne marche m\u00eame pas et c\u2019est horrible. On est \u00e0 Lyon, on aurait pu mettre de belles choses, des arbres, des ombri\u00e8res. J\u2019imagine qu\u2019il y a des ing\u00e9nieurs comp\u00e9tents. Si demain, je suis maire, \u00e7a va \u00e0 la benne. J\u2019esp\u00e8re qu\u2019on pourra recycler tout \u00e7a, en faire du biocombustible ou des jeux pour enfants.\u00a0\u00bb<\/p>\n<p class=\" wall-content\">Alexandre Dupalais \u00e9voque son projet pour la place Bellecour. \u00ab\u00a0On pourrait imaginer plus de fontaines, mettre des restaurants avec des ombri\u00e8res et en faire un lieu de vie pour les Lyonnais, <strong>une place de la gastronomie<\/strong>. Si on veut s\u2019attaquer \u00e0 la s\u00e9curit\u00e9, on peut mettre un poste de s\u00e9curit\u00e9 de police municipale pour veiller sur place Bellecour et emp\u00eacher les d\u00e9gradations contre la statue de Louis XIV.\u00a0\u00bb<\/p>\n<p class=\" wall-content\">Il propose \u00e9galement de remettre les statues du Rh\u00f4ne et de la Sa\u00f4ne, enlev\u00e9es pour \u00eatre mises aux Beaux Arts.\u00a0<\/p>\n<p>Un moratoire sur la ZTL et doubler les effectifs de police municipale<\/p>\n<p class=\" wall-content\">Toujours en Presqu\u2019\u00eele, le candidat de l\u2019Union des Droites souhaiterait mettre en place un moratoire sur la <a href=\"https:\/\/actu.fr\/auvergne-rhone-alpes\/lyon_69123\/ztl-a-lyon-commercants-habitants-et-usagers-des-tcl-agaces-on-ne-tiendra-pas_62869137.html\" rel=\"nofollow noopener\" target=\"_blank\">Zone \u00e0 trafic limit\u00e9<\/a> pour \u00ab\u00a0\u00e9couter les Lyonnais\u00a0\u00bb en faisant une concertation.<\/p>\n<p class=\" wall-content\">C\u00f4t\u00e9 s\u00e9curit\u00e9, le candidat soutenu par l\u2019extr\u00eame droite souhaite doubler les effectifs de police municipale en 3 ans (pour les porter \u00e0 600). Il annonce aussi \u00ab\u00a0un plan massif de vid\u00e9oprotection et l\u2019installation d\u00e8s la premi\u00e8re ann\u00e9e de mandat de trente postes de police municipale de proximit\u00e9 en pr\u00e9fabriqu\u00e9\u00a0\u00bb.<\/p>\n<p>Faire un parc g\u00e9ant \u00e0 la place de l\u2019autoroute qui traverse Lyon<\/p>\n<p class=\" wall-content\">Alexandre Dupalais a une autre ambition. Un serpent de mer qui revient souvent chez les politiques : emp\u00eacher l\u2019autoroute Paris-Marseille de traverser Lyon. <strong>Il veut en finir avec la M6\/M7 qui coupe la Presqu\u2019\u00eele<\/strong> et propose quelque chose de tr\u00e8s ambitieux : \u00ab\u00a0Nous cr\u00e9erons sur l\u2019emprise lib\u00e9r\u00e9e de l\u2019autoroute actuelle un second grand parc urbain apr\u00e8s celui de la T\u00eate d\u2019or, tout au long du cours Verdun et du quai Perrache.\u00a0\u00bb<\/p>\n<p>    <img   decoding=\"async\" loading=\"lazy\" src=\"https:\/\/www.europesays.com\/fr\/wp-content\/uploads\/2025\/07\/bouchons-lyon-autoroute-quais-rhone-960x640.jpg\" alt=\"Les Lyonnais ont pass\u00e9 en moyenne 8 jours et 9 heures dans les bouchons en 2022.\" width=\"960\" height=\"640\"\/><br \/>\n    Alexandre Dupalais veut en finir avec l\u2019autoroute qui traverse Lyon. (\u00a9Archives\/ actu Lyon)<\/p>\n<p class=\" wall-content\">Il souhaite soit enterrer l\u2019autoroute, soit la d\u00e9tourner. \u00ab\u00a0Moi, maire de Lyon, il n\u2019y aura plus d\u2019autoroute au bout du mandat. Et bon courage \u00e0 ceux qui voudront s\u2019y opposer. Il faut sauver les Lyonnais de cette pollution insupportable\u00a0\u00bb, lance le candidat de l\u2019Union des droites. \u00ab\u00a0Je vais faire un programme ambitieux, jamais vu \u00e0 Lyon\u00a0\u00bb, promet-il.<\/p>\n<p class=\" wall-content\">Suivez toute l\u2019actualit\u00e9 de vos villes et m\u00e9dias favoris en vous inscrivant \u00e0 <a href=\"https:\/\/moncompte.actu.fr\" title=\"D\u00e9couvez Mon Actu\" rel=\"nofollow noopener\" data-trk=\"{&quot;cta&quot;:{&quot;action&quot;:&quot;https:\\\/\\\/moncompte.actu.fr&quot;,&quot;category&quot;:&quot;mon compte&quot;,&quot;from&quot;:&quot;article footer&quot;,&quot;name&quot;:&quot;Mon actu&quot;,&quot;type&quot;:&quot;cta&quot;}}\" target=\"_blank\">Mon Actu<\/a>.<\/p>\n","protected":false},"excerpt":{"rendered":"Par Anthony Soudani Publi\u00e9 le 7 juil. 2025 \u00e0 18h04 ; mis \u00e0 jour le 7 juil. 2025&hellip;\n","protected":false},"author":2,"featured_media":234075,"comment_status":"","ping_status":"","sticky":false,"template":"","format":"standard","meta":{"footnotes":""},"categories":[1889],"tags":[1111,11,2430,4188,6537,1777,674,1011,27,2428,430,3434,12,316,25],"class_list":{"0":"post-234074","1":"post","2":"type-post","3":"status-publish","4":"format-standard","5":"has-post-thumbnail","7":"category-lyon","8":"tag-actu","9":"tag-actualites","10":"tag-auvergne-rhone-alpes","11":"tag-elections-municipales","12":"tag-eric-ciotti","13":"tag-eu","14":"tag-europe","15":"tag-fr","16":"tag-france","17":"tag-lyon","18":"tag-marine-le-pen","19":"tag-municipales-2026","20":"tag-news","21":"tag-politique","22":"tag-republique-francaise"},"share_on_mastodon":{"url":"https:\/\/pubeurope.com\/@fr\/114815281865341953","error":""},"_links":{"self":[{"href":"https:\/\/www.europesays.com\/fr\/wp-json\/wp\/v2\/posts\/234074","targetHints":{"allow":["GET"]}}],"collection":[{"href":"https:\/\/www.europesays.com\/fr\/wp-json\/wp\/v2\/posts"}],"about":[{"href":"https:\/\/www.europesays.com\/fr\/wp-json\/wp\/v2\/types\/post"}],"author":[{"embeddable":true,"href":"https:\/\/www.europesays.com\/fr\/wp-json\/wp\/v2\/users\/2"}],"replies":[{"embeddable":true,"href":"https:\/\/www.europesays.com\/fr\/wp-json\/wp\/v2\/comments?post=234074"}],"version-history":[{"count":0,"href":"https:\/\/www.europesays.com\/fr\/wp-json\/wp\/v2\/posts\/234074\/revisions"}],"wp:featuredmedia":[{"embeddable":true,"href":"https:\/\/www.europesays.com\/fr\/wp-json\/wp\/v2\/media\/234075"}],"wp:attachment":[{"href":"https:\/\/www.europesays.com\/fr\/wp-json\/wp\/v2\/media?parent=234074"}],"wp:term":[{"taxonomy":"category","embeddable":true,"href":"https:\/\/www.europesays.com\/fr\/wp-json\/wp\/v2\/categories?post=234074"},{"taxonomy":"post_tag","embeddable":true,"href":"https:\/\/www.europesays.com\/fr\/wp-json\/wp\/v2\/tags?post=234074"}],"curies":[{"name":"wp","href":"https:\/\/api.w.org\/{rel}","templated":true}]}}