{"id":234078,"date":"2025-07-08T02:36:17","date_gmt":"2025-07-08T02:36:17","guid":{"rendered":"https:\/\/www.europesays.com\/fr\/234078\/"},"modified":"2025-07-08T02:36:17","modified_gmt":"2025-07-08T02:36:17","slug":"phase-de-stabilisation-dans-le-marche-immobilier-des-maisons-individuelles-en-ile-de-france-2","status":"publish","type":"post","link":"https:\/\/www.europesays.com\/fr\/234078\/","title":{"rendered":"\u00ab Phase de stabilisation \u00bb dans le march\u00e9 immobilier des maisons individuelles en Ile-de-France"},"content":{"rendered":"<p>        <img fetchpriority=\"high\" decoding=\"async\" src=\"https:\/\/www.europesays.com\/fr\/wp-content\/uploads\/2025\/06\/575c25bb958a4bfa73c979dabb2c31b9-760x507.jpg\" alt=\"Les ventes de maisons en Ile-de-France n'ont pas connu la croissance attendue par les professionnels. (illustration) (Schluesseldienst \/ Pixabay)\" loading=\"eager\" width=\"760\" height=\"507\" style=\"max-width: 100%!important; height: auto;\"\/><\/p>\n<p class=\"c-image-news__legend\">Les ventes de maisons en Ile-de-France n&rsquo;ont pas connu la croissance attendue par les professionnels. (illustration) (Schluesseldienst \/ Pixabay)<\/p>\n<p><strong><br \/>\n Pas aussi importante qu&rsquo;esp\u00e9r\u00e9e, la reprise sur le march\u00e9 immobilier des maisons en Ile-de-France tend toutefois \u00e0 se confirmer sur les derniers mois, en particulier dans certains d\u00e9partements. Les acheteurs ont en effet la possibilit\u00e9 de profiter de taux d&rsquo;int\u00e9r\u00eat \u00e0 la baisse.<br \/>\n<\/strong><\/p>\n<p>\n Reprise ou pas reprise, telle est la question. En Ile-de-France, la hausse des taux immobiliers et le durcissement des conditions d\u2019acc\u00e8s au cr\u00e9dit ont fait chuter les prix des maisons individuelles ces derni\u00e8res ann\u00e9es. Le ph\u00e9nom\u00e8ne intervenait apr\u00e8s une forte hausse enregistr\u00e9e entre 2020 et 2022 durant le Covid. Si le d\u00e9but de l\u2019ann\u00e9e 2025 avait fait miroiter aux promoteurs la promesse d\u2019une reprise du march\u00e9, la tendance reste en r\u00e9alit\u00e9 limit\u00e9e et circonscrite \u00e0 certaines parties de la r\u00e9gion, rapporte<br \/>\n <a href=\"https:\/\/www.leparisien.fr\/immobilier\/prix-de-limmobilier-en-ile-de-france-ces-departements-qui-limitent-la-casse-sur-le-marche-des-maisons-13-06-2025-HI6VR35T5BB35H7FLKWG6YZM6A.php\" rel=\"nofollow noopener noreferrer\" target=\"_blank\"><\/p>\n<p>   Le Parisien<\/p>\n<p> <\/a><br \/>\n .\n<\/p>\n<p> \u00ab Un printemps un peu mou \u00bb<\/p>\n<p>  \u00ab Depuis la fin de l\u2019ann\u00e9e, on se retrouve dans une phase de stabilisation et de petite reprise. On est un peu mieux qu\u2019au niveau national, mais c\u2019est un printemps un peu mou\u2026 \u00bb<\/p>\n<p> , a analys\u00e9 Barbara Castillo Rico, responsable des \u00e9tudes \u00e9conomiques chez SeLoger-Meilleurs Agents. Du c\u00f4t\u00e9 des chiffres, on parle d\u2019une augmentation limit\u00e9e \u00e0 0,6 % du prix des maisons en moyenne entre mars et juin 2025. Sur un an, c&rsquo;est une baisse de 1,5 % qui a \u00e9t\u00e9 observ\u00e9e. Elle atteint m\u00eame -10,3 % sur trois ans.\n<\/p>\n<p>\n Au cours des trois derniers mois, c\u2019est la Seine-Saint-Denis qui a montr\u00e9 les signes les plus clairs de reprise. Le prix moyen des maisons y est de 3 405 euros\/m2, ce qui correspond \u00e0 une hausse de 2,9 % depuis mars. Sur un an, l&rsquo;\u00e9volution est toutefois stable \u00e0 -0,7 %. Dans le Val-de-Marne, en revanche, si le prix moyen n\u2019a augment\u00e9 que de 0,7 % sur les trois derniers mois pour atteindre 4 779 euros\/m2, une hausse sur un an de 3 % a \u00e9t\u00e9 enregistr\u00e9e, signe d\u2019une demande soutenue, en particulier dans les secteurs les plus recherch\u00e9s. Dans la grande couronne, les Yvelines (+1,1 %, 3 835 euros\/m2) et le Val-d\u2019Oise (+0,6 %, 3 091 euros\/m2) montrent \u00e9galement de timides signes de reprise sur les trois derniers mois.\n<\/p>\n<p> Plusieurs facteurs \u00e0 prendre en compte<\/p>\n<p>\n En Ile-de-France, on est par contre loin de la reprise dans le micro-march\u00e9 des Hauts-de-Seine. Dans ce d\u00e9partement qui ne compte que 12 % de maisons, les prix ont encore baiss\u00e9 de -4,7 % sur un an et sont d\u00e9sormais \u00e0 6 669 euros\/m2. Le prix est-il toutefois le secteur facteur de reprise ? Pas seulement, d\u2019apr\u00e8s Olivier Descamps, directeur g\u00e9n\u00e9ral du r\u00e9seau de mandataires IAD France.<\/p>\n<p>  \u00ab \u00c7a s\u2019am\u00e9liore \u00e9galement dans les d\u00e9partements o\u00f9 des lignes de RER ont \u00e9t\u00e9 prolong\u00e9es, o\u00f9 il y a plus de TER\u2026 \u00bb<\/p>\n<p> , a-t-il expliqu\u00e9.\n<\/p>\n<p>\n Mais alors, que peut-on esp\u00e9rer pour l\u2019avenir sur ce march\u00e9 ? Tous les acteurs semblent confirmer le d\u00e9marrage d\u2019une tendance \u00e0 la reprise, port\u00e9e par la stabilisation des taux, qui atteignent actuellement 3,35 % en moyenne sur 20 ans. En clair, c\u2019est peut-\u00eatre le moment d\u2019acheter, avant que le prix des maisons en Ile-de-France ne remonte en fl\u00e8che.<\/p>\n","protected":false},"excerpt":{"rendered":"Les ventes de maisons en Ile-de-France n&rsquo;ont pas connu la croissance attendue par les professionnels. (illustration) (Schluesseldienst \/&hellip;\n","protected":false},"author":2,"featured_media":178785,"comment_status":"","ping_status":"","sticky":false,"template":"","format":"standard","meta":{"footnotes":""},"categories":[1592],"tags":[400,1111,11,398,408,405,1777,674,1011,27,662,403,402,399,404,12,626,25,401,406,407],"class_list":{"0":"post-234078","1":"post","2":"type-post","3":"status-publish","4":"format-standard","5":"has-post-thumbnail","7":"category-ile-de-france","8":"tag-action-cac-40","9":"tag-actu","10":"tag-actualites","11":"tag-bourse-de-paris","12":"tag-boursorama","13":"tag-cotations","14":"tag-eu","15":"tag-europe","16":"tag-fr","17":"tag-france","18":"tag-ile-de-france","19":"tag-indices-devises","20":"tag-investir","21":"tag-investissement","22":"tag-marche-boursier","23":"tag-news","24":"tag-paris","25":"tag-republique-francaise","26":"tag-sicav","27":"tag-trackers","28":"tag-warrants"},"share_on_mastodon":{"url":"https:\/\/pubeurope.com\/@fr\/114815289741006647","error":""},"_links":{"self":[{"href":"https:\/\/www.europesays.com\/fr\/wp-json\/wp\/v2\/posts\/234078","targetHints":{"allow":["GET"]}}],"collection":[{"href":"https:\/\/www.europesays.com\/fr\/wp-json\/wp\/v2\/posts"}],"about":[{"href":"https:\/\/www.europesays.com\/fr\/wp-json\/wp\/v2\/types\/post"}],"author":[{"embeddable":true,"href":"https:\/\/www.europesays.com\/fr\/wp-json\/wp\/v2\/users\/2"}],"replies":[{"embeddable":true,"href":"https:\/\/www.europesays.com\/fr\/wp-json\/wp\/v2\/comments?post=234078"}],"version-history":[{"count":0,"href":"https:\/\/www.europesays.com\/fr\/wp-json\/wp\/v2\/posts\/234078\/revisions"}],"wp:featuredmedia":[{"embeddable":true,"href":"https:\/\/www.europesays.com\/fr\/wp-json\/wp\/v2\/media\/178785"}],"wp:attachment":[{"href":"https:\/\/www.europesays.com\/fr\/wp-json\/wp\/v2\/media?parent=234078"}],"wp:term":[{"taxonomy":"category","embeddable":true,"href":"https:\/\/www.europesays.com\/fr\/wp-json\/wp\/v2\/categories?post=234078"},{"taxonomy":"post_tag","embeddable":true,"href":"https:\/\/www.europesays.com\/fr\/wp-json\/wp\/v2\/tags?post=234078"}],"curies":[{"name":"wp","href":"https:\/\/api.w.org\/{rel}","templated":true}]}}