{"id":234090,"date":"2025-07-08T02:43:12","date_gmt":"2025-07-08T02:43:12","guid":{"rendered":"https:\/\/www.europesays.com\/fr\/234090\/"},"modified":"2025-07-08T02:43:12","modified_gmt":"2025-07-08T02:43:12","slug":"pourquoi-je-ne-retirerai-pas-le-drapeau-ukrainien-du-fronton-de-la-mairie","status":"publish","type":"post","link":"https:\/\/www.europesays.com\/fr\/234090\/","title":{"rendered":"Pourquoi je ne retirerai pas le drapeau ukrainien du fronton de la mairie"},"content":{"rendered":"<p>            Par<br \/>\n        <strong><br \/>\n            <a href=\"https:\/\/actu.fr\/auteur\/journaliste-lp\" title=\"Consulter tous les articles de R\u00e9daction Lamballe\" rel=\"nofollow noopener\" target=\"_blank\">R\u00e9daction Lamballe<\/a><br \/>\n        <\/strong><\/p>\n<p>        Publi\u00e9 le<\/p>\n<p>            7 juil. 2025 \u00e0 15h34        <\/p>\n<p>O\u00f9 sont pass\u00e9s les drapeaux ukrainiens sur les frontons des municipalit\u00e9s qui affichaient, depuis 2022, leur solidarit\u00e9 avec un peuple agress\u00e9 dans ses fronti\u00e8res souveraines ? Un recours a \u00e9t\u00e9 adress\u00e9 le 21 juin 2025 par le Lamballais Ewann Delaunay aupr\u00e8s du tribunal administratif de Rennes, qui lui a donn\u00e9 raison au nom de <b>\u00ab\u00a0l\u2019obligation de neutralit\u00e9\u00a0\u00bb<\/b>.\u00a0<\/p>\n<p class=\" wall-content\">Mais le maire de Ploeuc-L\u2019Hermitage <b>(C\u00f4tes-d\u2019Armor),<\/b> Thibaut Guignard, ne l\u2019entend pas de cette oreille et explique pourquoi il est entr\u00e9 en r\u00e9sistance.<\/p>\n<p>\u00ab\u00a0Il faudra que quelqu\u2019un vienne avec sa nacelle pour l\u2019enlever\u00a0\u00bb<\/p>\n<p class=\" wall-content\">Selon l\u2019\u00e9dile, \u00ab\u00a0le recours d\u00e9pos\u00e9 le 21 juin devant le tribunal administratif de Rennes \u00e9mane d\u2019un militant du Rassemblement National, un parti dont les liens financiers et politiques avec le Kremlin sont av\u00e9r\u00e9s\u00a0\u00bb.<\/p>\n<blockquote class=\"ac-article-quote wall-content\">\n<p>Afficher le drapeau ukrainien, c\u2019est affirmer notre solidarit\u00e9 avec un peuple qui r\u00e9siste \u00e0 l\u2019oppression, et notre attachement aux principes de libert\u00e9, de souverainet\u00e9 et de paix.<\/p>\n<p>Thibaut Guignard, maire de Ploeuc-L\u2019Hermitage\u00a0<\/p><\/blockquote>\n<p class=\" wall-content\">Pour lui, il ne peut y avoir aucune ambigu\u00eft\u00e9 : \u00ab\u00a0La position de la France, de l\u2019Union europ\u00e9enne et de la grande majorit\u00e9 du monde d\u00e9mocratique est claire : <b>un soutien r\u00e9solu et constant \u00e0 l\u2019Ukraine<\/b> face \u00e0 l\u2019agresseur.\u00a0\u00bb<\/p>\n<p>Vid\u00e9os : en ce moment sur Actu<\/p>\n<p class=\" wall-content\">Thibaut Guignard enfonce le clou : \u00ab\u00a0Aujourd\u2019hui, on exige que l\u2019on retire le drapeau ukrainien. Demain, <b>au nom de principes fallacieux<\/b>, certains r\u00e9clameront que l\u2019on retire le drapeau europ\u00e9en. Et apr\u00e8s-demain, pourquoi pas notre propre drapeau breton, le Gwenn ha Du ?\u00a0\u00bb<\/p>\n<blockquote class=\"ac-article-quote wall-content\">\n<p>L\u2019histoire du XXe si\u00e8cle nous a douloureusement appris que les r\u00e9gimes autoritaires ne s\u2019installent jamais d\u2019un seul coup. Ils avancent masqu\u00e9s, \u00e0 coups de petites compromissions, de symboles qu\u2019on retire.<\/p>\n<\/blockquote>\n<p class=\" wall-content\">D\u2019un trait de plume, Thibaut Guignard met au d\u00e9fi ceux qui seraient d\u2019un avis contraire : \u00ab\u00a0Il faudra que quelqu\u2019un vienne avec sa nacelle pour l\u2019enlever.\u00a0\u00bb<\/p>\n<p class=\" wall-content\">Suivez toute l\u2019actualit\u00e9 de vos villes et m\u00e9dias favoris en vous inscrivant \u00e0 <a href=\"https:\/\/moncompte.actu.fr\" title=\"D\u00e9couvez Mon Actu\" rel=\"nofollow noopener\" data-trk=\"{&quot;cta&quot;:{&quot;action&quot;:&quot;https:\\\/\\\/moncompte.actu.fr&quot;,&quot;category&quot;:&quot;mon compte&quot;,&quot;from&quot;:&quot;article footer&quot;,&quot;name&quot;:&quot;Mon actu&quot;,&quot;type&quot;:&quot;cta&quot;}}\" target=\"_blank\">Mon Actu<\/a>.<\/p>\n","protected":false},"excerpt":{"rendered":"Par R\u00e9daction Lamballe Publi\u00e9 le 7 juil. 2025 \u00e0 15h34 O\u00f9 sont pass\u00e9s les drapeaux ukrainiens sur les&hellip;\n","protected":false},"author":2,"featured_media":234091,"comment_status":"","ping_status":"","sticky":false,"template":"","format":"standard","meta":{"footnotes":""},"categories":[1590],"tags":[11,1777,674,131,12,316,220],"class_list":{"0":"post-234090","1":"post","2":"type-post","3":"status-publish","4":"format-standard","5":"has-post-thumbnail","7":"category-ukraine","8":"tag-actualites","9":"tag-eu","10":"tag-europe","11":"tag-guerre-en-ukraine","12":"tag-news","13":"tag-politique","14":"tag-ukraine"},"share_on_mastodon":{"url":"https:\/\/pubeurope.com\/@fr\/114815317324911680","error":""},"_links":{"self":[{"href":"https:\/\/www.europesays.com\/fr\/wp-json\/wp\/v2\/posts\/234090","targetHints":{"allow":["GET"]}}],"collection":[{"href":"https:\/\/www.europesays.com\/fr\/wp-json\/wp\/v2\/posts"}],"about":[{"href":"https:\/\/www.europesays.com\/fr\/wp-json\/wp\/v2\/types\/post"}],"author":[{"embeddable":true,"href":"https:\/\/www.europesays.com\/fr\/wp-json\/wp\/v2\/users\/2"}],"replies":[{"embeddable":true,"href":"https:\/\/www.europesays.com\/fr\/wp-json\/wp\/v2\/comments?post=234090"}],"version-history":[{"count":0,"href":"https:\/\/www.europesays.com\/fr\/wp-json\/wp\/v2\/posts\/234090\/revisions"}],"wp:featuredmedia":[{"embeddable":true,"href":"https:\/\/www.europesays.com\/fr\/wp-json\/wp\/v2\/media\/234091"}],"wp:attachment":[{"href":"https:\/\/www.europesays.com\/fr\/wp-json\/wp\/v2\/media?parent=234090"}],"wp:term":[{"taxonomy":"category","embeddable":true,"href":"https:\/\/www.europesays.com\/fr\/wp-json\/wp\/v2\/categories?post=234090"},{"taxonomy":"post_tag","embeddable":true,"href":"https:\/\/www.europesays.com\/fr\/wp-json\/wp\/v2\/tags?post=234090"}],"curies":[{"name":"wp","href":"https:\/\/api.w.org\/{rel}","templated":true}]}}