{"id":234092,"date":"2025-07-08T02:44:10","date_gmt":"2025-07-08T02:44:10","guid":{"rendered":"https:\/\/www.europesays.com\/fr\/234092\/"},"modified":"2025-07-08T02:44:10","modified_gmt":"2025-07-08T02:44:10","slug":"trump-veut-celebrer-lamerique-avec-un-jardin-des-heros-pres-du-mont-rushmore","status":"publish","type":"post","link":"https:\/\/www.europesays.com\/fr\/234092\/","title":{"rendered":"Trump veut c\u00e9l\u00e9brer l\u2019Am\u00e9rique avec un \u00ab\u00a0Jardin des H\u00e9ros\u00a0\u00bb pr\u00e8s du Mont Rushmore"},"content":{"rendered":"<p>C\u2019est en\u00a02020, sous les visages sculpt\u00e9s du Mont Rushmore, que <a href=\"https:\/\/www.20minutes.fr\/dossier\/donald_trump\" target=\"_blank\" class=\"color-ultramarine c-link\" rel=\"noopener\">Donald Trump<\/a> lan\u00e7ait son id\u00e9e\u00a0: un jardin monumental pour c\u00e9l\u00e9brer \u00ab\u00a0les g\u00e9ants du pass\u00e9\u00a0\u00bb face \u00e0 ce qu\u2019il d\u00e9non\u00e7ait comme une \u00ab\u00a0campagne impitoyable\u00a0\u00bb contre les valeurs am\u00e9ricaines. Cinq ans plus tard, le projet ressurgit sous son second mandat, rebaptis\u00e9 <a href=\"https:\/\/www.neh.gov\/program\/national-garden-american-heroes-statues\" rel=\"nofollow noopener\" target=\"_blank\" class=\"color-ultramarine c-link\">\u00ab\u00a0National Garden of American Heroes\u00a0\u00bb<\/a> et pr\u00e9sent\u00e9 comme un legs \u00e0 la post\u00e9rit\u00e9 pour le 250e anniversaire des Etats-Unis, pr\u00e9vu en juillet\u00a02026.<\/p>\n<p>Mais selon <a href=\"https:\/\/www.cnn.com\/2025\/07\/03\/politics\/trump-national-garden-of-heroes-mount-rushmore\" rel=\"nofollow noopener\" target=\"_blank\" class=\"color-ultramarine c-link\">CNN<\/a>, le chantier, aussi symbolique qu\u2019ambitieux, avance dans la pr\u00e9cipitation et la confusion. Objectif initial\u00a0: 250 statues grandeur nature repr\u00e9sentant aussi bien Abraham Lincoln, Amelia Earhart ou Muhammad Ali que Steve Jobs, Ruth Bader Ginsburg ou encore Alex Trebek. Un m\u00e9lange qui refl\u00e8te la vision tr\u00e8s personnelle de Donald Trump sur l\u2019identit\u00e9 am\u00e9ricaine.<\/p>\n<p>Un calendrier d\u00e9j\u00e0 r\u00e9vis\u00e9<\/p>\n<p>Officiellement, le projet b\u00e9n\u00e9ficie d\u2019un soutien f\u00e9d\u00e9ral. Quelque 40\u00a0millions de dollars ont \u00e9t\u00e9 inscrits dans le budget du minist\u00e8re de l\u2019Int\u00e9rieur pour l\u2019achat du terrain et les infrastructures, tandis que la <a href=\"https:\/\/www.neh.gov\" rel=\"nofollow noopener\" target=\"_blank\" class=\"color-ultramarine c-link\">National Endowment for the Humanities (NEH)<\/a> et la <a href=\"https:\/\/www.arts.gov\" rel=\"nofollow noopener\" target=\"_blank\" class=\"color-ultramarine c-link\">National Endowment for the Arts (NEA)<\/a> ont d\u00e9gag\u00e9 34\u00a0millions pour financer les \u0153uvres.<\/p>\n<\/p>\n<p>Mais en coulisses, l\u2019administration a discr\u00e8tement revu ses ambitions \u00e0 la baisse, selon une source proche du projet cit\u00e9e par <a href=\"https:\/\/www.20minutes.fr\/dossier\/cnn\" target=\"_blank\" class=\"color-ultramarine c-link\" rel=\"noopener\">CNN<\/a>. Au lieu des 250 sculptures attendues, seules 25 \u00e0 50 seraient d\u00e9sormais pr\u00e9vues pour l\u2019inauguration en juillet\u00a02026, le reste devant \u00eatre r\u00e9alis\u00e9 plus tard. Un recul assum\u00e9 face aux d\u00e9lais, aux co\u00fbts et aux difficult\u00e9s de production.<\/p>\n<p>Des exigences strictes, des moyens limit\u00e9s<\/p>\n<p>Le cahier des charges transmis aux artistes en avril dernier impose une esth\u00e9tique classique, des mat\u00e9riaux nobles (marbre, bronze, granite, cuivre ou laiton) et des proportions r\u00e9alistes, avec des statues mesurant entre 2 et 2,6 m\u00e8tres. Les artistes devaient soumettre leur candidature avant le 1er\u00a0juillet, avec esquisses, sources historiques et justificatifs administratifs.<\/p>\n<blockquote class=\"twitter-tweet\" align=\"center\" data-lang=\"fr_FR\">\n<p lang=\"en\" dir=\"ltr\">\ud83d\udea8 BREAKING: Trump\u2019s National Garden of American Heroes to honor Harriet Tubman, Rosa Parks, Billie Holiday, Aretha Franklin, Coretta Scott King, Frederick Douglass, Jackie Robinson, MLK Jr., Muhammad Ali, &amp; Kobe Bryant. <\/p>\n<p>Icons immortalized! \ud83c\uddfa\ud83c\uddf8 <a href=\"https:\/\/twitter.com\/hashtag\/AmericanHeroes?src=hash&amp;ref_src=twsrc%5Etfw\" target=\"_blank\" rel=\"noopener\">#AmericanHeroes<\/a> <a href=\"https:\/\/t.co\/aQvhviBGhp\">pic.twitter.com\/aQvhviBGhp<\/a><\/p>\n<p>\u2014 Jesus G. Navarro \ud83c\uddfa\ud83c\uddf8 (@realjgnavarro) <a href=\"https:\/\/twitter.com\/realjgnavarro\/status\/1893122607072907562?ref_src=twsrc%5Etfw\" target=\"_blank\" rel=\"noopener\">February 22, 2025<\/a><\/p><\/blockquote>\n<p class=\"mb-xxl@xs color-ultramarine font-weight-semi-bold@xs font-source-serif-pro heading-s@xs\">L\u2019acc\u00e8s \u00e0 ce contenu a \u00e9t\u00e9 bloqu\u00e9 afin de respecter votre choix de consentement<\/p>\n<p class=\"mb-m@xs text-l@xs\">En cliquant sur\u00ab J\u2019accepte \u00bb, vous acceptez le d\u00e9p\u00f4t de cookies par des services externes et aurez ainsi acc\u00e8s aux contenus de nos partenaires.<\/p>\n<p class=\"mb-xl@xs text-s@xs\">Plus d\u2019informations sur la page<a href=\"https:\/\/www.20minutes.fr\/gestion-cookies\" class=\"mx-xxs@xs color-ultramarine\" target=\"_blank\" rel=\"noopener\">Politique de gestion des cookies<\/a><\/p>\n<p>J\u2019accepte<\/p>\n<p>Mais le budget allou\u00e9 par statue (200.000 dollars) est jug\u00e9 tr\u00e8s insuffisant pour un tel niveau d\u2019exigence. \u00ab\u00a0Ce n\u2019est pas un projet bien pens\u00e9\u00a0\u00bb, affirme Melissa Walker, de la fonderie Carolina Bronze Sculpture, \u00e0 CNN. De son c\u00f4t\u00e9, Micah Springut, fondateur de Monumental Labs \u00e0 <a href=\"https:\/\/www.20minutes.fr\/dossier\/new_york\" target=\"_blank\" class=\"color-ultramarine c-link\" rel=\"noopener\">New York<\/a>, estime que les co\u00fbts r\u00e9els (mat\u00e9riaux, main-d\u2019\u0153uvre, transport, installation) peuvent d\u00e9passer les 300.000 dollars. \u00ab\u00a0Il faut \u00eatre soit riche, soit tr\u00e8s id\u00e9aliste pour participer\u00a0\u00bb, dit-il. Il a n\u00e9anmoins propos\u00e9 d\u2019avancer jusqu\u2019\u00e0 100.000 dollars \u00e0 certains artistes retenus, en attendant les paiements f\u00e9d\u00e9raux.<\/p>\n<p>Des artistes partag\u00e9s mais mobilis\u00e9s<\/p>\n<p>Malgr\u00e9 les contraintes, plusieurs sculpteurs ont r\u00e9pondu \u00e0 l\u2019appel. Paula Slater, artiste reconnue, a propos\u00e9 trois figures\u00a0: Maria Tallchief, ballerine am\u00e9rindienne, l\u2019auteur Herman Melville et l\u2019actrice Ingrid Bergman. \u00ab\u00a0Je fais \u00e7a malgr\u00e9 Trump, pas pour lui. Ce projet peut entrer dans l\u2019histoire\u00a0\u00bb, a-t-elle confi\u00e9 \u00e0 la cha\u00eene d\u2019informations. John Belardo, sculpteur new-yorkais, a \u00e9galement soumis Melville, qu\u2019il souhaite sculpter en marbre blanc, en \u00e9cho \u00e0 Moby Dick. \u00ab\u00a0Dans 50 ans, on ne retiendra pas qui l\u2019a command\u00e9. Ce qui restera, ce sont les \u0153uvres.\u00a0\u00bb<\/p>\n<p>Mais la s\u00e9lection des figures propos\u00e9es, m\u00ealant c\u00e9l\u00e9brit\u00e9s t\u00e9l\u00e9, figures religieuses et p\u00e8res fondateurs, suscite le scepticisme d\u2019une partie du monde artistique. \u00ab\u00a0\u00c7a ressemble \u00e0 un carnaval\u00a0\u00bb, critique Ken Lum, professeur \u00e0 l\u2019Universit\u00e9 de <a href=\"https:\/\/www.20minutes.fr\/dossier\/pennsylvanie\" target=\"_blank\" class=\"color-ultramarine c-link\" rel=\"noopener\">Pennsylvanie<\/a>.<\/p>\n<p>Une instrumentalisation de la culture\u00a0?<\/p>\n<p>Au-del\u00e0 de l\u2019aspect artistique, le projet soul\u00e8ve des questions politiques. Donald Trump a drastiquement r\u00e9duit les subventions aux institutions culturelles comme la NEH, la NEA ou l\u2019Institute for Museum and Library Services (IMLS), tout en r\u00e9affectant des fonds vers ce jardin patriote qu\u2019il contr\u00f4le directement. \u00ab\u00a0C\u2019est un d\u00e9tournement de ressources publiques \u00e0 des fins personnelles\u00a0\u00bb, accuse un ancien haut fonctionnaire du NEH, cit\u00e9 anonymement par CNN.<\/p>\n<p><a href=\"https:\/\/www.20minutes.fr\/dossier\/donald_trump\" target=\"_blank\" class=\"c-link c-btn c-btn--primary\" rel=\"noopener\">Nos articles sur Donald Trump<\/a><\/p>\n<p>Plusieurs villes se sont port\u00e9es candidates, mais le Dakota du Sud tient la corde, selon CNN. L\u2019Etat propose un terrain de 16 hectares proche du Mont Rushmore. Un am\u00e9nagement paysager complet, avec sentiers, ponts et plans d\u2019eau, est d\u00e9j\u00e0 pr\u00eat. Philadelphie et Washington D.C. sont aussi \u00e9voqu\u00e9es, mais aucun plan aussi avanc\u00e9 n\u2019a \u00e9t\u00e9 pr\u00e9sent\u00e9 par les autorit\u00e9s locales.<\/p>\n<p><script async src=\"https:\/\/platform.twitter.com\/widgets.js\" charset=\"utf-8\"><\/script><\/p>\n","protected":false},"excerpt":{"rendered":"C\u2019est en\u00a02020, sous les visages sculpt\u00e9s du Mont Rushmore, que Donald Trump lan\u00e7ait son id\u00e9e\u00a0: un jardin monumental&hellip;\n","protected":false},"author":2,"featured_media":234093,"comment_status":"","ping_status":"","sticky":false,"template":"","format":"standard","meta":{"footnotes":""},"categories":[1589],"tags":[47,11,3734,2593,75,73,1866,74,12,37287,3899,11600,1864,1865,1863,308,2744],"class_list":{"0":"post-234092","1":"post","2":"type-post","3":"status-publish","4":"format-standard","5":"has-post-thumbnail","7":"category-etats-unis","8":"tag-actualite","9":"tag-actualites","10":"tag-art","11":"tag-artiste","12":"tag-donald-trump","13":"tag-etats-unis","14":"tag-etats-unis-damerique","15":"tag-monde","16":"tag-news","17":"tag-philadelphie","18":"tag-sculpture","19":"tag-statue","20":"tag-united-states","21":"tag-united-states-of-america","22":"tag-us","23":"tag-usa","24":"tag-washington"},"share_on_mastodon":{"url":"https:\/\/pubeurope.com\/@fr\/114815321064005321","error":""},"_links":{"self":[{"href":"https:\/\/www.europesays.com\/fr\/wp-json\/wp\/v2\/posts\/234092","targetHints":{"allow":["GET"]}}],"collection":[{"href":"https:\/\/www.europesays.com\/fr\/wp-json\/wp\/v2\/posts"}],"about":[{"href":"https:\/\/www.europesays.com\/fr\/wp-json\/wp\/v2\/types\/post"}],"author":[{"embeddable":true,"href":"https:\/\/www.europesays.com\/fr\/wp-json\/wp\/v2\/users\/2"}],"replies":[{"embeddable":true,"href":"https:\/\/www.europesays.com\/fr\/wp-json\/wp\/v2\/comments?post=234092"}],"version-history":[{"count":0,"href":"https:\/\/www.europesays.com\/fr\/wp-json\/wp\/v2\/posts\/234092\/revisions"}],"wp:featuredmedia":[{"embeddable":true,"href":"https:\/\/www.europesays.com\/fr\/wp-json\/wp\/v2\/media\/234093"}],"wp:attachment":[{"href":"https:\/\/www.europesays.com\/fr\/wp-json\/wp\/v2\/media?parent=234092"}],"wp:term":[{"taxonomy":"category","embeddable":true,"href":"https:\/\/www.europesays.com\/fr\/wp-json\/wp\/v2\/categories?post=234092"},{"taxonomy":"post_tag","embeddable":true,"href":"https:\/\/www.europesays.com\/fr\/wp-json\/wp\/v2\/tags?post=234092"}],"curies":[{"name":"wp","href":"https:\/\/api.w.org\/{rel}","templated":true}]}}