{"id":234108,"date":"2025-07-08T02:54:11","date_gmt":"2025-07-08T02:54:11","guid":{"rendered":"https:\/\/www.europesays.com\/fr\/234108\/"},"modified":"2025-07-08T02:54:11","modified_gmt":"2025-07-08T02:54:11","slug":"rugby-scapulaire-maxime-lucu-cest-la-plus-belle-emotion-que-jai-vecu","status":"publish","type":"post","link":"https:\/\/www.europesays.com\/fr\/234108\/","title":{"rendered":"Rugby Scapulaire &#8211; Maxime Lucu : \u00ab\u00a0C\u2019est la plus belle \u00e9motion que j\u2019ai v\u00e9cu\u00a0\u00bb"},"content":{"rendered":"<p>\u00a0<\/p>\n<p>Interrog\u00e9 par <a href=\"https:\/\/www.rugbyrama.fr\/2025\/07\/02\/je-me-preparais-en-silence-des-critiques-a-la-gloire-maxime-lucu-raconte-sa-renaissance-12801206.php\" rel=\"nofollow noopener\" target=\"_blank\"><br \/>\nMidi Olympique<\/a>, notre demi de m\u00eal\u00e9e, <strong>Maxime<br \/>\nLucu<\/strong>, s\u2019est confi\u00e9 sur le souvenir qui lui revenait en<br \/>\npremier \u00e0 l\u2019issue de cette saison de Top 14 :<\/p>\n<blockquote>\n<p>\u201cNotre victoire en Champions Cup \u00e0 Cardiff, parce que c\u2019\u00e9tait le<br \/>\npremier titre du club, le premier pour ce groupe qui a connu des<br \/>\ndemi-finales perdues, mais aussi la finale de Top 14 perdue \u00e0<br \/>\nMarseille. C\u2019est l\u2019image qui me vient tout de suite en t\u00eate. En<br \/>\ntout cas, c\u2019est la plus belle \u00e9motion que j\u2019ai v\u00e9cu\u201d.<\/p>\n<\/blockquote>\n<p><img loading=\"lazy\" decoding=\"async\" class=\"alignnone size-medium wp-image-176492\" src=\"data:image\/svg+xml,%3Csvg%20xmlns=\" http:=\"\" alt=\"\" width=\"600\" height=\"400\" data-lazy- data-lazy- data-lazy-src=\"https:\/\/www.europesays.com\/fr\/wp-content\/uploads\/2025\/07\/bandicam-2025-05-24-17-54-29-667-600x400.jpg\"\/><\/p>\n<p>Il est aussi revenu sur ce que repr\u00e9sentait pour lui cette<br \/>\nvictoire en Champion Cup :<\/p>\n<blockquote>\n<p>\u201cLors de la phase finale, nous avions un tableau avec seulement<br \/>\ndes adversaires qui avaient d\u00e9j\u00e0 remport\u00e9 la comp\u00e9tition. C\u2019est<br \/>\nvrai que les deux matchs contre les Irlandais, en huiti\u00e8me de<br \/>\nfinale et en quart de finale, nous ont permis de vite rentrer dans<br \/>\nle vif du sujet, face \u00e0 des \u00e9quipes qui jouaient \u00e9norm\u00e9ment, qui<br \/>\nportaient le ballon, qui nous ont mis en difficult\u00e9. Au final, on a<br \/>\nfait des matchs quasi parfaits \u00e0 chaque fois. \u00c7a nous a donn\u00e9 de la<br \/>\nconfiance pour arriver en demi-finale et pr\u00e9parer du mieux possible<br \/>\nce match contre Toulouse. C\u2019est s\u00fbr que ces phases finales l\u00e0 nous<br \/>\nont pouss\u00e9s \u00e0 aller chercher des choses un peu plus fortes, un peu<br \/>\nplus cons\u00e9quentes dans le groupe. C\u2019est ce qu\u2019on a r\u00e9ussi \u00e0 faire<br \/>\nau fur et \u00e0 mesure des matchs de phase finale, avec ce match plus<br \/>\nqu\u2019abouti en demi-finale contre Toulouse qui nous a lanc\u00e9s pour la<br \/>\nfinale \u00e0 Cardiff\u201d.<\/p>\n<\/blockquote>\n","protected":false},"excerpt":{"rendered":"\u00a0 Interrog\u00e9 par Midi Olympique, notre demi de m\u00eal\u00e9e, Maxime Lucu, s\u2019est confi\u00e9 sur le souvenir qui lui&hellip;\n","protected":false},"author":2,"featured_media":234109,"comment_status":"","ping_status":"","sticky":false,"template":"","format":"standard","meta":{"footnotes":""},"categories":[1416],"tags":[1011,27,479,1468,60],"class_list":{"0":"post-234108","1":"post","2":"type-post","3":"status-publish","4":"format-standard","5":"has-post-thumbnail","7":"category-rugby","8":"tag-fr","9":"tag-france","10":"tag-rugby","11":"tag-rugby-football","12":"tag-sports"},"share_on_mastodon":{"url":"https:\/\/pubeurope.com\/@fr\/114815360377758469","error":""},"_links":{"self":[{"href":"https:\/\/www.europesays.com\/fr\/wp-json\/wp\/v2\/posts\/234108","targetHints":{"allow":["GET"]}}],"collection":[{"href":"https:\/\/www.europesays.com\/fr\/wp-json\/wp\/v2\/posts"}],"about":[{"href":"https:\/\/www.europesays.com\/fr\/wp-json\/wp\/v2\/types\/post"}],"author":[{"embeddable":true,"href":"https:\/\/www.europesays.com\/fr\/wp-json\/wp\/v2\/users\/2"}],"replies":[{"embeddable":true,"href":"https:\/\/www.europesays.com\/fr\/wp-json\/wp\/v2\/comments?post=234108"}],"version-history":[{"count":0,"href":"https:\/\/www.europesays.com\/fr\/wp-json\/wp\/v2\/posts\/234108\/revisions"}],"wp:featuredmedia":[{"embeddable":true,"href":"https:\/\/www.europesays.com\/fr\/wp-json\/wp\/v2\/media\/234109"}],"wp:attachment":[{"href":"https:\/\/www.europesays.com\/fr\/wp-json\/wp\/v2\/media?parent=234108"}],"wp:term":[{"taxonomy":"category","embeddable":true,"href":"https:\/\/www.europesays.com\/fr\/wp-json\/wp\/v2\/categories?post=234108"},{"taxonomy":"post_tag","embeddable":true,"href":"https:\/\/www.europesays.com\/fr\/wp-json\/wp\/v2\/tags?post=234108"}],"curies":[{"name":"wp","href":"https:\/\/api.w.org\/{rel}","templated":true}]}}