{"id":23411,"date":"2025-04-14T01:18:12","date_gmt":"2025-04-14T01:18:12","guid":{"rendered":"https:\/\/www.europesays.com\/fr\/23411\/"},"modified":"2025-04-14T01:18:12","modified_gmt":"2025-04-14T01:18:12","slug":"le-coup-de-sang-fracassant-du-capitaine-du-paris-fc","status":"publish","type":"post","link":"https:\/\/www.europesays.com\/fr\/23411\/","title":{"rendered":"le coup de sang fracassant du capitaine du Paris FC"},"content":{"rendered":"<p>Le capitaine du Paris FC (Ligue 2) Timoth\u00e9e Kolodziejczak a fustig\u00e9 l\u2019arbitrage ce samedi malgr\u00e9 la victoire des siens contre Grenoble (2-1).<\/p>\n<p class=\"fig-paragraph\">Une victoire et une col\u00e8re. Le capitaine du\u00a0<a href=\"http:\/\/www.lefigaro.fr\/sports\/football\/ligue-2-lorient-conforte-sa-premiere-malgre-quelques-frayeurs-contre-guingamp-20250412\" data-fig-type=\"NewsFlash\" data-gtm-custom-categorie=\"navigation\" data-gtm-custom-action=\"crossclick\" data-gtm-custom-label=\"Contextuel\" data-gtm-event=\"customEventSPE\" data-fig-domain=\"LEFIGARO\" target=\"_blank\" rel=\"noopener\">Paris FC<\/a>\u00a0Timoth\u00e9e Kolodziejczak n\u2019a m\u00eame pas pris le temps de savourer la nouvelle victoire des siens ce samedi contre Grenoble (2-1), permettant au futur club de la\u00a0<a href=\"http:\/\/www.lefigaro.fr\/sports\/football\/rachat-du-paris-fc-rivalite-avec-le-psg-stade-moyens-financiers-antoine-arnault-devoile-ses-ambitions-au-figaro-20241120\" data-fig-type=\"Article\" data-gtm-custom-categorie=\"navigation\" data-gtm-custom-action=\"crossclick\" data-gtm-custom-label=\"Contextuel\" data-gtm-event=\"customEventSPE\" data-fig-domain=\"LEFIGARO\" target=\"_blank\" rel=\"noopener\">famille Arnault<\/a>\u00a0de pointer \u00e0 la deuxi\u00e8me place de Ligue 2. L\u2019ancien d\u00e9fenseur pass\u00e9 par Lens, Lyon, Nice S\u00e9ville ou encore Saint-\u00c9tienne a fustig\u00e9, \u00e0 chaud, l\u2019arbitrage, au micro de beIN Sports \u00e0 l\u2019issue de la rencontre.<\/p>\n<p class=\"fig-paragraph\">\u00abJe ne sais pas si on s\u2019est fait peur mais je pense qu\u2019on d\u00e9range\u00bb, a d\u2019abord amorc\u00e9 l\u2019ancien international fran\u00e7ais des moins de 20 ans. Il poursuit\u00a0: \u00abLes arbitres sont contre nous, \u00e0 chaque fois depuis le d\u00e9but de la saison, faut arr\u00eater. Ils sont incomp\u00e9tents, ils sont nuls, il faut le dire\u00bb.<\/p>\n<p>\u00abOn sera l\u00e0 jusqu\u2019au bout\u00bb<\/p>\n<p class=\"fig-paragraph\">Voil\u00e0 qui a le m\u00e9rite d\u2019\u00eatre clair&#8230; En cause, un penalty non siffl\u00e9 \u00e0 la 11e minute sur son co\u00e9quipier Dicko. \u00abJe pense qu\u2019il y a penalty. Tout le monde l\u2019a vu, m\u00eame le d\u00e9fenseur l\u2019a dit, \u00e0 un moment faut arr\u00eater. Je pense qu\u2019on d\u00e9range mais on sera l\u00e0 jusqu\u2019au bout, croyez-moi\u00bb, a assur\u00e9 le d\u00e9fenseur de 33 ans.<\/p>\n<p class=\"fig-body-link\">\n            \u00c0 lire aussi<br \/>\n        <a class=\"fig-body-link__link fig-premium-mark\" href=\"http:\/\/www.lefigaro.fr\/sports\/football\/ligue-2-course-pour-la-ligue-1-galaxie-red-bull-famille-arnault-quand-l-engouement-gagne-le-paris-fc-20250331\" data-fig-type=\"Article\" data-gtm-custom-categorie=\"navigation\" data-gtm-custom-action=\"crossclick\" data-gtm-custom-label=\"Contextuel\" data-gtm-event=\"customEventSPE\" data-fig-domain=\"LEFIGARO\" target=\"_blank\" rel=\"noopener\">Ligue\u00a02\u00a0: course pour la Ligue 1, galaxie Red Bull, famille Arnault&#8230; Quand l\u2019engouement gagne le Paris FC<br \/>\n    <\/a>\n<\/p>\n<p class=\"fig-paragraph\">Deuxi\u00e8me de Ligue 2 \u00e0 seulement trois points du leader Lorient, le Paris FC est en bonne position, \u00e0 quatre journ\u00e9es de la fin, pour monter en Ligue 1. Pour rappel, les deux premi\u00e8res \u00e9quipes au classement montent directement en premi\u00e8re division. Mais le deuxi\u00e8me club de la capitale devra se m\u00e9fier de Metz, troisi\u00e8me, \u00e0 seulement un point du Paris FC. la lutte promet d\u2019\u00eatre intense.<\/p>\n<p class=\"fig-paragraph\"><strong>\u00c0 VOIR AUSSI \u2013 <\/strong>Le but victorieux de Rayan Cherki lors de Lyon-Lille le 5 avril dernier (2-1)<\/p>\n<p>\u00a0\u00bb<br \/>\n        data-script=\u00a0\u00bbhttps:\/\/static.lefigaro.fr\/widget-video\/short-ttl\/dugout\/index.js\u00a0\u00bb<br \/>\n    &gt;<\/p>\n","protected":false},"excerpt":{"rendered":"Le capitaine du Paris FC (Ligue 2) Timoth\u00e9e Kolodziejczak a fustig\u00e9 l\u2019arbitrage ce samedi malgr\u00e9 la victoire des&hellip;\n","protected":false},"author":2,"featured_media":23412,"comment_status":"","ping_status":"","sticky":false,"template":"","format":"standard","meta":{"footnotes":""},"categories":[1888],"tags":[1111,1928,11,1927,454,69,448,83,451,64,1777,450,449,674,1011,27,452,453,66,446,447,12,1926,626,445,1925,70,25,455],"class_list":{"0":"post-23411","1":"post","2":"type-post","3":"status-publish","4":"format-standard","5":"has-post-thumbnail","7":"category-paris","8":"tag-actu","9":"tag-actu-paris","10":"tag-actualites","11":"tag-actualites-paris","12":"tag-ballon-dor","13":"tag-bundesliga","14":"tag-champions-league","15":"tag-coupe-de-france","16":"tag-coupe-du-monde","17":"tag-equipe-de-france","18":"tag-eu","19":"tag-euro","20":"tag-europa-league","21":"tag-europe","22":"tag-fr","23":"tag-france","24":"tag-italie","25":"tag-liga","26":"tag-ligue-1","27":"tag-ligue-2","28":"tag-ligue-des-champions","29":"tag-news","30":"tag-news-paris","31":"tag-paris","32":"tag-paris-fc","33":"tag-paris-news","34":"tag-premier-league","35":"tag-republique-francaise","36":"tag-uefa"},"share_on_mastodon":{"url":"https:\/\/pubeurope.com\/@fr\/114333686376162733","error":""},"_links":{"self":[{"href":"https:\/\/www.europesays.com\/fr\/wp-json\/wp\/v2\/posts\/23411","targetHints":{"allow":["GET"]}}],"collection":[{"href":"https:\/\/www.europesays.com\/fr\/wp-json\/wp\/v2\/posts"}],"about":[{"href":"https:\/\/www.europesays.com\/fr\/wp-json\/wp\/v2\/types\/post"}],"author":[{"embeddable":true,"href":"https:\/\/www.europesays.com\/fr\/wp-json\/wp\/v2\/users\/2"}],"replies":[{"embeddable":true,"href":"https:\/\/www.europesays.com\/fr\/wp-json\/wp\/v2\/comments?post=23411"}],"version-history":[{"count":0,"href":"https:\/\/www.europesays.com\/fr\/wp-json\/wp\/v2\/posts\/23411\/revisions"}],"wp:featuredmedia":[{"embeddable":true,"href":"https:\/\/www.europesays.com\/fr\/wp-json\/wp\/v2\/media\/23412"}],"wp:attachment":[{"href":"https:\/\/www.europesays.com\/fr\/wp-json\/wp\/v2\/media?parent=23411"}],"wp:term":[{"taxonomy":"category","embeddable":true,"href":"https:\/\/www.europesays.com\/fr\/wp-json\/wp\/v2\/categories?post=23411"},{"taxonomy":"post_tag","embeddable":true,"href":"https:\/\/www.europesays.com\/fr\/wp-json\/wp\/v2\/tags?post=23411"}],"curies":[{"name":"wp","href":"https:\/\/api.w.org\/{rel}","templated":true}]}}