{"id":234121,"date":"2025-07-08T03:03:16","date_gmt":"2025-07-08T03:03:16","guid":{"rendered":"https:\/\/www.europesays.com\/fr\/234121\/"},"modified":"2025-07-08T03:03:16","modified_gmt":"2025-07-08T03:03:16","slug":"enfants-et-adultes-dialoguent-ensemble-autour-des-livres-avec-le-prix-chronos","status":"publish","type":"post","link":"https:\/\/www.europesays.com\/fr\/234121\/","title":{"rendered":"Enfants et adultes dialoguent ensemble autour des livres avec le Prix Chronos"},"content":{"rendered":"<p>Mercredi 25\u00a0juin, un apr\u00e8s-midi interg\u00e9n\u00e9rationnel, convivial et po\u00e9tique a r\u00e9uni enfants et adultes dans l\u2019auditorium du Transfo \u00e0 l\u2019occasion de l\u2019annonce des r\u00e9sultats nationaux du Prix Chronos de litt\u00e9rature. Organis\u00e9 pendant l\u2019ann\u00e9e scolaire, ce prix propose aux jeunes lecteurs, aux accompagnateurs et \u00e0 leurs a\u00een\u00e9s, des s\u00e9lections d\u2019albums, romans et bandes dessin\u00e9es autour de la trans&#8230; <\/p>\n<p>    Cet article a \u00e9t\u00e9 tronqu\u00e9. Abonnez-vous pour lire l&rsquo;article complet sur notre site.<\/p>\n<p style=\"margin: 0 !important; padding: 0 !important; font-size: 12px !important;\">Cet article a \u00e9t\u00e9 tronqu\u00e9. Abonnez-vous pour lire l&rsquo;article complet.<\/p>\n<p>    <a href=\"https:\/\/www.lanouvellerepublique.fr\/abonnements\" style=\"display: inline-block; margin-top: 5px !important; padding: 6px 12px !important; background: #cb1c27; color: white; text-decoration: none; border-radius: 4px; font-size: 12px !important;\" target=\"_blank\" rel=\"noopener\"><br \/>\n      S&rsquo;abonner<br \/>\n    <\/a><\/p>\n","protected":false},"excerpt":{"rendered":"Mercredi 25\u00a0juin, un apr\u00e8s-midi interg\u00e9n\u00e9rationnel, convivial et po\u00e9tique a r\u00e9uni enfants et adultes dans l\u2019auditorium du Transfo \u00e0&hellip;\n","protected":false},"author":2,"featured_media":234122,"comment_status":"","ping_status":"","sticky":false,"template":"","format":"standard","meta":{"footnotes":""},"categories":[1357],"tags":[14536,1379,1674,58,1057,59,1011,27,1380],"class_list":{"0":"post-234121","1":"post","2":"type-post","3":"status-publish","4":"format-standard","5":"has-post-thumbnail","7":"category-livres","8":"tag-benet","9":"tag-books","10":"tag-communes","11":"tag-divertissement","12":"tag-education","13":"tag-entertainment","14":"tag-fr","15":"tag-france","16":"tag-livres"},"share_on_mastodon":{"url":"https:\/\/pubeurope.com\/@fr\/114815395667371192","error":""},"_links":{"self":[{"href":"https:\/\/www.europesays.com\/fr\/wp-json\/wp\/v2\/posts\/234121","targetHints":{"allow":["GET"]}}],"collection":[{"href":"https:\/\/www.europesays.com\/fr\/wp-json\/wp\/v2\/posts"}],"about":[{"href":"https:\/\/www.europesays.com\/fr\/wp-json\/wp\/v2\/types\/post"}],"author":[{"embeddable":true,"href":"https:\/\/www.europesays.com\/fr\/wp-json\/wp\/v2\/users\/2"}],"replies":[{"embeddable":true,"href":"https:\/\/www.europesays.com\/fr\/wp-json\/wp\/v2\/comments?post=234121"}],"version-history":[{"count":0,"href":"https:\/\/www.europesays.com\/fr\/wp-json\/wp\/v2\/posts\/234121\/revisions"}],"wp:featuredmedia":[{"embeddable":true,"href":"https:\/\/www.europesays.com\/fr\/wp-json\/wp\/v2\/media\/234122"}],"wp:attachment":[{"href":"https:\/\/www.europesays.com\/fr\/wp-json\/wp\/v2\/media?parent=234121"}],"wp:term":[{"taxonomy":"category","embeddable":true,"href":"https:\/\/www.europesays.com\/fr\/wp-json\/wp\/v2\/categories?post=234121"},{"taxonomy":"post_tag","embeddable":true,"href":"https:\/\/www.europesays.com\/fr\/wp-json\/wp\/v2\/tags?post=234121"}],"curies":[{"name":"wp","href":"https:\/\/api.w.org\/{rel}","templated":true}]}}