{"id":234123,"date":"2025-07-08T03:04:18","date_gmt":"2025-07-08T03:04:18","guid":{"rendered":"https:\/\/www.europesays.com\/fr\/234123\/"},"modified":"2025-07-08T03:04:18","modified_gmt":"2025-07-08T03:04:18","slug":"emilien-veut-participer-a-un-autre-jeu-emblematique-suite-a-son-elimination-dans-les-12-coups-de-midi","status":"publish","type":"post","link":"https:\/\/www.europesays.com\/fr\/234123\/","title":{"rendered":"\u00c9milien veut participer \u00e0 un autre jeu embl\u00e9matique suite \u00e0 son \u00e9limination dans Les 12 coups de midi"},"content":{"rendered":"<p>Au lendemain de son \u00e9limination dans les 12 coups de midi sur TF1, \u00c9milien se confie sur son envie de participer \u00e0 Questions pour un champion. L&rsquo;occasion pour lui d&rsquo;envoyer un message \u00e0 Delphine Ernotte alors que la programmation du jeu change \u00e0 la rentr\u00e9e.<\/p>\n<p>Arriv\u00e9 dans Les 12 coups de midi le 25 septembre 2023, <a href=\"https:\/\/www.programme-tv.net\/news\/tv\/382426-coup-de-theatre-emilien-elimine-des-12-coups-de-midi-apres-646-victoires-je-n-avais-pas-les-reponses\/\" data-api-deeplink=\"teleloisirs:\/\/news\/382426\" rel=\"nofollow noopener\" target=\"_blank\">\u00c9milien a finalement \u00e9t\u00e9 \u00e9limin\u00e9<\/a> par Romain ce dimanche 6 juillet sur TF1, au cours d&rsquo;<a href=\"https:\/\/www.programme-tv.net\/news\/tv\/382669-audiences-les-12-coups-de-midi-quel-score-pour-l-elimination-d-emilien-sur-tf1\/\" data-api-deeplink=\"teleloisirs:\/\/news\/382669\" rel=\"nofollow noopener\" target=\"_blank\">une \u00e9mission particuli\u00e8rement suivie par les t\u00e9l\u00e9spectateurs<\/a>. <a href=\"https:\/\/www.programme-tv.net\/news\/tv\/382786-exclu-je-suis-tellement-degoute-romain-qui-a-detrone-emilien-deja-elimine-des-12-coups-de-midi-il-reagit-a-sa-defaite\/\" data-api-deeplink=\"teleloisirs:\/\/news\/382786\" rel=\"nofollow noopener\" target=\"_blank\">Un choc pour le p\u00e8re de famille qui a \u00e9t\u00e9 battu au lendemain de son exploit. <\/a>D\u00e9sormais, le plus grand Ma\u00eetre de midi peut se consacrer \u00e0 d&rsquo;autres projets, dont celui de profiter de ses 2 566 931 euros remport\u00e9s et ses tr\u00e8s nombreux cadeaux. Fan de questions de culture g\u00e9n\u00e9rale, il ne ferme pas les portes lorsqu&rsquo;on lui demande s&rsquo;il veut participer \u00e0 d&rsquo;autres jeux t\u00e9l\u00e9 comme Tout le monde veut prendre sa place et Questions pour un champion. Lors d&rsquo;un live sur Twitch ce lundi 7 juillet, \u00c9milien a d\u00e9voil\u00e9 qu&rsquo;il aimerait tenter sa chance dans le jeu de <a href=\"https:\/\/www.programme-tv.net\/biographie\/3190-etienne-samuel\/\" data-link-people=\"deb887d8-9a8b-4b25-a5ed-53dc1d07fd7b\" rel=\"nofollow noopener\" target=\"_blank\">Samuel \u00c9tienne<\/a>.<\/p>\n<p>\u00c9milien bient\u00f4t dans Questions pour un champion ? Il passe un message \u00e0 la pr\u00e9sidente de France T\u00e9l\u00e9visions<\/p>\n<p>En effet, le jeune homme de 22 ans a d\u00e9clar\u00e9 vouloir participer \u00e0 Questions pour un champion m\u00eame si \u00ab\u00a0pour le moment, ce n&rsquo;est pas \u00e0 l&rsquo;ordre du jour\u00a0\u00bb. Un challenge qui ne le laisse pas de marbre. \u00ab\u00a0Je pense que je peux gagner une \u00e9mission, mais il y a un moment o\u00f9 je ne gagne pas. C&rsquo;est pourquoi, je suis terrifi\u00e9 et je ne suis pas pr\u00eat d&rsquo;y aller\u00a0\u00bb, a-t-il d\u00e9clar\u00e9 avant de passer un message \u00e0 la pr\u00e9sidente de France T\u00e9l\u00e9visions, \u00ab\u00a0D\u00e9j\u00e0, j&rsquo;aimerais bien pouvoir y aller, avoir la possibilit\u00e9 de le faire. Delphine Ernotte, entends-nous\u00a0\u00bb. En effet, \u00e0 partir de la rentr\u00e9e, le jeu de France 3 ne sera plus diffus\u00e9 la semaine, seulement le week-end. <a href=\"https:\/\/www.programme-tv.net\/news\/tv\/382178-deprogrammation-de-questions-pour-un-champion-samuel-etienne-partage-ses-inquietudes-pour-l-avenir-du-jeu-de-france-3\/\" data-api-deeplink=\"teleloisirs:\/\/news\/382178\" rel=\"nofollow noopener\" target=\"_blank\">Une d\u00e9cision qui ne fait pas plaisir \u00e0 Samuel \u00c9tienne<\/a>, ni \u00e0 \u00c9milien. \u00ab\u00a0Delphine Ernotte se trompe peut-\u00eatre\u00a0\u00bb, a-t-il gliss\u00e9 sur Twitch.<\/p>\n<p>                        \u00c9milien ne veut pas reprendre ses \u00e9tudes pour le moment<\/p>\n<p>Avec plus de 2,5 millions d&rsquo;euros, il n&rsquo;est pas certain qu&rsquo;\u00c9milien veuille retourner \u00e0 l&rsquo;\u00e9cole, du moins, pas dans l&rsquo;imm\u00e9diat. En effet, l&rsquo;\u00e9tudiant en Histoire a confi\u00e9 qu&rsquo;il reprendrait ses \u00e9tudes, seulement <a href=\"https:\/\/www.programme-tv.net\/news\/tv\/382005-les-12-coups-de-midi-emilien-ne-reprendra-pas-ses-etudes-a-la-rentree-voici-pourquoi\/\" data-api-deeplink=\"teleloisirs:\/\/news\/382005\" rel=\"nofollow noopener\" target=\"_blank\">apr\u00e8s avoir pris \u00ab\u00a0une ann\u00e9e pour souffler et pour profiter\u00a0\u00bb<\/a>. \u00ab\u00a0Je veux voir s\u2019il y a la possibilit\u00e9 d\u2019autre chose pendant cette ann\u00e9e. Je pense potentiellement \u00e0 mettre un pied sur Internet\u00a0\u00bb, pr\u00e9cise-t-il dans un entretien qu&rsquo;il nous a accord\u00e9.<\/p>\n","protected":false},"excerpt":{"rendered":"Au lendemain de son \u00e9limination dans les 12 coups de midi sur TF1, \u00c9milien se confie sur son&hellip;\n","protected":false},"author":2,"featured_media":234124,"comment_status":"","ping_status":"","sticky":false,"template":"","format":"standard","meta":{"footnotes":""},"categories":[1356],"tags":[244,58,8049,59,1011,27,8050,11012,6569,252,1364,1630],"class_list":{"0":"post-234123","1":"post","2":"type-post","3":"status-publish","4":"format-standard","5":"has-post-thumbnail","7":"category-television","8":"tag-commentaire","9":"tag-divertissement","10":"tag-emilien-les-12-coups-de-midi","11":"tag-entertainment","12":"tag-fr","13":"tag-france","14":"tag-les-douze-coups-de-midi","15":"tag-questions-pour-un-champion","16":"tag-streamers","17":"tag-television","18":"tag-tv","19":"tag-zapping"},"share_on_mastodon":{"url":"https:\/\/pubeurope.com\/@fr\/114815399594840192","error":""},"_links":{"self":[{"href":"https:\/\/www.europesays.com\/fr\/wp-json\/wp\/v2\/posts\/234123","targetHints":{"allow":["GET"]}}],"collection":[{"href":"https:\/\/www.europesays.com\/fr\/wp-json\/wp\/v2\/posts"}],"about":[{"href":"https:\/\/www.europesays.com\/fr\/wp-json\/wp\/v2\/types\/post"}],"author":[{"embeddable":true,"href":"https:\/\/www.europesays.com\/fr\/wp-json\/wp\/v2\/users\/2"}],"replies":[{"embeddable":true,"href":"https:\/\/www.europesays.com\/fr\/wp-json\/wp\/v2\/comments?post=234123"}],"version-history":[{"count":0,"href":"https:\/\/www.europesays.com\/fr\/wp-json\/wp\/v2\/posts\/234123\/revisions"}],"wp:featuredmedia":[{"embeddable":true,"href":"https:\/\/www.europesays.com\/fr\/wp-json\/wp\/v2\/media\/234124"}],"wp:attachment":[{"href":"https:\/\/www.europesays.com\/fr\/wp-json\/wp\/v2\/media?parent=234123"}],"wp:term":[{"taxonomy":"category","embeddable":true,"href":"https:\/\/www.europesays.com\/fr\/wp-json\/wp\/v2\/categories?post=234123"},{"taxonomy":"post_tag","embeddable":true,"href":"https:\/\/www.europesays.com\/fr\/wp-json\/wp\/v2\/tags?post=234123"}],"curies":[{"name":"wp","href":"https:\/\/api.w.org\/{rel}","templated":true}]}}