{"id":234129,"date":"2025-07-08T03:08:11","date_gmt":"2025-07-08T03:08:11","guid":{"rendered":"https:\/\/www.europesays.com\/fr\/234129\/"},"modified":"2025-07-08T03:08:11","modified_gmt":"2025-07-08T03:08:11","slug":"les-recrues-les-plus-cheres-de-lhistoire-de-lasse","status":"publish","type":"post","link":"https:\/\/www.europesays.com\/fr\/234129\/","title":{"rendered":"Les recrues les plus ch\u00e8res de l&rsquo;histoire de l&rsquo;ASSE"},"content":{"rendered":"<p><img fetchpriority=\"high\" decoding=\"async\" width=\"620\" height=\"413\" src=\"https:\/\/www.europesays.com\/fr\/wp-content\/uploads\/2025\/07\/Chico-Lamba-x-ASSE-620x413.jpg\" alt=\"ASSE. Chico Lamba 3e, les recrues les plus ch\u00e8res de l'histoire de l'ASSE\" class=\"wp-image-372122\"  \/>Chico Lamba est St\u00e9phanois. \u2013 @ASSE<\/p>\n<p>C\u2019est un signe qui trahit de l\u2019ambition de l\u2019<a href=\"https:\/\/sportune.20minutes.fr\/as-saint-etienne-asse\" rel=\"nofollow noopener\" target=\"_blank\">AS Saint-Etienne<\/a>, malgr\u00e9 sa rel\u00e9gation en <a href=\"https:\/\/sportune.20minutes.fr\/ligue-2-l2\" rel=\"nofollow noopener\" target=\"_blank\">Ligue 2<\/a>, la saison derni\u00e8re. Les Verts viennent d\u2019officialiser le transfert dans leur rang de Chico Lamba, un d\u00e9fenseur central de 22 ans en provenance de FC Arouca au Portugal.<\/p>\n<p>3e transfert le plus cher de l\u2019ASSE et de la Ligue 2<\/p>\n<p>L\u2019op\u00e9ration est estim\u00e9e \u00e0 8 millions d\u2019euros, ce qui place le joueur de Guin\u00e9e-Bissau sur le podium des recrues historiquement les plus ch\u00e8res de l\u2019histoire de l\u2019<a href=\"https:\/\/sportune.20minutes.fr\/as-saint-etienne-asse\" rel=\"nofollow noopener\" target=\"_blank\">ASSE<\/a>. Chico Lamba se hisse \u00e0 la troisi\u00e8me place, il est aussi le troisi\u00e8me transfert le plus couteux dans le sens des arriv\u00e9es, enregistr\u00e9 en championnat de France de <a href=\"https:\/\/sportune.20minutes.fr\/ligue-2-l2\" rel=\"nofollow noopener\" target=\"_blank\">Ligue 2<\/a>.<\/p>\n<p>Dans le top 10 \u00e9largit en la circonstance \u00e0 15, neuf joueurs ont \u00e9t\u00e9 recrut\u00e9s depuis le d\u00e9but de la saison 2024-2025 derni\u00e8re ; l\u2019international g\u00e9orgien Zuriko Davitashvili et le premier de liste, l\u2019attaquant belge, Lucas Stassin, en plus de Lamba. A propos de signes, en voil\u00e0 un autre positif renvoy\u00e9 par l\u2019actionnaire Kilmer Sports, depuis qu\u2019il est majoritaire \u00e0 la t\u00eate de l\u2019<a href=\"https:\/\/sportune.20minutes.fr\/as-saint-etienne-asse\" rel=\"nofollow noopener\" target=\"_blank\">AS Saint-Etienne<\/a>.<\/p>\n<p>Les 10 recrues les plus ch\u00e8res de l\u2019histoire de l\u2019ASSE<\/p>\n<p>Lucas Stassin, du KVC Westerlo (2024-2025) = 10 M\u20ac<br \/>Lo\u00efs Diony, du Dijon FCO (2017-18) = 10 M\u20ac<br \/>Chico Lamba, du FC Arouca (2025-2026) = 8 M\u20ac<br \/>Robert Beric, du Rapid Vienne (2015-2016) = 7,5 M\u20ac<br \/>Wahbi Khazri, de l\u2019AFC Sunderland (2018-19) = 7 M\u20ac<br \/>Gonzalo Bergessio, du CA San Lorenzo de Almagro (2009-2010) = 6,2 M\u20ac<br \/>R\u00e9my Cabella, de l\u2019Olympique de Marseille (2018-2019) = 6 M\u20ac<br \/>Ilan, du FC Sochaux-Montb\u00e9liard (2006-2007) = 6 M\u20ac<br \/>Zuriko Davitashvili, des FC Girondins de Bordeaux (2024-2025) = 6 M\u20ac<br \/>Franck Tabanou, du Toulouse FC (2013-2014) = 5 M\u20ac<br \/>Benjamin Corgnet, du FC Lorient (2013-2014) = 5 M\u20ac<br \/>Assane Diouss\u00e9, du FC Empoli (2017-2018) = 5 M\u20ac<br \/>Boubacar Sanogo, du SV Werder Bremen (2009-2010) = 5 M\u20ac<br \/>Blaise Matuidi, de l\u2019ESTAC Troyes (2007-2008) = 5 M\u20ac<\/p>\n","protected":false},"excerpt":{"rendered":"Chico Lamba est St\u00e9phanois. \u2013 @ASSE C\u2019est un signe qui trahit de l\u2019ambition de l\u2019AS Saint-Etienne, malgr\u00e9 sa&hellip;\n","protected":false},"author":2,"featured_media":234130,"comment_status":"","ping_status":"","sticky":false,"template":"","format":"standard","meta":{"footnotes":""},"categories":[9],"tags":[461,1011,27,60,969],"class_list":{"0":"post-234129","1":"post","2":"type-post","3":"status-publish","4":"format-standard","5":"has-post-thumbnail","7":"category-sports","8":"tag-asse","9":"tag-fr","10":"tag-france","11":"tag-sports","12":"tag-transfert"},"share_on_mastodon":{"url":"https:\/\/pubeurope.com\/@fr\/114815415407699957","error":""},"_links":{"self":[{"href":"https:\/\/www.europesays.com\/fr\/wp-json\/wp\/v2\/posts\/234129","targetHints":{"allow":["GET"]}}],"collection":[{"href":"https:\/\/www.europesays.com\/fr\/wp-json\/wp\/v2\/posts"}],"about":[{"href":"https:\/\/www.europesays.com\/fr\/wp-json\/wp\/v2\/types\/post"}],"author":[{"embeddable":true,"href":"https:\/\/www.europesays.com\/fr\/wp-json\/wp\/v2\/users\/2"}],"replies":[{"embeddable":true,"href":"https:\/\/www.europesays.com\/fr\/wp-json\/wp\/v2\/comments?post=234129"}],"version-history":[{"count":0,"href":"https:\/\/www.europesays.com\/fr\/wp-json\/wp\/v2\/posts\/234129\/revisions"}],"wp:featuredmedia":[{"embeddable":true,"href":"https:\/\/www.europesays.com\/fr\/wp-json\/wp\/v2\/media\/234130"}],"wp:attachment":[{"href":"https:\/\/www.europesays.com\/fr\/wp-json\/wp\/v2\/media?parent=234129"}],"wp:term":[{"taxonomy":"category","embeddable":true,"href":"https:\/\/www.europesays.com\/fr\/wp-json\/wp\/v2\/categories?post=234129"},{"taxonomy":"post_tag","embeddable":true,"href":"https:\/\/www.europesays.com\/fr\/wp-json\/wp\/v2\/tags?post=234129"}],"curies":[{"name":"wp","href":"https:\/\/api.w.org\/{rel}","templated":true}]}}