{"id":234131,"date":"2025-07-08T03:09:13","date_gmt":"2025-07-08T03:09:13","guid":{"rendered":"https:\/\/www.europesays.com\/fr\/234131\/"},"modified":"2025-07-08T03:09:13","modified_gmt":"2025-07-08T03:09:13","slug":"le-feuilleton-de-france-3-change-exceptionnellement-d","status":"publish","type":"post","link":"https:\/\/www.europesays.com\/fr\/234131\/","title":{"rendered":"le feuilleton de France 3 change exceptionnellement d&rsquo;&#8230;"},"content":{"rendered":"<p>Les fans de la s\u00e9rie Un si grand soleil devront s\u2019adapter ce lundi 7 juillet 2025. France 3 bouscule sa grille et diffuse un seul \u00e9pisode, \u00e0 un horaire modifi\u00e9. Voici pourquoi.<\/p>\n<p>Depuis le 30 juin 2025, les t\u00e9l\u00e9spectateurs savourent <strong>une double dose<\/strong> quotidienne d\u2019<a href=\"https:\/\/www.pleinevie.fr\/loisirs\/tele-radio\/un-si-grand-soleil-le-passe-dalix-ressurgit-voici-lepisode-choc-qui-devoile-son-secret-et-relance-toutes-les-theories-163608.html\" rel=\"nofollow noopener\" target=\"_blank\">Un si grand soleil<\/a>, avec deux \u00e9pisodes diffus\u00e9s \u00e0 la suite sur France 3. Une programmation estivale intense, lanc\u00e9e apr\u00e8s une soir\u00e9e sp\u00e9ciale de six \u00e9pisodes le 24 juin, renouvel\u00e9e le 1er juillet. Pourtant, ce lundi 7 juillet fait exception \u00e0 la r\u00e8gle : la cha\u00eene a revu son agenda pour une raison bien pr\u00e9cise.<\/p>\n<p> \t\t\t  Un si grand soleil : pourquoi l\u2019\u00e9pisode du lundi 7 juillet change d\u2019horaire   Un seul \u00e9pisode d\u2019Un si grand soleil diffus\u00e9 ce lundi 7 juillet 2025  <\/p>\n<p>Le feuilleton quotidien sera exceptionnellement r\u00e9duit \u00e0 un seul \u00e9pisode, programm\u00e9 \u00e0 20h20, explique <a href=\"https:\/\/www.programme-tv.net\/news\/series-tv\/382318-un-si-grand-soleil-attention-changement-d-horaire-exceptionnel-ce-lundi-7-juillet-2025-pour-l-episode-inedit-du-feuilleton-sur-france-3\/\" rel=\"nofollow noopener\" target=\"_blank\">T\u00e9l\u00e9-Loisirs<\/a>. Une d\u00e9cision li\u00e9e \u00e0 la retransmission, d\u00e8s 20h50, d\u2019un match de l\u2019Euro f\u00e9minin 2025 entre le Portugal et l\u2019Italie. D\u00e8s le lendemain, le rythme habituel reprendra, avec deux \u00e9pisodes chaque soir jusqu\u2019au vendredi 11 juillet. France 3 interrompt temporairement sa diffusion en deux parties de Un si grand soleil pour laisser place au sport en prime time. Ainsi, le lundi 7 juillet, seul l\u2019\u00e9pisode programm\u00e9 \u00e0 20h20 sera propos\u00e9.<\/p>\n<p>Cette d\u00e9cision ne s\u2019applique qu\u2019\u00e0 cette date pr\u00e9cise. Les jours suivants, du mardi 8 au vendredi 11 juillet, la cha\u00eene reprendra son rythme de croisi\u00e8re avec <a href=\"https:\/\/www.pleinevie.fr\/loisirs\/tele-radio\/elle-na-pas-completement-chrystelle-labaude-66-ans-se-confie-sur-son-personnage-dans-un-si-grand-soleil-et-le-couple-quelle-forme-avec-frederic-van-den-driessche-162038.html\" rel=\"nofollow noopener\" target=\"_blank\">un \u00e9pisode<\/a> \u00e0 20h20 suivi d\u2019un second \u00e0 20h40. Les soir\u00e9es estivales de la s\u00e9rie semblent d\u2019ailleurs s\u00e9duire le public, malgr\u00e9 la concurrence. Pour preuve, France 3 n\u2019a pas h\u00e9sit\u00e9 \u00e0 proposer <strong>plusieurs diffusions sp\u00e9ciales<\/strong> et \u00e0 intensifier la cadence avant le break estival classique du mois d\u2019ao\u00fbt.<\/p>\n<p>  Un si grand soleil : que va-t-il se passer dans l\u2019\u00e9pisode du 7 juillet 2025 ?   Ce qui vous attend dans l&rsquo;\u00e9pisode d&rsquo;aujourd&rsquo;hui  <\/p>\n<p>Ce soir-l\u00e0, les cons\u00e9quences de la violente altercation entre Thierry et Akim vont secouer le commissariat. Apr\u00e8s avoir \u00e9t\u00e9 bless\u00e9 par balle par Akim, Thierry g\u00eet au sol, sous les yeux d\u2019un Akim menott\u00e9, paralys\u00e9 par le choc. Tha\u00efs intervient, tandis que Becker et son \u00e9quipe se retrouvent confront\u00e9s \u00e0 une situation dramatique et inattendue. Margot, de son c\u00f4t\u00e9, accuse le coup et tente de g\u00e9rer l\u2019\u00e9motion, tout comme Bilal. Marie et Alix, elles, se retrouvent dans un moment plus apais\u00e9 : leur rencontre autour du souvenir de Guillaume leur permet d\u2019enterrer le pass\u00e9. Quant \u00e0 Lucas, il semble pr\u00eat \u00e0 s\u2019engager plus s\u00e9rieusement avec Emma, encore faut-il que celle-ci partage ses intentions\u2026<\/p>\n<ul>\n<li>Akim tire sur Thierry, sous les yeux de Tha\u00efs<\/li>\n<li>Le commissariat est en crise, Becker mobilise son \u00e9quipe<\/li>\n<li>Margot et Bilal, choqu\u00e9s, tentent de faire face<\/li>\n<li>Marie et Alix se r\u00e9concilient autour de Guillaume<\/li>\n<li>Lucas veut officialiser sa relation avec Emma<\/li>\n<\/ul>\n<p>     La suite du programme : double dose jusqu\u2019au vendredi 11 juillet  <\/p>\n<p>Bonne nouvelle pour les inconditionnels du feuilleton : d\u00e8s le mardi 8 juillet, France 3 reprend la diffusion en double \u00e9pisode quotidien. Cette strat\u00e9gie semble \u00eatre devenue une arme de fid\u00e9lisation, \u00e0 un moment strat\u00e9gique de la grille estivale, alors que d\u2019autres cha\u00eenes testent de nouvelles fictions ou rediffusent leurs programmes phares.<\/p>\n<p>La s\u00e9rie continue ainsi de tenir ses promesses, m\u00ealant intrigues polici\u00e8res, drames personnels et romances enchev\u00eatr\u00e9es. Avec ce format double, les sc\u00e9naristes ont plus de latitude pour tisser des arcs narratifs \u00e9tir\u00e9s et surprendre les fid\u00e8les, tout en captant de nouveaux curieux.<\/p>\n","protected":false},"excerpt":{"rendered":"Les fans de la s\u00e9rie Un si grand soleil devront s\u2019adapter ce lundi 7 juillet 2025. France 3&hellip;\n","protected":false},"author":2,"featured_media":234132,"comment_status":"","ping_status":"","sticky":false,"template":"","format":"standard","meta":{"footnotes":""},"categories":[8],"tags":[10281,58,59,1011,27],"class_list":{"0":"post-234131","1":"post","2":"type-post","3":"status-publish","4":"format-standard","5":"has-post-thumbnail","7":"category-divertissement","8":"tag-buzz-nonli","9":"tag-divertissement","10":"tag-entertainment","11":"tag-fr","12":"tag-france"},"share_on_mastodon":{"url":"https:\/\/pubeurope.com\/@fr\/114815419309072306","error":""},"_links":{"self":[{"href":"https:\/\/www.europesays.com\/fr\/wp-json\/wp\/v2\/posts\/234131","targetHints":{"allow":["GET"]}}],"collection":[{"href":"https:\/\/www.europesays.com\/fr\/wp-json\/wp\/v2\/posts"}],"about":[{"href":"https:\/\/www.europesays.com\/fr\/wp-json\/wp\/v2\/types\/post"}],"author":[{"embeddable":true,"href":"https:\/\/www.europesays.com\/fr\/wp-json\/wp\/v2\/users\/2"}],"replies":[{"embeddable":true,"href":"https:\/\/www.europesays.com\/fr\/wp-json\/wp\/v2\/comments?post=234131"}],"version-history":[{"count":0,"href":"https:\/\/www.europesays.com\/fr\/wp-json\/wp\/v2\/posts\/234131\/revisions"}],"wp:featuredmedia":[{"embeddable":true,"href":"https:\/\/www.europesays.com\/fr\/wp-json\/wp\/v2\/media\/234132"}],"wp:attachment":[{"href":"https:\/\/www.europesays.com\/fr\/wp-json\/wp\/v2\/media?parent=234131"}],"wp:term":[{"taxonomy":"category","embeddable":true,"href":"https:\/\/www.europesays.com\/fr\/wp-json\/wp\/v2\/categories?post=234131"},{"taxonomy":"post_tag","embeddable":true,"href":"https:\/\/www.europesays.com\/fr\/wp-json\/wp\/v2\/tags?post=234131"}],"curies":[{"name":"wp","href":"https:\/\/api.w.org\/{rel}","templated":true}]}}