{"id":234139,"date":"2025-07-08T03:13:10","date_gmt":"2025-07-08T03:13:10","guid":{"rendered":"https:\/\/www.europesays.com\/fr\/234139\/"},"modified":"2025-07-08T03:13:10","modified_gmt":"2025-07-08T03:13:10","slug":"bruno-retailleau-sattaque-aux-occupations-illicites","status":"publish","type":"post","link":"https:\/\/www.europesays.com\/fr\/234139\/","title":{"rendered":"Bruno Retailleau s\u2019attaque aux \u00ab\u00a0occupations illicites\u00a0\u00bb"},"content":{"rendered":"<p><a href=\"https:\/\/www.20minutes.fr\/dossier\/bruno_retailleau\" target=\"_blank\" class=\"color-ultramarine c-link\" rel=\"noopener\">Bruno Retailleau<\/a> veut mieux encadrer les installations des membres de la communaut\u00e9 des <a href=\"https:\/\/www.20minutes.fr\/societe\/gens_du_voyage\/\" target=\"_blank\" class=\"color-ultramarine c-link\" rel=\"noopener\">gens du voyage<\/a>. Le minist\u00e8re de l\u2019Int\u00e9rieur a adress\u00e9 lundi soir une circulaire aux pr\u00e9fets pour \u00ab\u00a0pr\u00e9venir les occupations illicites\u00a0\u00bb de terrain, en nommant un m\u00e9diateur d\u00e9partemental notamment et, le cas \u00e9ch\u00e9ant, de \u00ab\u00a0faire preuve de fermet\u00e9\u00a0\u00bb.<\/p>\n<p>Cette circulaire, annonc\u00e9e en conf\u00e9rence de presse par le ministre aupr\u00e8s du ministre de l\u2019Int\u00e9rieur, Fran\u00e7ois-No\u00ebl Buffet, s\u2019inscrit dans le cadre de propositions formul\u00e9es par un groupe de travail compos\u00e9 de parlementaires.<\/p>\n<p>Les obligations des villes de plus de 5.000 habitants<\/p>\n<p>Mis en place mi-mars, ce groupe de travail avait pour objectif de \u00ab\u00a0trouver les moyens de lutter contre les installations illicites des gens du voyage, tr\u00e8s nombreuses\u00a0\u00bb, a r\u00e9sum\u00e9 son pr\u00e9sident, le pr\u00e9fet Philip Alloncle, et \u00ab\u00a0de pouvoir optimiser l\u2019offre d\u2019accueil\u00a0\u00bb pour ces populations itin\u00e9rantes, la \u00ab\u00a0renforcer\u00a0\u00bb.<\/p>\n<\/p>\n<p>Depuis\u00a02000, la loi pr\u00e9voit, dans chaque d\u00e9partement, l\u2019\u00e9laboration d\u2019un sch\u00e9ma d\u2019accueil des gens du voyage. Les communes de plus de 5.000 habitants en font obligatoirement partie.<\/p>\n<p>Quatre axes de travail ont \u00e9t\u00e9 identifi\u00e9s, selon Philip Alloncle\u00a0: renforcer l\u2019efficacit\u00e9 des sanctions, notamment judiciaires, renforcer les pouvoirs des pr\u00e9fets, \u00ab\u00a0en mati\u00e8re d&rsquo;\u00e9vacuation de terrains occup\u00e9s de fa\u00e7on illicite\u00a0\u00bb, \u00ab\u00a0responsabiliser\u00a0\u00bb les occupants des aires d\u2019accueil, enfin inciter les collectivit\u00e9s \u00e0 mieux respecter leurs obligations. Au total, 22 propositions vont \u00eatre avanc\u00e9es par ces 16 parlementaires, et une proposition de loi est \u00e0 venir.<\/p>\n<p>Les pr\u00e9fets mis en premi\u00e8re ligne<\/p>\n<p>D\u00e8s ce lundi soir, une circulaire, sign\u00e9e par Fran\u00e7ois-No\u00ebl Buffet et par Bruno Retailleau, a donc \u00e9t\u00e9 envoy\u00e9e aux pr\u00e9fets pour anticiper les d\u00e9placements des groupes de gens du voyage pendant la p\u00e9riode estivale. Ce document exhorte les pr\u00e9fets \u00e0 \u00ab\u00a0r\u00e9affirmer l\u2019autorit\u00e9 de l\u2019Etat\u00a0\u00bb et \u00e0 prendre des mesures pour \u00ab\u00a0pr\u00e9venir les occupations illicites\u00a0\u00bb. Parmi elles, la nomination d\u2019un \u00ab\u00a0m\u00e9diateur d\u00e9partemental\u00a0\u00bb pour \u00ab\u00a0pr\u00e9venir et g\u00e9rer les conflits\u00a0\u00bb.<\/p>\n<p><a href=\"https:\/\/www.20minutes.fr\/politique\/\" target=\"_blank\" class=\"c-link c-btn c-btn--primary\" rel=\"noopener\">Notre dossier Politique<\/a><\/p>\n<p>Ce document demande aussi d\u2019identifier des terrains d\u2019appoint pour compenser le manque ou la saturation des aires d\u2019accueil. \u00ab\u00a0Ce qui est demand\u00e9 aux pr\u00e9fets, c\u2019est qu\u2019ils puissent recourir syst\u00e9matiquement aux proc\u00e9dures d\u2019\u00e9vacuations forc\u00e9es\u00a0\u00bb en cas d\u2019occupation illicite, d\u00e8s lors que le territoire respecte bien son sch\u00e9ma d\u2019accueil des gens du voyage, a d\u00e9taill\u00e9 Philip Alloncle.<\/p>\n<p>\u00ab\u00a0Ce que nous voulons, c\u2019est que les installations soient naturellement anticip\u00e9es le plus t\u00f4t possible pour \u00eatre organis\u00e9es et que les choses se passent bien pour tout le monde\u00a0\u00bb, a pour sa part affirm\u00e9 Fran\u00e7ois-No\u00ebl Buffet.<\/p>\n","protected":false},"excerpt":{"rendered":"Bruno Retailleau veut mieux encadrer les installations des membres de la communaut\u00e9 des gens du voyage. Le minist\u00e8re&hellip;\n","protected":false},"author":2,"featured_media":234140,"comment_status":"","ping_status":"","sticky":false,"template":"","format":"standard","meta":{"footnotes":""},"categories":[4],"tags":[47,11,1013,1011,27,2903,12,316,25,104,133],"class_list":{"0":"post-234139","1":"post","2":"type-post","3":"status-publish","4":"format-standard","5":"has-post-thumbnail","7":"category-france","8":"tag-actualite","9":"tag-actualites","10":"tag-bruno-retailleau","11":"tag-fr","12":"tag-france","13":"tag-gens-du-voyage","14":"tag-news","15":"tag-politique","16":"tag-republique-francaise","17":"tag-societe","18":"tag-video"},"share_on_mastodon":{"url":"https:\/\/pubeurope.com\/@fr\/114815435134212687","error":""},"_links":{"self":[{"href":"https:\/\/www.europesays.com\/fr\/wp-json\/wp\/v2\/posts\/234139","targetHints":{"allow":["GET"]}}],"collection":[{"href":"https:\/\/www.europesays.com\/fr\/wp-json\/wp\/v2\/posts"}],"about":[{"href":"https:\/\/www.europesays.com\/fr\/wp-json\/wp\/v2\/types\/post"}],"author":[{"embeddable":true,"href":"https:\/\/www.europesays.com\/fr\/wp-json\/wp\/v2\/users\/2"}],"replies":[{"embeddable":true,"href":"https:\/\/www.europesays.com\/fr\/wp-json\/wp\/v2\/comments?post=234139"}],"version-history":[{"count":0,"href":"https:\/\/www.europesays.com\/fr\/wp-json\/wp\/v2\/posts\/234139\/revisions"}],"wp:featuredmedia":[{"embeddable":true,"href":"https:\/\/www.europesays.com\/fr\/wp-json\/wp\/v2\/media\/234140"}],"wp:attachment":[{"href":"https:\/\/www.europesays.com\/fr\/wp-json\/wp\/v2\/media?parent=234139"}],"wp:term":[{"taxonomy":"category","embeddable":true,"href":"https:\/\/www.europesays.com\/fr\/wp-json\/wp\/v2\/categories?post=234139"},{"taxonomy":"post_tag","embeddable":true,"href":"https:\/\/www.europesays.com\/fr\/wp-json\/wp\/v2\/tags?post=234139"}],"curies":[{"name":"wp","href":"https:\/\/api.w.org\/{rel}","templated":true}]}}