{"id":234141,"date":"2025-07-08T03:14:12","date_gmt":"2025-07-08T03:14:12","guid":{"rendered":"https:\/\/www.europesays.com\/fr\/234141\/"},"modified":"2025-07-08T03:14:12","modified_gmt":"2025-07-08T03:14:12","slug":"la-taxe-zucman-plebiscitee-par-ces-sept-prix-nobel-deconomie-dans-une-tribune-au-monde","status":"publish","type":"post","link":"https:\/\/www.europesays.com\/fr\/234141\/","title":{"rendered":"La \u00ab\u00a0taxe Zucman\u00a0\u00bb pl\u00e9biscit\u00e9e par ces sept prix Nobel d\u2019\u00e9conomie dans une tribune au \u00ab\u00a0Monde\u00a0\u00bb"},"content":{"rendered":"<p>        <img decoding=\"async\" loading=\"lazy\" src=\"https:\/\/www.europesays.com\/fr\/wp-content\/uploads\/2025\/07\/f4cdd2d_sirius-fs-upload-1-ul1maktmncaw-1738160031169-ba.png\"  width=\"728\" height=\"410\" alt=\"Sept prix Nobel exhortent la France \u00e0 adopter un imp\u00f4t sur les ultra-riches. (Photo d\u2019illustration du milliardaire Bernard Arnault pr\u00e9sentant les r\u00e9sultats du groupe LVMH en 2024)\"\/>  <\/p>\n<p>Capture<\/p>\n<p>Sept prix Nobel exhortent la France \u00e0 adopter un imp\u00f4t sur les ultra-riches. (Photo d\u2019illustration du milliardaire Bernard Arnault pr\u00e9sentant les r\u00e9sultats du groupe LVMH en 2024)<\/p>\n<p class=\"asset asset-text\">\u00c9CONOMIE &#8211; \u00ab\u00a0Ils poss\u00e8dent l\u2019\u00e9quivalent de 30% du PIB\u00a0\u00bb de l\u2019Hexagone. Dans une tribune publi\u00e9e dans le journal <a href=\"https:\/\/www.lemonde.fr\/idees\/article\/2025\/07\/07\/avec-l-impot-sur-les-ultrariches-la-france-peut-montrer-la-voie-au-reste-du-monde-le-plaidoyer-de-sept-prix-nobel-d-economie-pour-la-taxe-zucman_6619619_3232.html\" target=\"_blank\" rel=\"noopener nofollow\" title=\"Nouvelle fen\u00eatre\">Le Monde<\/a>, sept prix Nobel d\u2019\u00e9conomie ont appel\u00e9 ce lundi 7\u00a0juillet \u00e0 mettre en place un imp\u00f4t minimum sur les patrimoines des plus riches en France, sur le mod\u00e8le de la <a href=\"https:\/\/www.huffingtonpost.fr\/politique\/article\/cite-par-emmanuel-macron-en-direct-sur-tf1-l-economiste-gabriel-zucman-lui-repond_249992.html\" target=\"_blank\" rel=\"noopener nofollow\" title=\"Nouvelle fen\u00eatre\">\u00ab\u00a0taxe\u00a0Zucman\u00a0\u00bb<\/a>, <a href=\"https:\/\/www.huffingtonpost.fr\/politique\/article\/gabriel-zucman-veut-encore-croire-a-l-adoption-de-sa-taxe-malgre-le-rejet-du-senat_251312.html\" target=\"_blank\" rel=\"noopener nofollow\" title=\"Nouvelle fen\u00eatre\">rejet\u00e9e au S\u00e9nat<\/a> en juin \u00e0 l\u2019heure o\u00f9 la France cherche des pistes de recettes.<\/p>\n<p class=\"asset asset-text\">Cette taxe vise \u00e0 imposer un taux minimum d\u2019imposition sur les tr\u00e8s grandes fortunes, en particulier celles d\u00e9passant 100 millions d\u2019euros, comme celles de Fran\u00e7ois Pinault et de Bernard Arnault. Le but\u00a0: s\u2019assurer qu\u2019elles contribuent \u00e0 hauteur d\u2019au moins 2% de leur patrimoine, en imp\u00f4ts, rappelle <a href=\"https:\/\/www.radiofrance.fr\/franceculture\/podcasts\/le-journal-de-l-eco\/taxe-zucman-comment-ca-marcherait-1213287\" target=\"_blank\" rel=\"noopener nofollow\" title=\"Nouvelle fen\u00eatre\">France Culture<\/a>.<\/p>\n<p class=\"asset asset-text\">Avec l\u2019imp\u00f4t sur les ultrariches, \u00ab\u00a0la France a l\u2019occasion, de nouveau, de montrer la voie au reste du monde\u00a0\u00bb, \u00e9crivent ces laur\u00e9ats de la prestigieuse distinction \u00e9conomique. Parmi eux, les Nobel d\u2019\u00e9conomie 2024 Daron Acemoglu et Simon Johnson, ceux de 2019 Esther Duflo et Abhijit Banerjee, ceux de 2001 George Akerlof et Joseph Stiglitz, ainsi que celui de 2008 Paul Krugman, la plupart de nationalit\u00e9 am\u00e9ricaine.<\/p>\n<p>    Montrer l\u2019exemple    <\/p>\n<p class=\"asset asset-text\">Selon ces \u00e9conomistes reconnus \u00e0 l\u2019international, \u00ab\u00a0les ultrariches sont particuli\u00e8rement prosp\u00e8res en France. Les milliardaires mondiaux poss\u00e8dent en patrimoine l\u2019\u00e9quivalent de 14% du PIB de la plan\u00e8te, d\u2019apr\u00e8s le magazine Forbes\u00a0; les Fran\u00e7ais pr\u00e8s de 30\u00a0% du PIB hexagonal.\u00bb.<\/p>\n<p class=\"asset asset-text\">Taxer les patrimoines au travers d\u2019un imp\u00f4t plancher exprim\u00e9 en pourcentage \u00ab\u00a0est efficace, car il s\u2019attaque \u00e0 toutes les formes d\u2019optimisation, quelle qu\u2019en soit la nature\u00a0\u00bb, poursuivent ces \u00e9conomistes. \u00ab\u00a0Il est cibl\u00e9, car il touche principalement, parmi les contribuables les plus fortun\u00e9s, ceux qui ont recours \u00e0 l\u2019optimisation fiscale.\u00a0\u00bb<\/p>\n<p class=\"asset asset-text\">Les auteurs saluent aussi les discussions internationales allant en ce sens et la proposition au G20 d\u2019instaurer un imp\u00f4t minimal mondial sur les milliardaires \u00e9quivalent \u00e0 2% du patrimoine, rejet\u00e9e l\u2019an dernier.<\/p>\n<p class=\"asset asset-text\">Malgr\u00e9 tout, \u00ab\u00a0le mouvement international est lanc\u00e9\u00a0\u00bb, affirment-ils, jugeant qu\u2019\u00ab\u00a0il n\u2019y a pas de raison d\u2019attendre la finalisation d\u2019un accord international,\u00a0il faut au contraire y oeuvrer en montrant l\u2019exemple, comme la France a su le faire par le pass\u00e9\u00a0\u00bb avec l\u2019instauration de la TVA en 1954.<\/p>\n<p>                     <strong>Rejet au S\u00e9nat<\/strong>    <\/p>\n<p class=\"asset asset-text\">Ce texte survient apr\u00e8s le rejet au S\u00e9nat en juin d\u2019une proposition de loi inspir\u00e9e par l\u2019\u00e9conomiste fran\u00e7ais Gabriel\u00a0Zucman, pr\u00e9voyant d\u2019appliquer une \u00ab\u00a0contribution diff\u00e9rentielle\u00a0\u00bb visant les patrimoines de plus de 100 millions d\u2019euros, initialement adopt\u00e9e \u00e0 l\u2019Assembl\u00e9e nationale.<\/p>\n<p class=\"asset asset-text\">L\u2019objectif \u00e9tait de s\u2019assurer que ces contribuables ultra-riches payent bien au moins 2% de leur fortune en imp\u00f4t, et emp\u00eacher ainsi les effets d\u2019\u00e9vitement observ\u00e9s dans la fiscalit\u00e9 de certains multimillionnaires, en mesure de structurer leur patrimoine pour en diminuer la fiscalit\u00e9.<\/p>\n<p class=\"asset asset-text\">Cette proposition de loi avait donn\u00e9 lieu \u00e0 un d\u00e9bat anim\u00e9 entre les \u00e9conomistes favorables et ceux tr\u00e8s oppos\u00e9s \u00e0 la mesure.<\/p>\n","protected":false},"excerpt":{"rendered":"Capture Sept prix Nobel exhortent la France \u00e0 adopter un imp\u00f4t sur les ultra-riches. (Photo d\u2019illustration du milliardaire&hellip;\n","protected":false},"author":2,"featured_media":234142,"comment_status":"","ping_status":"","sticky":false,"template":"","format":"standard","meta":{"footnotes":""},"categories":[2],"tags":[11,33,1011,27,7243,6817,12,316],"class_list":{"0":"post-234141","1":"post","2":"type-post","3":"status-publish","4":"format-standard","5":"has-post-thumbnail","7":"category-actualites","8":"tag-actualites","9":"tag-economie","10":"tag-fr","11":"tag-france","12":"tag-le-monde","13":"tag-milliardaire","14":"tag-news","15":"tag-politique"},"share_on_mastodon":{"url":"https:\/\/pubeurope.com\/@fr\/114815439231955046","error":""},"_links":{"self":[{"href":"https:\/\/www.europesays.com\/fr\/wp-json\/wp\/v2\/posts\/234141","targetHints":{"allow":["GET"]}}],"collection":[{"href":"https:\/\/www.europesays.com\/fr\/wp-json\/wp\/v2\/posts"}],"about":[{"href":"https:\/\/www.europesays.com\/fr\/wp-json\/wp\/v2\/types\/post"}],"author":[{"embeddable":true,"href":"https:\/\/www.europesays.com\/fr\/wp-json\/wp\/v2\/users\/2"}],"replies":[{"embeddable":true,"href":"https:\/\/www.europesays.com\/fr\/wp-json\/wp\/v2\/comments?post=234141"}],"version-history":[{"count":0,"href":"https:\/\/www.europesays.com\/fr\/wp-json\/wp\/v2\/posts\/234141\/revisions"}],"wp:featuredmedia":[{"embeddable":true,"href":"https:\/\/www.europesays.com\/fr\/wp-json\/wp\/v2\/media\/234142"}],"wp:attachment":[{"href":"https:\/\/www.europesays.com\/fr\/wp-json\/wp\/v2\/media?parent=234141"}],"wp:term":[{"taxonomy":"category","embeddable":true,"href":"https:\/\/www.europesays.com\/fr\/wp-json\/wp\/v2\/categories?post=234141"},{"taxonomy":"post_tag","embeddable":true,"href":"https:\/\/www.europesays.com\/fr\/wp-json\/wp\/v2\/tags?post=234141"}],"curies":[{"name":"wp","href":"https:\/\/api.w.org\/{rel}","templated":true}]}}