{"id":23415,"date":"2025-04-14T01:20:12","date_gmt":"2025-04-14T01:20:12","guid":{"rendered":"https:\/\/www.europesays.com\/fr\/23415\/"},"modified":"2025-04-14T01:20:12","modified_gmt":"2025-04-14T01:20:12","slug":"paris-rappelle-lindependance-de-la-justice-face-a-la-colere-dalger","status":"publish","type":"post","link":"https:\/\/www.europesays.com\/fr\/23415\/","title":{"rendered":"Paris rappelle l\u2019ind\u00e9pendance de la justice face \u00e0 la col\u00e8re d\u2019Alger"},"content":{"rendered":"<p>L\u2019autorit\u00e9 judiciaire fran\u00e7aise \u00ab\u00a0agit en toute ind\u00e9pendance\u00a0\u00bb, a r\u00e9agi dimanche une source diplomatique fran\u00e7aise, au lendemain de la <a href=\"https:\/\/www.20minutes.fr\/monde\/4148384-20250413-algerie-colere-alger-contre-detention-france-agent-consulaire\" class=\"color-ultramarine c-link\" target=\"_blank\" rel=\"noopener\">vive protestation d\u2019Alger<\/a> contre la d\u00e9tention en France d\u2019un agent d\u2019un consulat alg\u00e9rien, accus\u00e9 d\u2019implication dans<a href=\"https:\/\/www.20minutes.fr\/monde\/4148331-20250412-algerie-trois-hommes-mis-examen-enlevement-france-opposant-regime\" class=\"color-ultramarine c-link\" target=\"_blank\" rel=\"noopener\"> l\u2019enl\u00e8vement fin avril\u00a02024 sur le sol fran\u00e7ais de l\u2019influenceur alg\u00e9rien Amir Boukhors<\/a>. \u00ab\u00a0Nous ne commentons pas une enqu\u00eate en cours. L\u2019autorit\u00e9 judiciaire, qui agit en toute ind\u00e9pendance, est seule comp\u00e9tente pour se prononcer\u00a0\u00bb, a d\u00e9clar\u00e9 cette source \u00e0 l\u2019AFP.<\/p>\n<p>Trois hommes, dont un travaillant dans un consulat <a href=\"https:\/\/www.20minutes.fr\/dossier\/algerie\" class=\"color-ultramarine c-link\" target=\"_blank\" rel=\"noopener\">d\u2019Alg\u00e9rie <\/a>en France, ont \u00e9t\u00e9 mis en examen vendredi \u00e0 Paris, pour arrestation, enl\u00e8vement, s\u00e9questration ou d\u00e9tention arbitraire suivie de lib\u00e9ration avant le 7e jour, en relation avec une entreprise terroriste, selon le Parquet national antiterroriste fran\u00e7ais. Dans cette affaire qui concerne l\u2019opposant au r\u00e9gime alg\u00e9rien Amir Boukhors, influenceur surnomm\u00e9 Amir DZ, ces trois hommes sont aussi poursuivis pour association de malfaiteurs terroriste criminelle. Ils ont \u00e9t\u00e9 plac\u00e9s en d\u00e9tention provisoire.<\/p>\n<p>\u00ab\u00a0Vive protestation\u00a0\u00bb<\/p>\n<p>Le minist\u00e8re alg\u00e9rien des Affaires \u00e9trang\u00e8res a tonn\u00e9 samedi soir contre \u00ab\u00a0ce nouveau d\u00e9veloppement inadmissible et inqualifiable [qui] causera un grand dommage aux relations alg\u00e9ro-fran\u00e7aises\u00a0\u00bb. Il s\u2019est engag\u00e9 \u00e0 ne pas \u00ab\u00a0laisser cette situation sans cons\u00e9quences\u00a0\u00bb. La diplomatie alg\u00e9rienne a en outre dit avoir \u00ab\u00a0re\u00e7u\u00a0\u00bb <a href=\"https:\/\/www.20minutes.fr\/monde\/ambassadeur\/\" class=\"color-ultramarine c-link\" target=\"_blank\" rel=\"noopener\">l\u2019ambassadeur <\/a>de France en Alg\u00e9rie, St\u00e9phane Romatet, pour \u00ab\u00a0exprimer sa vive protestation\u00a0\u00bb.<\/p>\n<\/p>\n<p>Interrog\u00e9 sur cette information, le <a href=\"https:\/\/www.20minutes.fr\/dossier\/quai_d_orsay\" class=\"color-ultramarine c-link\" target=\"_blank\" rel=\"noopener\">Quai d\u2019Orsay<\/a> n\u2019a pas fait de commentaire. \u00ab\u00a0Nous rappelons notre attachement au plein respect du droit international, notamment la convention de Vienne sur les relations consulaires\u00a0\u00bb, a simplement pr\u00e9cis\u00e9 la source diplomatique fran\u00e7aise. Sollicit\u00e9 par l\u2019AFP, le minist\u00e8re de la Justice fran\u00e7ais n\u2019a pas r\u00e9agi.<\/p>\n","protected":false},"excerpt":{"rendered":"L\u2019autorit\u00e9 judiciaire fran\u00e7aise \u00ab\u00a0agit en toute ind\u00e9pendance\u00a0\u00bb, a r\u00e9agi dimanche une source diplomatique fran\u00e7aise, au lendemain de la&hellip;\n","protected":false},"author":2,"featured_media":23416,"comment_status":"","ping_status":"","sticky":false,"template":"","format":"standard","meta":{"footnotes":""},"categories":[1888],"tags":[47,11,15,8539,2716,1067,1777,674,1011,27,662,74,12,626,2462,25,1254],"class_list":{"0":"post-23415","1":"post","2":"type-post","3":"status-publish","4":"format-standard","5":"has-post-thumbnail","7":"category-paris","8":"tag-actualite","9":"tag-actualites","10":"tag-algerie","11":"tag-ambassade","12":"tag-enlevement","13":"tag-enquete","14":"tag-eu","15":"tag-europe","16":"tag-fr","17":"tag-france","18":"tag-ile-de-france","19":"tag-monde","20":"tag-news","21":"tag-paris","22":"tag-quai-dorsay","23":"tag-republique-francaise","24":"tag-terrorisme"},"share_on_mastodon":{"url":"https:\/\/pubeurope.com\/@fr\/114333694368156179","error":""},"_links":{"self":[{"href":"https:\/\/www.europesays.com\/fr\/wp-json\/wp\/v2\/posts\/23415","targetHints":{"allow":["GET"]}}],"collection":[{"href":"https:\/\/www.europesays.com\/fr\/wp-json\/wp\/v2\/posts"}],"about":[{"href":"https:\/\/www.europesays.com\/fr\/wp-json\/wp\/v2\/types\/post"}],"author":[{"embeddable":true,"href":"https:\/\/www.europesays.com\/fr\/wp-json\/wp\/v2\/users\/2"}],"replies":[{"embeddable":true,"href":"https:\/\/www.europesays.com\/fr\/wp-json\/wp\/v2\/comments?post=23415"}],"version-history":[{"count":0,"href":"https:\/\/www.europesays.com\/fr\/wp-json\/wp\/v2\/posts\/23415\/revisions"}],"wp:featuredmedia":[{"embeddable":true,"href":"https:\/\/www.europesays.com\/fr\/wp-json\/wp\/v2\/media\/23416"}],"wp:attachment":[{"href":"https:\/\/www.europesays.com\/fr\/wp-json\/wp\/v2\/media?parent=23415"}],"wp:term":[{"taxonomy":"category","embeddable":true,"href":"https:\/\/www.europesays.com\/fr\/wp-json\/wp\/v2\/categories?post=23415"},{"taxonomy":"post_tag","embeddable":true,"href":"https:\/\/www.europesays.com\/fr\/wp-json\/wp\/v2\/tags?post=23415"}],"curies":[{"name":"wp","href":"https:\/\/api.w.org\/{rel}","templated":true}]}}