{"id":234164,"date":"2025-07-08T03:27:25","date_gmt":"2025-07-08T03:27:25","guid":{"rendered":"https:\/\/www.europesays.com\/fr\/234164\/"},"modified":"2025-07-08T03:27:25","modified_gmt":"2025-07-08T03:27:25","slug":"lactivite-dun-abattoir-dille-et-vilaine-bloquee-par-des-militants-antispecistes","status":"publish","type":"post","link":"https:\/\/www.europesays.com\/fr\/234164\/","title":{"rendered":"L\u2019activit\u00e9 d\u2019un abattoir d\u2019Ille-et-Vilaine bloqu\u00e9e par des militants antisp\u00e9cistes"},"content":{"rendered":"<p>Des militants antisp\u00e9cistes se sont introduits dans un abattoir de Ch\u00e2teaubourg, entre Rennes et Vitr\u00e9, la nuit du dimanche\u00a06 au lundi 7\u00a0juillet 2025. Le collectif europ\u00e9en 269\u00a0Lib\u00e9ration animale est \u00e0 l\u2019origine de cette action, <a href=\"https:\/\/vitre.maville.com\/actu\/actudet_-six-abattoirs-bloques-cette-nuit-par-une-centaine-de-militants-de-269-liberation-animale-_7-6889526_actu.Htm\" rel=\"nofollow noopener\" target=\"_blank\">men\u00e9e conjointement dans plusieurs abattoirs<\/a> dont celui de Tendriade \u00e0 Ch\u00e2teaubourg, comme l\u2019ont relev\u00e9 nos confr\u00e8res du <a href=\"https:\/\/actu.fr\/bretagne\/chateaubourg_35068\/video-ille-et-vilaine-des-militants-antispecistes-sintroduisent-dans-un-abattoir_62876462.html\" target=\"_blank\" rel=\"noopener\">Journal de Vitr\u00e9.<\/a><\/p>\n<p>Souhaitant<strong> \u00ab\u00a0emp\u00eacher la tuerie des centaines d\u2019animaux qui y sont abattus chaque jour\u00a0\u00bb,<\/strong> les activistes de la cause animale ont relat\u00e9 sur leurs r\u00e9seaux sociaux ces<strong> \u00ab\u00a0blocages europ\u00e9ens simultan\u00e9s des abattoirs du groupe Vandrie\u00a0\u00bb,<\/strong> auquel appartient Tendriade. <strong>\u00ab\u00a0Ce groupe est le leader mondial de l\u2019exploitation de veaux\u00a0\u00bb,<\/strong> ajoutent-ils, pointant <strong>\u00ab\u00a01,9\u00a0million de victimes tu\u00e9es chaque ann\u00e9e\u00a0\u00bb.<\/strong><\/p>\n<p><strong>Lire aussi\u00a0: <\/strong> <a href=\"https:\/\/fougeres.maville.com\/actu\/actudet_--la-douleur-est-normalisee-ces-salaries-d-abattoirs-temoignent-de-leurs-conditions-de-travail-_7-6163290_actu.Htm\" target=\"_blank\" rel=\"noopener\">\u00ab\u00a0La douleur est normalis\u00e9e\u00a0\u00bb\u00a0: ces salari\u00e9s d\u2019abattoirs t\u00e9moignent de leurs conditions de travail<\/a><\/p>\n<blockquote class=\"instagram-media\" data-instgrm-captioned=\"\" data-instgrm-permalink=\"https:\/\/www.instagram.com\/reel\/DLyVfKeNbg5\/?utm_source=ig_embed&amp;utm_campaign=loading\" data-instgrm-version=\"14\" style=\" background:#FFF; border:0; border-radius:3px; box-shadow:0 0 1px 0 rgba(0,0,0,0.5),0 1px 10px 0 rgba(0,0,0,0.15); margin: 1px; max-width:540px; min-width:326px; padding:0; width:99.375%; width:-webkit-calc(100% - 2px); width:calc(100% - 2px);\" wp_automatic_readability=\"-0.18103448275862\"\/>\n<p>Une enqu\u00eate ouverte<\/p>\n<p>Sur les photos et vid\u00e9os partag\u00e9es sur Instagram, on peut voir des militants aux visages masqu\u00e9s, scandant des slogans en italien et en fran\u00e7ais, assis sur les outils de production afin de les bloquer.<\/p>\n<p>La gendarmerie de Vitr\u00e9 est intervenue cette nuit sur le site de Ch\u00e2teaubourg pour \u00e9vacuer les militants et a ouvert une enqu\u00eate. Contact\u00e9s, Tendriade et le procureur de Rennes n\u2019ont pour l\u2019heure pas r\u00e9pondu \u00e0 nos sollicitations.<\/p>\n<p>Des blocages ont \u00e9galement eu lieu dans un abattoir \u00e0 Boulazac (Dordogne) et dans quatre abattoirs aux Pays-Bas.<\/p>\n<p>\u00a0<\/p>\n<p>\t\t<script async src=\"\/\/www.instagram.com\/embed.js\"><\/script><\/p>\n","protected":false},"excerpt":{"rendered":"Des militants antisp\u00e9cistes se sont introduits dans un abattoir de Ch\u00e2teaubourg, entre Rennes et Vitr\u00e9, la nuit du&hellip;\n","protected":false},"author":2,"featured_media":234165,"comment_status":"","ping_status":"","sticky":false,"template":"","format":"standard","meta":{"footnotes":""},"categories":[2821],"tags":[13907,12408,1111,11,37296,21701,829,1777,674,1011,27,848,14027,12,584,25,3728],"class_list":{"0":"post-234164","1":"post","2":"type-post","3":"status-publish","4":"format-standard","5":"has-post-thumbnail","7":"category-rennes","8":"tag-abattoir","9":"tag-activite","10":"tag-actu","11":"tag-actualites","12":"tag-antispecistes","13":"tag-bloquee","14":"tag-bretagne","15":"tag-eu","16":"tag-europe","17":"tag-fr","18":"tag-france","19":"tag-ille-et-vilaine","20":"tag-militants","21":"tag-news","22":"tag-rennes","23":"tag-republique-francaise","24":"tag-saint-malo"},"share_on_mastodon":{"url":"https:\/\/pubeurope.com\/@fr\/114815490055366679","error":""},"_links":{"self":[{"href":"https:\/\/www.europesays.com\/fr\/wp-json\/wp\/v2\/posts\/234164","targetHints":{"allow":["GET"]}}],"collection":[{"href":"https:\/\/www.europesays.com\/fr\/wp-json\/wp\/v2\/posts"}],"about":[{"href":"https:\/\/www.europesays.com\/fr\/wp-json\/wp\/v2\/types\/post"}],"author":[{"embeddable":true,"href":"https:\/\/www.europesays.com\/fr\/wp-json\/wp\/v2\/users\/2"}],"replies":[{"embeddable":true,"href":"https:\/\/www.europesays.com\/fr\/wp-json\/wp\/v2\/comments?post=234164"}],"version-history":[{"count":0,"href":"https:\/\/www.europesays.com\/fr\/wp-json\/wp\/v2\/posts\/234164\/revisions"}],"wp:featuredmedia":[{"embeddable":true,"href":"https:\/\/www.europesays.com\/fr\/wp-json\/wp\/v2\/media\/234165"}],"wp:attachment":[{"href":"https:\/\/www.europesays.com\/fr\/wp-json\/wp\/v2\/media?parent=234164"}],"wp:term":[{"taxonomy":"category","embeddable":true,"href":"https:\/\/www.europesays.com\/fr\/wp-json\/wp\/v2\/categories?post=234164"},{"taxonomy":"post_tag","embeddable":true,"href":"https:\/\/www.europesays.com\/fr\/wp-json\/wp\/v2\/tags?post=234164"}],"curies":[{"name":"wp","href":"https:\/\/api.w.org\/{rel}","templated":true}]}}