{"id":234173,"date":"2025-07-08T03:33:10","date_gmt":"2025-07-08T03:33:10","guid":{"rendered":"https:\/\/www.europesays.com\/fr\/234173\/"},"modified":"2025-07-08T03:33:10","modified_gmt":"2025-07-08T03:33:10","slug":"quel-est-ce-site-de-recyclage-du-plastique-qui-suscite-lemoi-chez-des-habitants-de-ce-village-pres-de-nice","status":"publish","type":"post","link":"https:\/\/www.europesays.com\/fr\/234173\/","title":{"rendered":"Quel est ce site de recyclage du plastique qui suscite l\u2019\u00e9moi chez des habitants de ce village pr\u00e8s de Nice?"},"content":{"rendered":"<p>\u00ab\u00a0\u00c7a a chauff\u00e9 dans le landerneau!\u00a0\u00bb&#8230;<\/p>\n<p>Jeudi 3 juillet, c\u2019est, de l\u2019aveu de plusieurs participants, qu\u2019une r\u00e9union publique tr\u00e8s anim\u00e9e s\u2019est tenue au village de Villars-sur-Var, r\u00e9unissant une centaine d\u2019administr\u00e9s. Objet de la discorde : l\u2019implantation d\u2019un atelier de r\u00e9emploi du plastique, quartier plan de Lunel en bas du bourg, pr\u00e8s du vignoble, pr\u00e9vu pour entrer en activit\u00e9 au 1er trimestre 2026. On fait le point.<\/p>\n<p>De quoi parle-t-on?<\/p>\n<p>Port\u00e9 par la soci\u00e9t\u00e9 Zyrclo, le b\u00e2timent abritant l\u2019atelier, d\u2019une surface de 300m2 &#8211; qui se veut \u00e9co-con\u00e7u et vise la labellisation d\u2019un organisne de r\u00e9f\u00e9rence (1) &#8211; doit s\u2019installer sur un terrain priv\u00e9 de plus de 6.000m2, jouxtant une soci\u00e9t\u00e9 de traitement du carton. \u00ab\u00a0La parcelle \u00e9tait une verrue avec un entreposage d\u00e9sordonn\u00e9 de mat\u00e9riel de BTP\u00a0\u00bb, dixit le maire, Ren\u00e9 Briquetti, qui soutient ce projet \u00ab\u00a0de droit priv\u00e9\u00a0\u00bb. C\u2019est la soci\u00e9t\u00e9 Zyrclo, fond\u00e9e en 2023 par Val\u00e9rie Klein, qui a acquis le foncier. \u00ab\u00a0Aux Philippines o\u00f9 j\u2019ai v\u00e9cu, le d\u00e9sastre de la pollution plastique m\u2019a frapp\u00e9e. Quand je suis revenue, j\u2019ai constat\u00e9 qu\u2019il n\u2019y avait dans le d\u00e9partement aucune unit\u00e9 de recyclage de cette mati\u00e8re, qui finit br\u00fbl\u00e9e ou enfouie. J\u2019ai voulu mettre ma pierre \u00e0 l\u2019\u00e9difice\u00a0\u00bb, explique-t-elle. Sur le futur site, un espace de 250m2 \u00e9quip\u00e9 d\u2019une presse hydraulique \u00e0 chaud, allant jusqu\u2019\u00e0 160 degr\u00e9s compressera des d\u00e9chets en \u00ab\u00a0plastique propre\u00a0\u00bb fourni par Veolia et \u00e9manant d\u2019entreprises locales.<\/p>\n<p>\u00c0 l\u2019instar de supports \u00e0 \u00e9prouvettes (notre photo) utilis\u00e9s par <a href=\"https:\/\/www.nicematin.com\/economie\/arkopharma-vendu-quelles-perspectives-pour-le-leader-europeen-de-la-sante-naturelle-grand-public-installe-a-carros-794187\" rel=\"nofollow noopener\" target=\"_blank\">Arkopharma<\/a>. \u00ab\u00a0\u00c0 terme, 80 \u00e0 90 tonnes seront trait\u00e9s par an, \u00e0 raison de deux allers-retours par semaine pour les livrer avec une camionnette \u00e9lectrique. Une fois broy\u00e9 \u00e0 chaud sans rejet dangereux ni usage d\u2019eau, le plastique sera fa\u00e7onn\u00e9 dans une presse froide en tables et chaises, avec un ajout de bois que l\u2019on veut local\u00a0\u00bb, assure Val\u00e9rie Klein, arguant que les d\u00e9chets feront l\u2019objet d\u2019une analyse de toxicit\u00e9 pr\u00e9alable au r\u00e9emploi. \u00ab\u00a0Zyrclo nous a contact\u00e9s fin 2024, nous avons trouv\u00e9 le projet dans l\u2019\u00e8re du temps, exemplaire. Et cela se fait d\u00e9j\u00e0 \u00e0 Aubervilliers (Seine-Saint-Denis) ou \u00e0 G\u00e9menos (Bouches-du-Rh\u00f4ne)\u00a0\u00bb, souligne le maire, comprenant qu\u2019il puisse y avoir de l\u2019inqui\u00e9tude. \u00ab\u00a0Se questionner est toujours l\u00e9gitime\u00a0\u00bb, dit-il.<\/p>\n<p>Doutes sur le fond et la forme&#8230;<\/p>\n<p>Des questions, ce n\u2019est pas ce qui manque chez une partie des Villarois. \u00a0\u00bb On a d\u00e9couvert le projet quand le panneau du permis de construire a \u00e9t\u00e9 appos\u00e9 [le 16 mai]. Le maire est venu nous voir le 20 juin, un peu tard&#8230;\u00a0\u00bb, d\u00e9taille Claude et Colette, voisins directs. Architecte \u00e0 la retraite, monsieur sait la construction port\u00e9e par un homologue \u00ab\u00a0\u00e9colo\u00a0\u00bb, salue \u00ab\u00a0sa faible hauteur\u00a0\u00bb et \u00ab\u00a0la n\u00e9cessit\u00e9 de nettoyer ce terrain\u00a0\u00bb mais s\u2019interroge sur sa situation \u00ab\u00a0au c\u0153ur du vignoble AOP\u00a0\u00bb. \u00ab\u00a0On veut \u00eatre s\u00fbr qu\u2019il n\u2019aura pas d\u2019impact, d\u2019autant qu\u2019on aimerait vendre\u00a0\u00bb, glisse le couple, sans animosit\u00e9. R\u00e9sidente du coin o\u00f9 elle a install\u00e9 avec son conjoint son association de permaculture et de yoga, Marie Abelli craint que des particules de plastique \u00ab\u00a0nocives pour la sant\u00e9\u00a0\u00bb puissent \u00ab\u00a0se r\u00e9pandre sur cette zone naturelle pr\u00e9serv\u00e9e et agricole\u00a0\u00bb.<\/p>\n<p>L\u2019ex-maire, Edgar Malaussena et les membres de l\u2019association La Villarelle-Lou Savel sont vent debout. Projets avort\u00e9s d\u2019incin\u00e9rateur, <a href=\"https:\/\/www.nicematin.com\/vie-locale\/la-societe-primagaz-ne-simplantera-pas-a-malaussene-jusqua-nouvel-ordre-79094\" rel=\"nofollow noopener\" target=\"_blank\">d\u2019usine Primagaz<\/a>&#8230; L\u2019ancien \u00e9dile, un temps charg\u00e9 de l\u2019environnement \u00e0 la R\u00e9gion, a d\u00e9j\u00e0 ferraill\u00e9 contre l\u2019industrialisation de la vall\u00e9e. \u00a0\u00bb Ce n\u2019est ni une pol\u00e9mique, ni une vengeance. J\u2019ai appris pour cette usine il y a 5 jours, la m\u00e9thode ne va pas! Lorsque j\u2019ai \u00e9voqu\u00e9 les rejets de compos\u00e9s organiques volatils g\u00e9n\u00e9r\u00e9s par le fait de chauffer du plastique lors de la r\u00e9union, le maire m\u2019a arrach\u00e9 le micro\u00a0\u00bb, d\u00e9plore-t-il.<\/p>\n<p>Propri\u00e9taire d\u2019un terrain au Savel o\u00f9 il porte un projet avec l\u2019ONG Terre en transition, <a href=\"https:\/\/www.nicematin.com\/faits-de-societe\/leducation-et-la-permaculture-cest-un-mariage-magnifique-804754\" rel=\"nofollow noopener\" target=\"_blank\">Olivier Ciais<\/a> est prudent: \u00ab\u00a0Dynamiser l\u2019activit\u00e9 \u00e9conomique peut tout \u00e0 fait s\u2019entendre mais ce recyclage aurait plus sa place loin de sites naturels. Attention toutefois \u00e0 ne pas polariser le village: ce ne sont pas les \u00e9colos contre le reste du monde. Ici, on aime tous ce terroir\u00a0\u00bb, pose-t-il. Demain, des Villarois inquiets tiendront une r\u00e9union \u00e0 17h \u00e0 la salle communale \u00ab\u00a0pour s\u2019organiser\u00a0\u00bb. Quant \u00e0 Val\u00e9rie Klein, \u00ab\u00a0choqu\u00e9e de la violence de la r\u00e9union\u00a0\u00bb du 3 juillet, elle assure se tenir \u00ab\u00a0\u00e0 disposition pour r\u00e9pondre aux questions et redonner les sources scientifiques attestant de la qualit\u00e9 du projet\u00a0\u00bb (1).<\/p>\n<p>(1) B\u00e2timents durables m\u00e9diterran\u00e9ens, r\u00e9f\u00e9rentiel en \u00e9co-construction port\u00e9 par l\u2019association EnvirobatBDM, en partenariat avec l\u2019Ademe. Contact: valerie.klein@zyrclo.eu<\/p>\n","protected":false},"excerpt":{"rendered":"\u00ab\u00a0\u00c7a a chauff\u00e9 dans le landerneau!\u00a0\u00bb&#8230; Jeudi 3 juillet, c\u2019est, de l\u2019aveu de plusieurs participants, qu\u2019une r\u00e9union publique&hellip;\n","protected":false},"author":2,"featured_media":234174,"comment_status":"","ping_status":"","sticky":false,"template":"","format":"standard","meta":{"footnotes":""},"categories":[2819],"tags":[1111,11,436,1777,674,1011,27,12,2401,882,25],"class_list":{"0":"post-234173","1":"post","2":"type-post","3":"status-publish","4":"format-standard","5":"has-post-thumbnail","7":"category-nice","8":"tag-actu","9":"tag-actualites","10":"tag-environnement","11":"tag-eu","12":"tag-europe","13":"tag-fr","14":"tag-france","15":"tag-news","16":"tag-nice","17":"tag-provence-alpes-cote-dazur","18":"tag-republique-francaise"},"share_on_mastodon":{"url":"https:\/\/pubeurope.com\/@fr\/114815513615185413","error":""},"_links":{"self":[{"href":"https:\/\/www.europesays.com\/fr\/wp-json\/wp\/v2\/posts\/234173","targetHints":{"allow":["GET"]}}],"collection":[{"href":"https:\/\/www.europesays.com\/fr\/wp-json\/wp\/v2\/posts"}],"about":[{"href":"https:\/\/www.europesays.com\/fr\/wp-json\/wp\/v2\/types\/post"}],"author":[{"embeddable":true,"href":"https:\/\/www.europesays.com\/fr\/wp-json\/wp\/v2\/users\/2"}],"replies":[{"embeddable":true,"href":"https:\/\/www.europesays.com\/fr\/wp-json\/wp\/v2\/comments?post=234173"}],"version-history":[{"count":0,"href":"https:\/\/www.europesays.com\/fr\/wp-json\/wp\/v2\/posts\/234173\/revisions"}],"wp:featuredmedia":[{"embeddable":true,"href":"https:\/\/www.europesays.com\/fr\/wp-json\/wp\/v2\/media\/234174"}],"wp:attachment":[{"href":"https:\/\/www.europesays.com\/fr\/wp-json\/wp\/v2\/media?parent=234173"}],"wp:term":[{"taxonomy":"category","embeddable":true,"href":"https:\/\/www.europesays.com\/fr\/wp-json\/wp\/v2\/categories?post=234173"},{"taxonomy":"post_tag","embeddable":true,"href":"https:\/\/www.europesays.com\/fr\/wp-json\/wp\/v2\/tags?post=234173"}],"curies":[{"name":"wp","href":"https:\/\/api.w.org\/{rel}","templated":true}]}}