{"id":234183,"date":"2025-07-08T03:39:14","date_gmt":"2025-07-08T03:39:14","guid":{"rendered":"https:\/\/www.europesays.com\/fr\/234183\/"},"modified":"2025-07-08T03:39:14","modified_gmt":"2025-07-08T03:39:14","slug":"meteo-toulouse-retrouve-son-soleil-apres-une-pause-fraicheur-les-previsions-de-mardi","status":"publish","type":"post","link":"https:\/\/www.europesays.com\/fr\/234183\/","title":{"rendered":"M\u00e9t\u00e9o. Toulouse retrouve son soleil apr\u00e8s une pause fra\u00eecheur : les pr\u00e9visions de mardi"},"content":{"rendered":"<p>            Par<br \/>\n        <strong><br \/>\n            <a href=\"https:\/\/actu.fr\/auteur\/mareva-laville-actu-fr\" title=\"Consulter tous les articles de Mar\u00e9va Laville\" rel=\"nofollow noopener\" target=\"_blank\">Mar\u00e9va Laville<\/a><br \/>\n        <\/strong><\/p>\n<p>        Publi\u00e9 le<\/p>\n<p>            8 juil. 2025 \u00e0 5h04        <\/p>\n<p>Apr\u00e8s la <a href=\"https:\/\/actu.fr\/occitanie\/toulouse_31555\/un-vent-de-fraicheur-souffle-sur-toulouse-les-previsions-meteo-france-de-ce-debut-de-semaine_62874910.html\" rel=\"nofollow noopener\" target=\"_blank\">petite pause fra\u00eecheur<\/a> de fin de week-end et d\u00e9but de semaine \u00e0 <a href=\"http:\/\/www.actu.fr\/toulouse\" rel=\"nofollow noopener\" target=\"_blank\"><strong>Toulouse<\/strong><\/a>, ce mardi 8\u00a0juillet promet une belle journ\u00e9e ensoleill\u00e9e. Ni trop fra\u00eeche, ni trop chaude. La journ\u00e9e d\u00e9marrera avec 20\u00b0C, une brise soufflant \u00e0 20\u00a0km\/h et tr\u00e8s peu de nuages.<\/p>\n<p class=\" wall-content\">Ces derniers seront chass\u00e9s \u00e0 la mi-journ\u00e9e puisque l\u2019apr\u00e8s-midi, c\u2019est le soleil qui rayonnera jusqu\u2019en fin de soir\u00e9e. Toujours avec la petite brise, mais sous une <strong>agr\u00e9able temp\u00e9rature de 24\u00b0C.<\/strong> Le thermom\u00e8tre baissera ensuite \u00e0<strong> 16\u00b0C dans la nuit<\/strong>\u2009: id\u00e9al pour rafra\u00eechir (encore un peu) son chez-soi, apr\u00e8s <a href=\"https:\/\/actu.fr\/occitanie\/toulouse_31555\/l-alerte-canicule-prolongee-a-toulouse-et-en-haute-garonne-jusqu-a-quand-va-t-elle-durer_62848883.html\" rel=\"nofollow noopener\" target=\"_blank\">plusieurs journ\u00e9es caniculaires.<\/a><\/p>\n<p>    <img   decoding=\"async\" loading=\"lazy\" src=\"https:\/\/www.europesays.com\/fr\/wp-content\/uploads\/2025\/07\/mardi8-toulouse-960x550.png\" alt=\"Voici les pr\u00e9visions m\u00e9t\u00e9o pour ce mardi 8 juillet \u00e0 Toulouse.\" width=\"960\" height=\"550\"\/><br \/>\n    Voici les pr\u00e9visions m\u00e9t\u00e9o pour ce mardi 8\u00a0juillet \u00e0 Toulouse. (\u00a9Capture d\u2019\u00e9cran M\u00e9t\u00e9o France)Et en Occitanie\u2009?<\/p>\n<p class=\" wall-content\"><a href=\"https:\/\/actu.fr\/occitanie\/toulouse_31555\/meteo-la-baisse-des-temperatures-se-poursuit-a-toulouse-et-en-occitanie-avant-l-arrivee-de-la-pluie_62873619.html\" rel=\"nofollow noopener\" target=\"_blank\">Quelques gouttes de pluie<\/a> tomberont dans la matin\u00e9e \u00e0 Castres, dans le Tarn. C\u2019est le seul endroit d\u2019<a href=\"http:\/\/www.actu.fr\/occitanie\" rel=\"nofollow noopener\" target=\"_blank\"><strong>Occitanie<\/strong> <\/a>qui d\u00e9butera la journ\u00e9e sans un grand soleil, avec quelques nuages localement dans la r\u00e9gion. Mais la seconde partie de journ\u00e9e mettra tout le monde d\u2019accord.<\/p>\n<p class=\" wall-content\">Mardi 8\u00a0juillet apr\u00e8s-midi, un<strong> grand ciel bleu<\/strong> est attendu aux quatre coins de l\u2019Occitanie, offrant de belles temp\u00e9ratures estivales pour certains. Mais pas aussi chaudes que les derni\u00e8res semaines, et heureusement\u2009! Au plus fort, le thermom\u00e8tre grimpera<strong> jusqu\u2019\u00e0 28\u00b0C \u00e0 N\u00eemes et Montpellier.<\/strong> Ailleurs, en bordure m\u00e9diterran\u00e9enne, il fera 26\u00b0C contre <strong>25\u00b0C \u00e0 Carcassonne et Cahors, 24\u00b0C \u00e0 Montauban, Albi, Castres et Tarbes, 23\u00b0C \u00e0 Foix et 20\u00b0C \u00e0 Rodez et Mende.<\/strong><\/p>\n<p>    <img   decoding=\"async\" loading=\"lazy\" src=\"https:\/\/www.europesays.com\/fr\/wp-content\/uploads\/2025\/07\/occi-mardi08-960x640.png\" alt=\"Voici les pr\u00e9visions m\u00e9t\u00e9o pour ce mardi 8 juillet en Occitanie\" width=\"960\" height=\"640\"\/><br \/>\n    Voici les pr\u00e9visions m\u00e9t\u00e9o pour ce mardi 8\u00a0juillet en Occitanie (\u00a9Capture d\u2019\u00e9cran M\u00e9t\u00e9o France)Vid\u00e9os : en ce moment sur Actu<\/p>\n<p class=\" wall-content\">Suivez toute l\u2019actualit\u00e9 de vos villes et m\u00e9dias favoris en vous inscrivant \u00e0 <a href=\"https:\/\/moncompte.actu.fr\" title=\"D\u00e9couvez Mon Actu\" rel=\"nofollow noopener\" data-trk=\"{&quot;cta&quot;:{&quot;action&quot;:&quot;https:\\\/\\\/moncompte.actu.fr&quot;,&quot;category&quot;:&quot;mon compte&quot;,&quot;from&quot;:&quot;article footer&quot;,&quot;name&quot;:&quot;Mon actu&quot;,&quot;type&quot;:&quot;cta&quot;}}\" target=\"_blank\">Mon Actu<\/a>.<\/p>\n","protected":false},"excerpt":{"rendered":"Par Mar\u00e9va Laville Publi\u00e9 le 8 juil. 2025 \u00e0 5h04 Apr\u00e8s la petite pause fra\u00eecheur de fin de&hellip;\n","protected":false},"author":2,"featured_media":234184,"comment_status":"","ping_status":"","sticky":false,"template":"","format":"standard","meta":{"footnotes":""},"categories":[2816],"tags":[1111,11,1777,674,1011,27,2487,2357,12,2680,25,2312],"class_list":{"0":"post-234183","1":"post","2":"type-post","3":"status-publish","4":"format-standard","5":"has-post-thumbnail","7":"category-toulouse","8":"tag-actu","9":"tag-actualites","10":"tag-eu","11":"tag-europe","12":"tag-fr","13":"tag-france","14":"tag-meteo","15":"tag-meteo-france","16":"tag-news","17":"tag-occitanie","18":"tag-republique-francaise","19":"tag-toulouse"},"share_on_mastodon":{"url":"https:\/\/pubeurope.com\/@fr\/114815537512892876","error":""},"_links":{"self":[{"href":"https:\/\/www.europesays.com\/fr\/wp-json\/wp\/v2\/posts\/234183","targetHints":{"allow":["GET"]}}],"collection":[{"href":"https:\/\/www.europesays.com\/fr\/wp-json\/wp\/v2\/posts"}],"about":[{"href":"https:\/\/www.europesays.com\/fr\/wp-json\/wp\/v2\/types\/post"}],"author":[{"embeddable":true,"href":"https:\/\/www.europesays.com\/fr\/wp-json\/wp\/v2\/users\/2"}],"replies":[{"embeddable":true,"href":"https:\/\/www.europesays.com\/fr\/wp-json\/wp\/v2\/comments?post=234183"}],"version-history":[{"count":0,"href":"https:\/\/www.europesays.com\/fr\/wp-json\/wp\/v2\/posts\/234183\/revisions"}],"wp:featuredmedia":[{"embeddable":true,"href":"https:\/\/www.europesays.com\/fr\/wp-json\/wp\/v2\/media\/234184"}],"wp:attachment":[{"href":"https:\/\/www.europesays.com\/fr\/wp-json\/wp\/v2\/media?parent=234183"}],"wp:term":[{"taxonomy":"category","embeddable":true,"href":"https:\/\/www.europesays.com\/fr\/wp-json\/wp\/v2\/categories?post=234183"},{"taxonomy":"post_tag","embeddable":true,"href":"https:\/\/www.europesays.com\/fr\/wp-json\/wp\/v2\/tags?post=234183"}],"curies":[{"name":"wp","href":"https:\/\/api.w.org\/{rel}","templated":true}]}}