{"id":234186,"date":"2025-07-08T03:41:43","date_gmt":"2025-07-08T03:41:43","guid":{"rendered":"https:\/\/www.europesays.com\/fr\/234186\/"},"modified":"2025-07-08T03:41:43","modified_gmt":"2025-07-08T03:41:43","slug":"jasper-philipsen-remporte-la-1re-etape-a-lille-et-sera-le-premier-maillot-jaune","status":"publish","type":"post","link":"https:\/\/www.europesays.com\/fr\/234186\/","title":{"rendered":"Jasper Philipsen remporte la 1re \u00e9tape \u00e0 Lille et sera le premier maillot jaune"},"content":{"rendered":"<p>        <img decoding=\"async\" loading=\"lazy\" src=\"https:\/\/www.europesays.com\/fr\/wp-content\/uploads\/2025\/07\/d25614d_upload-1-yksadpg4ymjy-000-64vp2lx.jpg\"  width=\"728\" height=\"409\" alt=\"Le Belge Jasper Philipsen de l\u2019\u00e9quipe Alpecin - Deceuninck franchit la ligne d\u2019arriv\u00e9e pour remporter la 1\u00e8re \u00e9tape de la 112\u00e8me \u00e9dition du Tour de France, le samedi 5\u00a0juillet 2025.\"\/>  <\/p>\n<p>ANNE-CHRISTINE POUJOULAT \/ AFP<\/p>\n<p>Le Belge Jasper Philipsen de l\u2019\u00e9quipe Alpecin &#8211; Deceuninck franchit la ligne d\u2019arriv\u00e9e pour remporter la 1\u00e8re \u00e9tape de la 112\u00e8me \u00e9dition du Tour de France, le samedi 5\u00a0juillet 2025.<\/p>\n<p class=\"asset asset-text\">CYCLISME &#8211; Il est le premier maillot jaune de cette <a href=\"https:\/\/www.huffingtonpost.fr\/sport\/video\/le-tour-de-france-2025-son-parcours-et-ses-favoris-vus-par-marion-rousse-consultante-pour-france-televisions_252107.html\" rel=\"nofollow noopener\" target=\"_blank\">\u00e9dition 2025\u00a0du Tour de France.<\/a> Le Belge Jasper Philipsen a remport\u00e9 la premi\u00e8re \u00e9tape dans les rues de <a href=\"https:\/\/www.huffingtonpost.fr\/sport\/video\/le-parcours-complet-du-tour-de-france-2025-du-grand-depart-a-lille-jusqu-a-l-arrivee-sur-les-champs-elysees-clx2_241504.html\" rel=\"nofollow noopener\" target=\"_blank\">Lille <\/a>ce samedi 5\u00a0juillet, et portera donc le premier maillot de leader de la course. Il a devanc\u00e9 assez largement au sprint l\u2019\u00c9rythr\u00e9en Biniam Girmay et le Norv\u00e9gien S\u00f8ren W\u00e6renskjold, malgr\u00e9 un final d\u2019\u00e9tape tr\u00e8s tendu, marqu\u00e9 par des chutes et des cassures.<\/p>\n<p class=\"asset asset-text\">L\u2019\u00e9tape aura \u00e9t\u00e9 parcourue avec un rythme effr\u00e9n\u00e9 toute la journ\u00e9e. Plusieurs favoris pour la victoire du jour &#8211; comme le Belge Jasper Philipsen et l\u2019Italien Jonathan Milan &#8211; ou pour le classement g\u00e9n\u00e9ral &#8211; le Belge Remco Evenepoel (3e du Tour l\u2019an dernier) ou le Slov\u00e8ne Primoz Roglic (2e en 2020)-, se sont notamment fait distancer \u00e0 une quinzaine de kilom\u00e8tres de l\u2019arriv\u00e9e. Ils ont termin\u00e9 \u00e0 40\u00a0secondes du premier groupe, un premier coup dur.<\/p>\n<p class=\"asset asset-text\">A noter la pr\u00e9sence de trois Fran\u00e7ais dans le top 10\u00a0de l\u2019\u00e9tape\u00a0: Anthony Turgis (TotalEnergies) est arriv\u00e9 4e, Cl\u00e9ment Russo et Paul Penho\u00ebt (Groupama-FDJ) finissent quant \u00e0 eux 6e et 7e.<\/p>\n<p> La lecture de ce contenu est susceptible d\u2019entra\u00eener un d\u00e9p\u00f4t de cookies de la part de l\u2019op\u00e9rateur tiers qui l\u2019h\u00e9berge. Compte-tenu des choix que vous avez exprim\u00e9s en mati\u00e8re de d\u00e9p\u00f4t de cookies, nous avons bloqu\u00e9 l\u2019affichage de ce contenu. Si vous souhaitez y acc\u00e9der, vous devez accepter la cat\u00e9gorie de cookies \u201cContenus tiers\u201d en cliquant sur le bouton ci-dessous. <\/p>\n<p> Lire la Vid\u00e9o        <\/p>\n<p class=\"asset asset-text\">Les deux grands favoris du Tour de France, Tadej Pogacar et Jonas Vingegaard, ne se sont pas fait pi\u00e9ger et ont bien fini dans le premier groupe. Leur duel tant attendu est bel et bien lanc\u00e9.<\/p>\n<p>                     Un Fran\u00e7ais premier maillot \u00e0 pois    <\/p>\n<p class=\"asset asset-text\">Le Fran\u00e7ais de l\u2019\u00e9quipe Cofidis Benjamin Thomas, \u00e0 l\u2019attaque toute la journ\u00e9e, sera quant \u00e0 lui le premier maillot \u00e0 pois (meilleur grimpeur) de ce Tour de France&#8230; malgr\u00e9 sa chute improbable au sommet du deuxi\u00e8me col de la journ\u00e9e, la c\u00f4te de Cassel.<\/p>\n<p class=\"asset asset-text\">\u00c0 noter deux abandons\u00a0durant la journ\u00e9e. Le sp\u00e9cialiste italien du contre-la-montre Filippo Ganna (Ineos-Grenadiers) a \u00e9t\u00e9 le premier des 184 coureurs \u00e0 abandonner cette 112e \u00e9dition du Tour, suivi peu apr\u00e8s par un autre, le Suisse Stefan Bissegger (Decathlon-AG2R).<\/p>\n","protected":false},"excerpt":{"rendered":"ANNE-CHRISTINE POUJOULAT \/ AFP Le Belge Jasper Philipsen de l\u2019\u00e9quipe Alpecin &#8211; Deceuninck franchit la ligne d\u2019arriv\u00e9e pour&hellip;\n","protected":false},"author":2,"featured_media":234187,"comment_status":"","ping_status":"","sticky":false,"template":"","format":"standard","meta":{"footnotes":""},"categories":[2815],"tags":[1111,11,207,1777,674,1011,27,811,1307,12,25,517,210],"class_list":{"0":"post-234186","1":"post","2":"type-post","3":"status-publish","4":"format-standard","5":"has-post-thumbnail","7":"category-lille","8":"tag-actu","9":"tag-actualites","10":"tag-cyclisme","11":"tag-eu","12":"tag-europe","13":"tag-fr","14":"tag-france","15":"tag-hauts-de-france","16":"tag-lille","17":"tag-news","18":"tag-republique-francaise","19":"tag-sport","20":"tag-tour-de-france"},"share_on_mastodon":{"url":"https:\/\/pubeurope.com\/@fr\/114815545632273587","error":""},"_links":{"self":[{"href":"https:\/\/www.europesays.com\/fr\/wp-json\/wp\/v2\/posts\/234186","targetHints":{"allow":["GET"]}}],"collection":[{"href":"https:\/\/www.europesays.com\/fr\/wp-json\/wp\/v2\/posts"}],"about":[{"href":"https:\/\/www.europesays.com\/fr\/wp-json\/wp\/v2\/types\/post"}],"author":[{"embeddable":true,"href":"https:\/\/www.europesays.com\/fr\/wp-json\/wp\/v2\/users\/2"}],"replies":[{"embeddable":true,"href":"https:\/\/www.europesays.com\/fr\/wp-json\/wp\/v2\/comments?post=234186"}],"version-history":[{"count":0,"href":"https:\/\/www.europesays.com\/fr\/wp-json\/wp\/v2\/posts\/234186\/revisions"}],"wp:featuredmedia":[{"embeddable":true,"href":"https:\/\/www.europesays.com\/fr\/wp-json\/wp\/v2\/media\/234187"}],"wp:attachment":[{"href":"https:\/\/www.europesays.com\/fr\/wp-json\/wp\/v2\/media?parent=234186"}],"wp:term":[{"taxonomy":"category","embeddable":true,"href":"https:\/\/www.europesays.com\/fr\/wp-json\/wp\/v2\/categories?post=234186"},{"taxonomy":"post_tag","embeddable":true,"href":"https:\/\/www.europesays.com\/fr\/wp-json\/wp\/v2\/tags?post=234186"}],"curies":[{"name":"wp","href":"https:\/\/api.w.org\/{rel}","templated":true}]}}