{"id":234188,"date":"2025-07-08T03:43:29","date_gmt":"2025-07-08T03:43:29","guid":{"rendered":"https:\/\/www.europesays.com\/fr\/234188\/"},"modified":"2025-07-08T03:43:29","modified_gmt":"2025-07-08T03:43:29","slug":"deux-ballets-modernes-en-plein-air-avec-la-compagnie-acontretemps-a-cassis","status":"publish","type":"post","link":"https:\/\/www.europesays.com\/fr\/234188\/","title":{"rendered":"Deux ballets modernes en plein air avec la compagnie Acontretemps \u00e0 Cassis"},"content":{"rendered":"<p>La mairie de Cassis et l<a href=\"https:\/\/www.laprovence.com\/article\/region\/1781822482059915\/a-marseille-lecole-de-danse-acontretemps-a-celebre-ses-dix-ans\" target=\"_blank\" rel=\"noopener\">a compagnie Acontretemps<\/a>, dirig\u00e9e par sa fondatrice et chor\u00e9graphe Christine Colombani, pr\u00e9sentent une soir\u00e9e de danse inspir\u00e9e des r\u00f4les qu\u2019elle a interpr\u00e9t\u00e9s et de ses rencontres avec Petit, Kylian, Culberg, Pendelton, Lifar ou Malandain.<\/p>\n<p>Son r\u00e9pertoire, influenc\u00e9 par les auteurs m\u00e9diterran\u00e9ens et les traditions populaires, aborde l\u2019abstraction et la narration. Conteuse, elle d\u00e9nonce la <a href=\"https:\/\/www.laprovence.com\/videos\/ces-femmes-drogues-leur-insu-balance-leur-bar-pour-alerter-sur-la-soumission-chimique\/t-QOD9kpT0o?amp\" target=\"_blank\" rel=\"noopener\">soumission des femmes<\/a>, explore la complexit\u00e9 des relations humaines et sociales avec humour, passion et \u00e9motion.<\/p>\n<p>Jalousie, quiproquos et r\u00e8glements de comptes<\/p>\n<p>Christine Colombani pr\u00e9sentera\u00a0deux ballets. Zingari, avec 12 danseurs, a pour cadre les ann\u00e9es\u00a01920 et vous immerge dans un campement de Zingari (tziganes) o\u00f9 l\u2019on pr\u00e9pare le spectacle du soir. La sc\u00e8ne se d\u00e9roule durant les heures qui pr\u00e9c\u00e8dent le lever de rideau. D\u2019une histoire d\u2019amour interdite, s\u2019encha\u00eenent jalousie, quiproquos et r\u00e8glements de comptes, tout cela trait\u00e9s avec humour.<\/p>\n<p>Des personnages bien tremp\u00e9s et un sacr\u00e9 coureur de jupons vont mettre en lumi\u00e8re quelques moments de tension, beaucoup de tendresse, de l\u00e9g\u00e8ret\u00e9 et de joie. \u00c0 la fin du ballet, tous les artistes se pr\u00e9parent \u00e0 vue, maquillage, habillage et les voil\u00e0 en tenue d\u2019artiste de cirque\u00a0: acrobates, clowns, jongleurs, le spectacle commence pour eux. Le ballet est accompagn\u00e9 de musique tzigane des pays de l\u2019Est jou\u00e9 par le groupe <a href=\"https:\/\/www.laprovence.com\/article\/sorties-loisirs\/6483092\/cest-la-rentree-du-makeda-apres-18-mois-de-fermeture.html\" target=\"_blank\" rel=\"noopener\">Massilia Gipsy Band<\/a>.<\/p>\n<p><img alt=\"Le ballet &quot;N\u00e9r\u00e9\u00efdes&quot; plongera les spectateurs dans un monde onirique et color\u00e9.\" loading=\"lazy\" decoding=\"async\" data-nimg=\"fill\" class=\" TwicCore_img__i9TC1 undefined  undefined\" style=\"position:absolute;height:100%;width:100%;left:0;top:0;right:0;bottom:0;color:transparent;background-size:cover;background-position:50% 50%;background-repeat:no-repeat;background-image:url(&quot;data:image\/svg+xml;charset=utf-8,%3Csvg xmlns='http:\/\/www.w3.org\/2000\/svg' %3E%3Cfilter id='b' color-interpolation-filters='sRGB'%3E%3CfeGaussianBlur stdDeviation='20'\/%3E%3CfeColorMatrix values='1 0 0 0 0 0 1 0 0 0 0 0 1 0 0 0 0 0 100 -1' result='s'\/%3E%3CfeFlood x='0' y='0' width='100%25' height='100%25'\/%3E%3CfeComposite operator='out' in='s'\/%3E%3CfeComposite in2='SourceGraphic'\/%3E%3CfeGaussianBlur stdDeviation='20'\/%3E%3C\/filter%3E%3Cimage width='100%25' height='100%25' x='0' y='0' preserveAspectRatio='none' style='filter: url(%23b);' href='https:\/\/pictures.laprovence.com\/cdn-cgi\/image\/blur=250\/media\/melody\/2025\/07\/07\/nereides-1751898644_dfe4775715686f3f477571568f7f47v_.jpg'\/%3E%3C\/svg%3E&quot;)\"   src=\"https:\/\/www.europesays.com\/fr\/wp-content\/uploads\/2025\/07\/nereides-1751898644_dfe4775715686f3f477571568f7f47v_.jpg\"\/>Le ballet \u00ab\u00a0N\u00e9r\u00e9\u00efdes\u00a0\u00bb plongera les spectateurs dans un monde onirique et color\u00e9. Cie Acontretemps<\/p>\n<p>N\u00e9r\u00e9\u00efdes, avec ses 9 danseurs, plonge les spectateurs dans un monde tout en couleurs, dans lequel des \u00eatres imaginaires vont et viennent avec humour et fantaisie, au gr\u00e9 des courants. Port\u00e9 par des musiques contemporaines, ce ballet peut captiver et emporter tous les publics, des plus jeunes aux plus \u00e2g\u00e9s dot\u00e9s d\u2019un c\u0153ur d\u2019enfant et d\u2019imagination.<\/p>\n<p>Samedi 12\u00a0juillet \u00e0 19h, promenade Aristide-Briand. Tarifs\u00a0; de 10 \u00e0 15\u00a0\u20ac, en placement libre. Billetterie\u00a0: 04\u00a042\u00a001\u00a035\u00a006\u00a0; www.ot-cassis.com. Infos\u00a0: www.acontretempsdanse.fr.<\/p>\n","protected":false},"excerpt":{"rendered":"La mairie de Cassis et la compagnie Acontretemps, dirig\u00e9e par sa fondatrice et chor\u00e9graphe Christine Colombani, pr\u00e9sentent une&hellip;\n","protected":false},"author":2,"featured_media":234189,"comment_status":"","ping_status":"","sticky":false,"template":"","format":"standard","meta":{"footnotes":""},"categories":[2814],"tags":[17,1111,11,2965,3396,37297,23486,251,4070,1777,674,1011,27,884,21457,12,11388,882,25],"class_list":{"0":"post-234188","1":"post","2":"type-post","3":"status-publish","4":"format-standard","5":"has-post-thumbnail","7":"category-marseille","8":"tag-17","9":"tag-actu","10":"tag-actualites","11":"tag-air","12":"tag-avec","13":"tag-ballets","14":"tag-compagnie","15":"tag-culture","16":"tag-deux","17":"tag-eu","18":"tag-europe","19":"tag-fr","20":"tag-france","21":"tag-marseille","22":"tag-modernes","23":"tag-news","24":"tag-plein","25":"tag-provence-alpes-cote-dazur","26":"tag-republique-francaise"},"share_on_mastodon":{"url":"https:\/\/pubeurope.com\/@fr\/114815553071303025","error":""},"_links":{"self":[{"href":"https:\/\/www.europesays.com\/fr\/wp-json\/wp\/v2\/posts\/234188","targetHints":{"allow":["GET"]}}],"collection":[{"href":"https:\/\/www.europesays.com\/fr\/wp-json\/wp\/v2\/posts"}],"about":[{"href":"https:\/\/www.europesays.com\/fr\/wp-json\/wp\/v2\/types\/post"}],"author":[{"embeddable":true,"href":"https:\/\/www.europesays.com\/fr\/wp-json\/wp\/v2\/users\/2"}],"replies":[{"embeddable":true,"href":"https:\/\/www.europesays.com\/fr\/wp-json\/wp\/v2\/comments?post=234188"}],"version-history":[{"count":0,"href":"https:\/\/www.europesays.com\/fr\/wp-json\/wp\/v2\/posts\/234188\/revisions"}],"wp:featuredmedia":[{"embeddable":true,"href":"https:\/\/www.europesays.com\/fr\/wp-json\/wp\/v2\/media\/234189"}],"wp:attachment":[{"href":"https:\/\/www.europesays.com\/fr\/wp-json\/wp\/v2\/media?parent=234188"}],"wp:term":[{"taxonomy":"category","embeddable":true,"href":"https:\/\/www.europesays.com\/fr\/wp-json\/wp\/v2\/categories?post=234188"},{"taxonomy":"post_tag","embeddable":true,"href":"https:\/\/www.europesays.com\/fr\/wp-json\/wp\/v2\/tags?post=234188"}],"curies":[{"name":"wp","href":"https:\/\/api.w.org\/{rel}","templated":true}]}}