{"id":234200,"date":"2025-07-08T03:50:12","date_gmt":"2025-07-08T03:50:12","guid":{"rendered":"https:\/\/www.europesays.com\/fr\/234200\/"},"modified":"2025-07-08T03:50:12","modified_gmt":"2025-07-08T03:50:12","slug":"paris-les-interrogations-subsistent-a-48h-du-9-juillet-07-07-2025-a-1803","status":"publish","type":"post","link":"https:\/\/www.europesays.com\/fr\/234200\/","title":{"rendered":"Paris: les interrogations subsistent \u00e0 48h du 9 juillet &#8211; 07\/07\/2025 \u00e0 18:03"},"content":{"rendered":"<p>                                                                (CercleFinance.com) -La Bourse de Paris conclut cette premi\u00e8re s\u00e9ance de la semaine sur un gain limit\u00e9 de 0,35%, \u00e0 7723 points, bien aid\u00e9e par Soci\u00e9t\u00e9 G\u00e9n\u00e9rale (+2,8%) et Herm\u00e8s (+2,5%) mais frein\u00e9e par Capgemini (-5,6%) et TotalEnergies (-2,2%), \u00e0 l&rsquo;entame d&rsquo;une semaine qui sera anim\u00e9e par le retour des questions commerciales.<\/p>\n<p>Outre-Atlantique, le Dow Jones l\u00e2che 0,7%, le S&amp;P 500 perd 0,6% et le Nasdaq Composite c\u00e8de 0,7%.\n<\/p>\n<p>La prudence reste ainsi de mise en ce d\u00e9but de semaine, alors que s&rsquo;approche \u00e0 grands pas la date butoir du 9 juillet, qui marquera la fin de la &lsquo; pause &lsquo; de 90 jours accord\u00e9e par Donald Trump avant l&rsquo;application des droits de douane &#8211; suppos\u00e9ment r\u00e9ciproques &#8211; annonc\u00e9s lors du &lsquo; Liberation Day &lsquo;.\n<\/p>\n<p>A ce jour, les USA n&rsquo;ont sign\u00e9 que deux accords commerciaux (avec le Royaume-Uni et le Vietnam) et annonc\u00e9 un protocole d&rsquo;entente avec la Chine. Les investisseurs gardent n\u00e9anmoins leur sang-froid, pas impressionn\u00e9s par les d\u00e9clarations sur CNN du secr\u00e9taire au Tr\u00e9sor, Scott Bessent qui a assur\u00e9 les pays qui n&rsquo;auraient pas conclu d&rsquo;accord avec Washington d&rsquo;ici au 1er ao\u00fbt qu&rsquo;ils verraient les tarifs douaniers revenir \u00e0 leurs niveaux du mois d&rsquo;avril.\n<\/p>\n<p>Toutefois, &lsquo; l&rsquo;administration Trump a d\u00e9j\u00e0 prouv\u00e9 \u00e0 plusieurs reprises qu&rsquo;elle n&rsquo;avait ni les moyens ni le cran &#8211; ou les deux &#8211; pour assumer des tarifs douaniers ultra-\u00e9lev\u00e9s, du genre quasi-embargo commercial &lsquo;, rapporte Michael Brown, strat\u00e8ge chez Pepperstone.\n<\/p>\n<p>&lsquo;Tout cela a comme un air de d\u00e9j\u00e0-vu: une strat\u00e9gie bien rod\u00e9e du &lsquo;j&rsquo;en fais des tonnes pour mieux reculer ensuite\u00a0\u00bb, ajoute l&rsquo;analyste.\n<\/p>\n<p>D\u00e9sormais habitu\u00e9s \u00e0 cette strat\u00e9gie consistant \u00e0 faire monter la pression afin de mieux n\u00e9gocier ensuite, les march\u00e9s d&rsquo;actions ne devraient pas se d\u00e9faire de leur calme.\n<\/p>\n<p>Les observateurs misent ainsi sur la conclusion d&rsquo;accords pr\u00e9liminaires permettant de gagner du temps pour des discussions de fond, une tactique qui semble d\u00e9sormais huil\u00e9e \u00e0 Washington.\n<\/p>\n<p>Sur le front des statistiques, le volume du commerce de d\u00e9tail corrig\u00e9 des variations saisonni\u00e8res a diminu\u00e9 de 0,7% dans la zone euro entre avril et mai, et de 0,8% dans l&rsquo;UE, selon Eurostat, apr\u00e8s des augmentations de 0,3% et 0,8% respectivement un mois plus t\u00f4t.\n<\/p>\n<p>Parmi les \u00c9tats membres de l&rsquo;UE, les plus fortes baisses ont \u00e9t\u00e9 observ\u00e9es en Su\u00e8de (-4,6%), en Belgique (-2,5%) et en Estonie (-2,2%), et les plus fortes augmentations, au Portugal (+2,1%), en Bulgarie (+2%) et \u00e0 Chypre (+1%).\n<\/p>\n<p>Par ailleurs, la production industrielle allemande a rebondi de 1,2% en mai par rapport au mois pr\u00e9c\u00e9dent, une croissance tir\u00e9e principalement par l&rsquo;automobile (+4,9%), l&rsquo;\u00e9nergie (+10,8%) et les pharmaceutiques (+10%).\n<\/p>\n<p>&lsquo;Bien qu&rsquo;aucune croissance significative du PIB r\u00e9el ne soit attendue pour le deuxi\u00e8me trimestre, celui-ci devrait continuer \u00e0 augmenter au cours des trimestres suivants&rsquo;, r\u00e9agit Commerzbank, qui attend un coup de fouet de la politique budg\u00e9taire.<br \/>\n<br \/>Sur le compartiment obligataires, les US T-Bonds \u00e0 10 ans se tendent vers 4,38% (+6pts), tandis que le Bund de m\u00eame \u00e9ch\u00e9ance est \u00e0 2,60% (+4 pts) et l&rsquo;OAT \u00e0 3,32% (+4pts).<br \/>\n<br \/>Enfin, notons que le Brent grimpe de 0,8%, vers 69,1$ le baril \u00e0 Londres, tandis que l&rsquo;euro c\u00e8de 0,3% face au billet vert, autour des 1,173$.\n<\/p>\n<p>Dans l&rsquo;actualit\u00e9 des soci\u00e9t\u00e9s tricolores, Cr\u00e9dit Agricole annonce avoir finalis\u00e9 l&rsquo;acquisition de la participation de 30,5% de Santander dans CACEIS, et en d\u00e9tenir d\u00e9sormais 100% du capital.\n<\/p>\n<p>Airbus indique que Malaysia Aviation Group (MAG), soci\u00e9t\u00e9 m\u00e8re de Malaysia Airlines, lui a pass\u00e9 une commande ferme pour 20 A330-900 suppl\u00e9mentaires, permettant de doubler la future flotte d&rsquo;A330neo de la compagnie pour la porter \u00e0 40 appareils.\n<\/p>\n<p>Legrand fait part de deux nouvelles acquisitions, \u00e0 savoir Amperio Project, sp\u00e9cialiste suisse des busbars, et Quit\u00e9rios, acteur portugais de premier plan dans les coffrets modulaires de distribution des r\u00e9seaux \u00e9lectriques et digitaux.\n<\/p>\n<p>EDF power solutions UK, anciennement EDF Renewables, annonce l&rsquo;acquisition du projet Gate Burton Energy Park dans le Lincolnshire aupr\u00e8s de Low Carbon.\n<\/p>\n<p>Enfin, Soci\u00e9t\u00e9 G\u00e9n\u00e9rale signe la plus forte hausse de l&rsquo;indice CAC 40 aid\u00e9e par des commentaires favorables des analystes de RBC, qui rel\u00e8vent leur objectif de cours sur la valeur (45 \u00e0 49 euros). Le courtier indique s&rsquo;attendre \u00e0 ce que l&rsquo;annonce des r\u00e9sultats de deuxi\u00e8me trimestre, pr\u00e9vue le 31 juillet, constitue un &lsquo;catalyseur&rsquo; positif pour le titre \u00e0 travers l&rsquo;officialisation des projets en mati\u00e8re de redistribution.<\/p>\n","protected":false},"excerpt":{"rendered":"(CercleFinance.com) -La Bourse de Paris conclut cette premi\u00e8re s\u00e9ance de la semaine sur un gain limit\u00e9 de 0,35%,&hellip;\n","protected":false},"author":2,"featured_media":17400,"comment_status":"","ping_status":"","sticky":false,"template":"","format":"standard","meta":{"footnotes":""},"categories":[1888],"tags":[400,1111,1928,11,1927,398,408,405,1777,674,1011,27,403,402,399,404,12,1926,626,1925,25,401,406,407],"class_list":{"0":"post-234200","1":"post","2":"type-post","3":"status-publish","4":"format-standard","5":"has-post-thumbnail","7":"category-paris","8":"tag-action-cac-40","9":"tag-actu","10":"tag-actu-paris","11":"tag-actualites","12":"tag-actualites-paris","13":"tag-bourse-de-paris","14":"tag-boursorama","15":"tag-cotations","16":"tag-eu","17":"tag-europe","18":"tag-fr","19":"tag-france","20":"tag-indices-devises","21":"tag-investir","22":"tag-investissement","23":"tag-marche-boursier","24":"tag-news","25":"tag-news-paris","26":"tag-paris","27":"tag-paris-news","28":"tag-republique-francaise","29":"tag-sicav","30":"tag-trackers","31":"tag-warrants"},"share_on_mastodon":{"url":"https:\/\/pubeurope.com\/@fr\/114815580535322370","error":""},"_links":{"self":[{"href":"https:\/\/www.europesays.com\/fr\/wp-json\/wp\/v2\/posts\/234200","targetHints":{"allow":["GET"]}}],"collection":[{"href":"https:\/\/www.europesays.com\/fr\/wp-json\/wp\/v2\/posts"}],"about":[{"href":"https:\/\/www.europesays.com\/fr\/wp-json\/wp\/v2\/types\/post"}],"author":[{"embeddable":true,"href":"https:\/\/www.europesays.com\/fr\/wp-json\/wp\/v2\/users\/2"}],"replies":[{"embeddable":true,"href":"https:\/\/www.europesays.com\/fr\/wp-json\/wp\/v2\/comments?post=234200"}],"version-history":[{"count":0,"href":"https:\/\/www.europesays.com\/fr\/wp-json\/wp\/v2\/posts\/234200\/revisions"}],"wp:featuredmedia":[{"embeddable":true,"href":"https:\/\/www.europesays.com\/fr\/wp-json\/wp\/v2\/media\/17400"}],"wp:attachment":[{"href":"https:\/\/www.europesays.com\/fr\/wp-json\/wp\/v2\/media?parent=234200"}],"wp:term":[{"taxonomy":"category","embeddable":true,"href":"https:\/\/www.europesays.com\/fr\/wp-json\/wp\/v2\/categories?post=234200"},{"taxonomy":"post_tag","embeddable":true,"href":"https:\/\/www.europesays.com\/fr\/wp-json\/wp\/v2\/tags?post=234200"}],"curies":[{"name":"wp","href":"https:\/\/api.w.org\/{rel}","templated":true}]}}