{"id":234205,"date":"2025-07-08T03:53:19","date_gmt":"2025-07-08T03:53:19","guid":{"rendered":"https:\/\/www.europesays.com\/fr\/234205\/"},"modified":"2025-07-08T03:53:19","modified_gmt":"2025-07-08T03:53:19","slug":"russie-un-ministre-demis-de-ses-fonctions-par-poutine-ce-lundi-retrouve-mort-dans-sa-voiture-quelques-heures-plus-tard","status":"publish","type":"post","link":"https:\/\/www.europesays.com\/fr\/234205\/","title":{"rendered":"Russie: un ministre d\u00e9mis de ses fonctions par Poutine ce lundi retrouv\u00e9 mort dans sa voiture quelques heures plus tard"},"content":{"rendered":"<p class=\"ap-StoryElement ap-StoryElement--mb js-paywall-target ap-StoryText\">La date exacte de sa mort n&rsquo;a pour l&rsquo;heure pas \u00e9t\u00e9 pr\u00e9cis\u00e9e par les autorit\u00e9s.<\/p>\n<p class=\"ap-StoryElement ap-StoryElement--mb ap-StoryText\">M. Starovo\u00eft, 53 ans, avait \u00e9t\u00e9 nomm\u00e9 ministre des Transports en mai 2024, apr\u00e8s avoir \u00e9t\u00e9 gouverneur de la r\u00e9gion de Koursk entre 2019 et 2024.<\/p>\n<p class=\"ap-StoryElement ap-StoryElement--mb ap-StoryText\">Plus t\u00f4t lundi, le Kremlin avait publi\u00e9 un d\u00e9cret sign\u00e9 par Vladimir Poutine annon\u00e7ant que Roman Starovo\u00eft \u00e9tait \u00ab\u00a0d\u00e9mis de ses fonctions de ministre des Transports de la F\u00e9d\u00e9ration de Russie\u00a0\u00bb.<\/p>\n<p class=\"ap-StoryElement ap-StoryElement--mb ap-StoryText\">\u00ab\u00a0Le pr\u00e9sent d\u00e9cret entre en vigueur \u00e0 compter de la date de la signature\u00a0\u00bb, pr\u00e9cisait le document publi\u00e9 sur le site gouvernemental, sans toutefois donner d&rsquo;explications sur ce limogeage surprise.<\/p>\n<p class=\"ap-StoryElement ap-StoryElement--mb ap-StoryText\">Dans la foul\u00e9e, Vladimir Poutine avait nomm\u00e9 comme nouveau ministre l&rsquo;ancien adjoint de M. Starovo\u00eft, Andre\u00ef Nikitine.<\/p>\n<p><a href=\"https:\/\/www.lalibre.be\/international\/europe\/guerre-ukraine-russie\/2024\/10\/02\/en-russie-il-existe-un-outil-tres-efficace-mais-terriblement-immoral-pour-se-debarrasser-dun-perturbateur-34LPB4FLSNC5FDOZ2V47UUNGPE\/\" target=\"_blank\" rel=\"noopener noreferrer\" class=\"ap-StoryInterstitialLink ap-StoryElement ap-StoryElement--mb\">En Russie, il existe un outil tr\u00e8s efficace, mais terriblement immoral, pour se d\u00e9barrasser d&rsquo;un perturbateur<\/a><\/p>\n<p class=\"ap-StoryElement ap-StoryElement--mb ap-StoryText\">Interrog\u00e9 sur ce remplacement, le porte-parole de la pr\u00e9sidence russe, Dmitri Peskov, s&rsquo;\u00e9tait born\u00e9 \u00e0 dire lors de son point presse que \u00ab\u00a0c&rsquo;est la d\u00e9cision du chef de l&rsquo;Etat\u00a0\u00bb.<\/p>\n<p class=\"ap-StoryElement ap-StoryElement--mb ap-StoryText\">\u00ab\u00a0Le d\u00e9cret ne contient pas l&rsquo;expression +perte de confiance+\u00a0\u00bb, avait-il ajout\u00e9, balayant la question d&rsquo;un journaliste qui lui demandait si le limogeage de M. Starovo\u00eft \u00e9tait li\u00e9 \u00e0 une disgr\u00e2ce du ministre.<\/p>\n<p class=\"ap-StoryElement ap-StoryElement--mb ap-StoryText\">Vladimir Poutine a re\u00e7u au Kremlin le nouveau ministre Andre\u00ef Nikitine, selon la pr\u00e9sidence russe.<\/p>\n<p class=\"ap-StoryElement ap-StoryElement--mb ap-StoryText\">\u00ab\u00a0J&rsquo;esp\u00e8re que vous mettrez toute votre \u00e9nergie, vos connaissances, vos comp\u00e9tences et vos talents d&rsquo;organisateur au service de la r\u00e9solution des t\u00e2ches les plus importantes qui se posent dans le domaine\u00a0\u00bb des Transports, lui a-t-il dit.<\/p>\n<p class=\"ap-StoryElement ap-StoryElement--mb ap-StoryText\">Le remplacement de Roman Starovo\u00eft intervient au moment o\u00f9 des a\u00e9roports russes sont soumis \u00e0 des fermetures temporaires r\u00e9p\u00e9t\u00e9es en raison des attaques de drones ukrainiens, men\u00e9es par Kiev en r\u00e9ponse \u00e0 l&rsquo;offensive russe \u00e0 grande \u00e9chelle sur son territoire depuis 2022.<\/p>\n<p class=\"ap-StoryElement ap-StoryElement--mb ap-StoryText\">\u00ab\u00a0Je vais d&rsquo;abord m&rsquo;occuper de la situation dans les a\u00e9roports\u00a0\u00bb, a d&rsquo;ailleurs reconnu imm\u00e9diatement lundi le nouveau ministre Nikitine, cit\u00e9e par l&rsquo;agence de presse Ria Novosti.<\/p>\n<p class=\"ap-StoryElement ap-StoryElement--mb ap-StoryText\">Des m\u00e9dias russes ont aussi \u00e9voqu\u00e9 une hypoth\u00e8se selon laquelle le limogeage de Roman Starovo\u00eft est li\u00e9 \u00e0 de possibles affaires de corruption dans la r\u00e9gion de Koursk.<\/p>\n<p class=\"ap-StoryElement ap-StoryElement--mb ap-StoryText\">Le minist\u00e8re russe des Transports g\u00e8re aussi le dossier des travaux de construction et de r\u00e9novation des routes dans les territoires ukrainiens occup\u00e9s, dans un secteur o\u00f9 la corruption est courante.<\/p>\n","protected":false},"excerpt":{"rendered":"La date exacte de sa mort n&rsquo;a pour l&rsquo;heure pas \u00e9t\u00e9 pr\u00e9cis\u00e9e par les autorit\u00e9s. M. Starovo\u00eft, 53&hellip;\n","protected":false},"author":2,"featured_media":234206,"comment_status":"","ping_status":"","sticky":false,"template":"","format":"standard","meta":{"footnotes":""},"categories":[1591],"tags":[11,1887,12,316,1885,1886,132,5748,135],"class_list":{"0":"post-234205","1":"post","2":"type-post","3":"status-publish","4":"format-standard","5":"has-post-thumbnail","7":"category-russie","8":"tag-actualites","9":"tag-federation-de-russie","10":"tag-news","11":"tag-politique","12":"tag-russia","13":"tag-russian-federation","14":"tag-russie","15":"tag-suicide","16":"tag-vladimir-poutine"},"share_on_mastodon":{"url":"https:\/\/pubeurope.com\/@fr\/114815592338927629","error":""},"_links":{"self":[{"href":"https:\/\/www.europesays.com\/fr\/wp-json\/wp\/v2\/posts\/234205","targetHints":{"allow":["GET"]}}],"collection":[{"href":"https:\/\/www.europesays.com\/fr\/wp-json\/wp\/v2\/posts"}],"about":[{"href":"https:\/\/www.europesays.com\/fr\/wp-json\/wp\/v2\/types\/post"}],"author":[{"embeddable":true,"href":"https:\/\/www.europesays.com\/fr\/wp-json\/wp\/v2\/users\/2"}],"replies":[{"embeddable":true,"href":"https:\/\/www.europesays.com\/fr\/wp-json\/wp\/v2\/comments?post=234205"}],"version-history":[{"count":0,"href":"https:\/\/www.europesays.com\/fr\/wp-json\/wp\/v2\/posts\/234205\/revisions"}],"wp:featuredmedia":[{"embeddable":true,"href":"https:\/\/www.europesays.com\/fr\/wp-json\/wp\/v2\/media\/234206"}],"wp:attachment":[{"href":"https:\/\/www.europesays.com\/fr\/wp-json\/wp\/v2\/media?parent=234205"}],"wp:term":[{"taxonomy":"category","embeddable":true,"href":"https:\/\/www.europesays.com\/fr\/wp-json\/wp\/v2\/categories?post=234205"},{"taxonomy":"post_tag","embeddable":true,"href":"https:\/\/www.europesays.com\/fr\/wp-json\/wp\/v2\/tags?post=234205"}],"curies":[{"name":"wp","href":"https:\/\/api.w.org\/{rel}","templated":true}]}}