{"id":234209,"date":"2025-07-08T03:55:10","date_gmt":"2025-07-08T03:55:10","guid":{"rendered":"https:\/\/www.europesays.com\/fr\/234209\/"},"modified":"2025-07-08T03:55:10","modified_gmt":"2025-07-08T03:55:10","slug":"amour-gloire-et-beaute-spoilers-semaine-du-7-juillet-2025-aux-usa-les-spoilers","status":"publish","type":"post","link":"https:\/\/www.europesays.com\/fr\/234209\/","title":{"rendered":"Amour, Gloire et Beaut\u00e9, spoilers semaine du 7 juillet 2025 aux USA | Les spoilers"},"content":{"rendered":"<p>                                                            <img decoding=\"async\" src=\"https:\/\/www.europesays.com\/fr\/wp-content\/uploads\/2025\/07\/50111-avatar-1583443168.jpg\" alt=\"\"\/><\/p>\n<p>                                                                                                                                <a href=\"https:\/\/www.soap-passion.com\/commentaires-profil\/50111-steffy.html\" target=\"_blank\" rel=\"noopener\"><\/p>\n<p>                                    @Steffy<br \/>\n                                <\/a><\/p>\n<p class=\"text-end comment-since\">\n                                Membre depuis 5 ans<br \/>3639 commentaires                                <\/p>\n<p>Le 7 juillet 2025<br \/>\n                                \u00e0 23:36<\/p>\n<p>\n                                                            Beaucoup de th\u00e9orie pour cette semaine, toutes tr\u00e8s int\u00e9ressantes\u00a0! J&rsquo;ai lu plusieurs rumeurs sur le net, certaines parlent du d\u00e9c\u00e8s de l&rsquo;institutrice, d&rsquo;autres mentionnent Luna comme \u00e9tant la victime qui d\u00e9c\u00e8de. Les rumeurs \u00e9voquent aussi une balle perdue que Sheila aurait eu en cherchant \u00e0 ma\u00eetriser Luna. Liam est aussi \u00e9voqu\u00e9 parmi les victimes.<br \/>\nJ&rsquo;ai aussi lu que Gr\u00e2ce provoquerait les sympt\u00f4mes de Liam pour le cancer, il ne serait donc pas vraiment malade. D&rsquo;autres pensent&#8230;<\/p>\n","protected":false},"excerpt":{"rendered":"@Steffy Membre depuis 5 ans3639 commentaires Le 7 juillet 2025 \u00e0 23:36 Beaucoup de th\u00e9orie pour cette semaine,&hellip;\n","protected":false},"author":2,"featured_media":234210,"comment_status":"","ping_status":"","sticky":false,"template":"","format":"standard","meta":{"footnotes":""},"categories":[1589],"tags":[11,1376,73,1866,1377,1375,12,27454,37298,1864,1865,1863,308],"class_list":{"0":"post-234209","1":"post","2":"type-post","3":"status-publish","4":"format-standard","5":"has-post-thumbnail","7":"category-etats-unis","8":"tag-actualites","9":"tag-amour","10":"tag-etats-unis","11":"tag-etats-unis-damerique","12":"tag-gloire-et-beaute","13":"tag-les-feux-de-l","14":"tag-news","15":"tag-spoilers-de-amour","16":"tag-spoilers-semaine-du-7-juillet-2025-aux-usa","17":"tag-united-states","18":"tag-united-states-of-america","19":"tag-us","20":"tag-usa"},"share_on_mastodon":{"url":"https:\/\/pubeurope.com\/@fr\/114815600201799712","error":""},"_links":{"self":[{"href":"https:\/\/www.europesays.com\/fr\/wp-json\/wp\/v2\/posts\/234209","targetHints":{"allow":["GET"]}}],"collection":[{"href":"https:\/\/www.europesays.com\/fr\/wp-json\/wp\/v2\/posts"}],"about":[{"href":"https:\/\/www.europesays.com\/fr\/wp-json\/wp\/v2\/types\/post"}],"author":[{"embeddable":true,"href":"https:\/\/www.europesays.com\/fr\/wp-json\/wp\/v2\/users\/2"}],"replies":[{"embeddable":true,"href":"https:\/\/www.europesays.com\/fr\/wp-json\/wp\/v2\/comments?post=234209"}],"version-history":[{"count":0,"href":"https:\/\/www.europesays.com\/fr\/wp-json\/wp\/v2\/posts\/234209\/revisions"}],"wp:featuredmedia":[{"embeddable":true,"href":"https:\/\/www.europesays.com\/fr\/wp-json\/wp\/v2\/media\/234210"}],"wp:attachment":[{"href":"https:\/\/www.europesays.com\/fr\/wp-json\/wp\/v2\/media?parent=234209"}],"wp:term":[{"taxonomy":"category","embeddable":true,"href":"https:\/\/www.europesays.com\/fr\/wp-json\/wp\/v2\/categories?post=234209"},{"taxonomy":"post_tag","embeddable":true,"href":"https:\/\/www.europesays.com\/fr\/wp-json\/wp\/v2\/tags?post=234209"}],"curies":[{"name":"wp","href":"https:\/\/api.w.org\/{rel}","templated":true}]}}