{"id":234213,"date":"2025-07-08T03:57:09","date_gmt":"2025-07-08T03:57:09","guid":{"rendered":"https:\/\/www.europesays.com\/fr\/234213\/"},"modified":"2025-07-08T03:57:09","modified_gmt":"2025-07-08T03:57:09","slug":"les-derniers-requis-du-sto-les-oublies-de-lhistoire-se-racontent","status":"publish","type":"post","link":"https:\/\/www.europesays.com\/fr\/234213\/","title":{"rendered":"les derniers requis du STO, les oubli\u00e9s de l\u2019histoire, se racontent"},"content":{"rendered":"\n<p class=\"article__paragraph article__paragraph--lf \">Le sentiment d\u2019injustice peut coller longtemps \u00e0 la peau. Celle d\u2019Albert Corrieri a les rides de ses 103\u00a0ans. Il a eu une vie depuis la guerre. Il a \u00e9t\u00e9 mari\u00e9 puis veuf, p\u00e8re deux fois et autant de fois grand-p\u00e8re, plombier, chronom\u00e9treur de boxe et m\u00eame porteur de la flamme olympique. Quatre-vingts\u00a0ans plus tard, cet ancien requis du service du travail obligatoire (STO) garde pourtant une m\u00e9moire tr\u00e8s vive des dix-huit\u00a0mois qu\u2019il a pass\u00e9s dans une usine de Ludwigshafen, pr\u00e8s de Mannheim, au service de l\u2019Allemagne nazie. \u00ab\u00a0La souffrance qu\u2019on a eue l\u00e0-bas, on ne l\u2019a pas oubli\u00e9e, confie-t-il. Mais on dirait qu\u2019on est les seuls \u00e0 s\u2019en rappeler.\u00a0\u00bb<\/p>\n<p>                           <img viewbox=\"0 0 664 443\"   width=\"664\" height=\"443\" alt=\"Le livret de prisonnier d\u2019Albert Corrieri pendant sa p\u00e9riode de STO, photographi\u00e9 chez lui, \u00e0 Marseille, le\u00a021\u00a0juin\u00a02024.\"\/>    Le livret de prisonnier d\u2019Albert Corrieri pendant sa p\u00e9riode de STO, photographi\u00e9 chez lui, \u00e0 Marseille, le\u00a021\u00a0juin\u00a02024.  JEREMY PAOLONI \/ AFP                                <img viewbox=\"0 0 664 443\"   width=\"664\" height=\"443\" alt=\"Albert Corrieri, ancien du STO, chez lui, \u00e0 Marseille, le\u00a021\u00a0juin\u00a02024, 102\u00a0ans \u00e0 l\u2019\u00e9poque.\"\/>    Albert Corrieri, ancien du STO, chez lui, \u00e0 Marseille, le\u00a021\u00a0juin\u00a02024, 102\u00a0ans \u00e0 l\u2019\u00e9poque.  JEREMY PAOLONI \/ AFP                 <\/p>\n<p class=\"article__paragraph article__paragraph--lf \">Le Marseillais revoit les soldats qui ont d\u00e9barqu\u00e9 dans le restaurant La Daurade, o\u00f9 il travaillait sur le Vieux-Port, en mars\u00a01943, pour lui demander ses papiers. Un mois plus t\u00f4t, le 16\u00a0f\u00e9vrier, le gouvernement collaborationniste de Vichy avait institu\u00e9 le STO sous la pression du gauleiter (chef de district) Fritz Sauckel, surnomm\u00e9 le \u00ab\u00a0n\u00e9grier de l\u2019Europe\u00a0\u00bb.<strong> <\/strong>Comme la plupart des gens n\u00e9s entre 1920 et 1922, Albert Corrieri est r\u00e9quisitionn\u00e9 pour gonfler les rangs des entreprises allemandes, d\u00e9pouill\u00e9es par les d\u00e9parts sur le front de l\u2019Est. Direction<strong> <\/strong>l\u2019usine chimique IG\u00a0Farben, \u00e0 Ludwigshafen, camp\u00a06, baraquement\u00a01\u00a0023.<\/p>\n<p class=\"reading-mode-only \"><strong>Il vous reste 88.9% de cet article \u00e0 lire. La suite est r\u00e9serv\u00e9e aux abonn\u00e9s.<\/strong><\/p>\n","protected":false},"excerpt":{"rendered":"Le sentiment d\u2019injustice peut coller longtemps \u00e0 la peau. Celle d\u2019Albert Corrieri a les rides de ses 103\u00a0ans.&hellip;\n","protected":false},"author":2,"featured_media":234214,"comment_status":"","ping_status":"","sticky":false,"template":"","format":"standard","meta":{"footnotes":""},"categories":[1587],"tags":[11,672,1804,1805,1803,1777,674,1801,12,1802],"class_list":{"0":"post-234213","1":"post","2":"type-post","3":"status-publish","4":"format-standard","5":"has-post-thumbnail","7":"category-allemagne","8":"tag-actualites","9":"tag-allemagne","10":"tag-bundesrepublik-deutschland","11":"tag-de","12":"tag-deutschland","13":"tag-eu","14":"tag-europe","15":"tag-germany","16":"tag-news","17":"tag-republique-federale-dallemagne"},"share_on_mastodon":{"url":"https:\/\/pubeurope.com\/@fr\/114815608074573240","error":""},"_links":{"self":[{"href":"https:\/\/www.europesays.com\/fr\/wp-json\/wp\/v2\/posts\/234213","targetHints":{"allow":["GET"]}}],"collection":[{"href":"https:\/\/www.europesays.com\/fr\/wp-json\/wp\/v2\/posts"}],"about":[{"href":"https:\/\/www.europesays.com\/fr\/wp-json\/wp\/v2\/types\/post"}],"author":[{"embeddable":true,"href":"https:\/\/www.europesays.com\/fr\/wp-json\/wp\/v2\/users\/2"}],"replies":[{"embeddable":true,"href":"https:\/\/www.europesays.com\/fr\/wp-json\/wp\/v2\/comments?post=234213"}],"version-history":[{"count":0,"href":"https:\/\/www.europesays.com\/fr\/wp-json\/wp\/v2\/posts\/234213\/revisions"}],"wp:featuredmedia":[{"embeddable":true,"href":"https:\/\/www.europesays.com\/fr\/wp-json\/wp\/v2\/media\/234214"}],"wp:attachment":[{"href":"https:\/\/www.europesays.com\/fr\/wp-json\/wp\/v2\/media?parent=234213"}],"wp:term":[{"taxonomy":"category","embeddable":true,"href":"https:\/\/www.europesays.com\/fr\/wp-json\/wp\/v2\/categories?post=234213"},{"taxonomy":"post_tag","embeddable":true,"href":"https:\/\/www.europesays.com\/fr\/wp-json\/wp\/v2\/tags?post=234213"}],"curies":[{"name":"wp","href":"https:\/\/api.w.org\/{rel}","templated":true}]}}