{"id":234220,"date":"2025-07-08T04:01:11","date_gmt":"2025-07-08T04:01:11","guid":{"rendered":"https:\/\/www.europesays.com\/fr\/234220\/"},"modified":"2025-07-08T04:01:11","modified_gmt":"2025-07-08T04:01:11","slug":"les-onze-velos-voles-a-lequipe-cofidis-ont-ete-retrouves-liberation","status":"publish","type":"post","link":"https:\/\/www.europesays.com\/fr\/234220\/","title":{"rendered":"les onze v\u00e9los vol\u00e9s \u00e0 l\u2019\u00e9quipe Cofidis ont \u00e9t\u00e9 retrouv\u00e9s \u2013 Lib\u00e9ration"},"content":{"rendered":"<p class=\"sc-ksZaOG ehjQrN text-element\">A peine d\u00e9rob\u00e9s et d\u00e9j\u00e0 retrouv\u00e9s. <a href=\"https:\/\/www.liberation.fr\/sports\/cyclisme\/tour-de-france-cofidis-annonce-setre-fait-voler-11-velos-20250706_XLSGNFT2KJFFHG56OZKPY7XSVU\/\" target=\"_blank\" rel=\"noreferrer nofollow noopener\" title=\"https:\/\/www.liberation.fr\/sports\/cyclisme\/tour-de-france-cofidis-annonce-setre-fait-voler-11-velos-20250706_XLSGNFT2KJFFHG56OZKPY7XSVU\/\">Victime d\u2019un cambriolage nocturne<\/a> entre la premi\u00e8re et la deuxi\u00e8me \u00e9tape du <a href=\"https:\/\/www.liberation.fr\/sports\/cyclisme\/tour-de-france-2025-les-favoris-la-liste-des-coureurs-engages-et-les-predictions-de-libe-20250704_JSD6O2YFVZDINBXVZQ3ENGOTQA\/\" target=\"_blank\" rel=\"noreferrer nofollow noopener\" title=\"https:\/\/www.liberation.fr\/sports\/cyclisme\/tour-de-france-2025-les-favoris-la-liste-des-coureurs-engages-et-les-predictions-de-libe-20250704_JSD6O2YFVZDINBXVZQ3ENGOTQA\/\">Tour de France<\/a> pr\u00e8s de <a href=\"https:\/\/www.liberation.fr\/sports\/cyclisme\/sur-le-tour-de-france-cetait-une-premiere-journee-terrils-20250705_PZNXMK53GFHMTLFC6K6NQEM2EM\/\" target=\"_blank\" rel=\"noreferrer nofollow noopener\" title=\"https:\/\/www.liberation.fr\/sports\/cyclisme\/sur-le-tour-de-france-cetait-une-premiere-journee-terrils-20250705_PZNXMK53GFHMTLFC6K6NQEM2EM\/\">Lille<\/a>, l\u2019\u00e9quipe Cofidis a annonc\u00e9 ce lundi 7 juillet que tous les v\u00e9los vol\u00e9s avaient \u00e9t\u00e9 r\u00e9cup\u00e9r\u00e9s. Cinq des onze v\u00e9los disparus, d\u2019une valeur \u00e9gale ou sup\u00e9rieure \u00e0 10 000 euros chacun, avaient d\u00e9j\u00e0 \u00e9t\u00e9 retrouv\u00e9s \u00e0 proximit\u00e9 du lieu du vol dimanche, indiquait \u00e0 Lib\u00e9 en d\u00e9but d\u2019apr\u00e8s-midi le parquet de Lille.<\/p>\n<p class=\"sc-ksZaOG ehjQrN text-element\">Le manager de l\u2019\u00e9quipe Cofidis, C\u00e9dric Vasseur, a confirm\u00e9 aux m\u00e9dias ce lundi \u00e0 l\u2019issue de la <a href=\"https:\/\/www.liberation.fr\/sports\/cyclisme\/tour-de-france-2025-le-maillot-vert-jasper-philipsen-abandonne-apres-une-violente-chute-20250707_6YC74BPYKVHJLE66BSUV5UTMCA\/\" target=\"_blank\" rel=\"noreferrer nofollow noopener\" title=\"https:\/\/www.liberation.fr\/sports\/cyclisme\/tour-de-france-2025-le-maillot-vert-jasper-philipsen-abandonne-apres-une-violente-chute-20250707_6YC74BPYKVHJLE66BSUV5UTMCA\/\">troisi\u00e8me \u00e9tape entre Valenciennes et Dunkerque<\/a> avoir \u00e9t\u00e9 inform\u00e9 de la d\u00e9couverte \u00e0 Halluin, \u00e0 la fronti\u00e8re avec la Belgique, des six autres v\u00e9los encore port\u00e9s disparus : \u00abJ\u2019ai eu <a href=\"https:\/\/www.liberation.fr\/sports\/cyclisme-christian-prudhomme-un-roi-bien-en-tour-20230713_ISIOCS767VEY7MDQW5W6TRSFFU\/\" target=\"_blank\" rel=\"noreferrer nofollow noopener\" title=\"https:\/\/www.liberation.fr\/sports\/cyclisme-christian-prudhomme-un-roi-bien-en-tour-20230713_ISIOCS767VEY7MDQW5W6TRSFFU\/\">Christian Prudhomme<\/a> [le directeur du Tour] et le pr\u00e9fet des Hauts-de-France au t\u00e9l\u00e9phone \u00e0 l\u2019instant. Ils m\u2019ont confirm\u00e9 que les six v\u00e9los manquants avaient \u00e9t\u00e9 localis\u00e9s et r\u00e9cup\u00e9r\u00e9s par les forces de police dans l\u2019apr\u00e8s-midi. En ce qui nous concerne, on ne les a pas encore r\u00e9cup\u00e9r\u00e9s personnellement, mais c\u2019est \u00e9videmment une super nouvelle.\u00bb Les coureurs de Cofidis \u00abretrouveront leurs v\u00e9los ce soir\u00bb, a encore pr\u00e9cis\u00e9 <a href=\"https:\/\/www.liberation.fr\/sports\/1997\/08\/04\/cedric-vasseur-le-heros-qu-a-trouve-le-nord-porteur-du-maillot-jaune-du-tour-pendant-cinq-jours-il-e_213715\/\" target=\"_blank\" rel=\"noreferrer nofollow noopener\" title=\"https:\/\/www.liberation.fr\/sports\/1997\/08\/04\/cedric-vasseur-le-heros-qu-a-trouve-le-nord-porteur-du-maillot-jaune-du-tour-pendant-cinq-jours-il-e_213715\/\">l\u2019ancien cycliste professionnel<\/a>.<\/p>\n<p class=\"sc-ksZaOG ehjQrN text-element\">Ce pourraient \u00eatre les transpondeurs utilis\u00e9s en course qui ont permis de les localiser. Ces petits bo\u00eetiers fix\u00e9s sur les v\u00e9los permettent \u00e0 l\u2019organisation de conna\u00eetre le temps exact des coureurs \u00e0 la seconde pr\u00e8s quand ils passent la ligne d\u2019arriv\u00e9e.<\/p>\n<p class=\"sc-ksZaOG ehjQrN text-element\">Dimanche, Vasseur avait expliqu\u00e9 que ce vol n\u2019aurait de toute fa\u00e7on pas eu \u00abd\u2019impact sur le fonctionnement\u00bb de Cofidis, notamment gr\u00e2ce \u00e0 la proximit\u00e9 avec le service course de l\u2019\u00e9quipe, situ\u00e9 non loin de l\u2019h\u00f4tel o\u00f9 elle \u00e9tait bas\u00e9e, qui a permis aux coureurs de disposer de v\u00e9los au d\u00e9part de la deuxi\u00e8me \u00e9tape. Mais le fait d\u2019avoir retrouv\u00e9 les v\u00e9los permet \u00e0 l\u2019\u00e9curie fran\u00e7aise d\u2019\u00e9conomiser une bonne centaine de milliers d\u2019euros et de \u00abpoursuivre le Tour l\u2019esprit tranquille\u00bb, dixit Vasseur. L\u2019ann\u00e9e derni\u00e8re, onze v\u00e9los de l\u2019\u00e9quipe TotalEnergies avaient \u00e9galement \u00e9t\u00e9 vol\u00e9s pendant le Tour de France.<\/p>\n","protected":false},"excerpt":{"rendered":"A peine d\u00e9rob\u00e9s et d\u00e9j\u00e0 retrouv\u00e9s. Victime d\u2019un cambriolage nocturne entre la premi\u00e8re et la deuxi\u00e8me \u00e9tape du&hellip;\n","protected":false},"author":2,"featured_media":234221,"comment_status":"","ping_status":"","sticky":false,"template":"","format":"standard","meta":{"footnotes":""},"categories":[2],"tags":[11,1011,27,12,25,210],"class_list":{"0":"post-234220","1":"post","2":"type-post","3":"status-publish","4":"format-standard","5":"has-post-thumbnail","7":"category-actualites","8":"tag-actualites","9":"tag-fr","10":"tag-france","11":"tag-news","12":"tag-republique-francaise","13":"tag-tour-de-france"},"share_on_mastodon":{"url":"https:\/\/pubeurope.com\/@fr\/114815623825942832","error":""},"_links":{"self":[{"href":"https:\/\/www.europesays.com\/fr\/wp-json\/wp\/v2\/posts\/234220","targetHints":{"allow":["GET"]}}],"collection":[{"href":"https:\/\/www.europesays.com\/fr\/wp-json\/wp\/v2\/posts"}],"about":[{"href":"https:\/\/www.europesays.com\/fr\/wp-json\/wp\/v2\/types\/post"}],"author":[{"embeddable":true,"href":"https:\/\/www.europesays.com\/fr\/wp-json\/wp\/v2\/users\/2"}],"replies":[{"embeddable":true,"href":"https:\/\/www.europesays.com\/fr\/wp-json\/wp\/v2\/comments?post=234220"}],"version-history":[{"count":0,"href":"https:\/\/www.europesays.com\/fr\/wp-json\/wp\/v2\/posts\/234220\/revisions"}],"wp:featuredmedia":[{"embeddable":true,"href":"https:\/\/www.europesays.com\/fr\/wp-json\/wp\/v2\/media\/234221"}],"wp:attachment":[{"href":"https:\/\/www.europesays.com\/fr\/wp-json\/wp\/v2\/media?parent=234220"}],"wp:term":[{"taxonomy":"category","embeddable":true,"href":"https:\/\/www.europesays.com\/fr\/wp-json\/wp\/v2\/categories?post=234220"},{"taxonomy":"post_tag","embeddable":true,"href":"https:\/\/www.europesays.com\/fr\/wp-json\/wp\/v2\/tags?post=234220"}],"curies":[{"name":"wp","href":"https:\/\/api.w.org\/{rel}","templated":true}]}}