{"id":234224,"date":"2025-07-08T04:05:11","date_gmt":"2025-07-08T04:05:11","guid":{"rendered":"https:\/\/www.europesays.com\/fr\/234224\/"},"modified":"2025-07-08T04:05:11","modified_gmt":"2025-07-08T04:05:11","slug":"rugby-il-doit-arreter-de-faire-ces-commentaires-stupides-une-legende-australienne-sen-prend-brutalement-a-un-ancien-champion-du-monde","status":"publish","type":"post","link":"https:\/\/www.europesays.com\/fr\/234224\/","title":{"rendered":"Rugby\u00a0: \u00ab\u00a0Il doit arr\u00eater de faire ces commentaires stupides\u00a0!\u00a0\u00bb Une l\u00e9gende australienne s\u2019en prend brutalement \u00e0 un ancien champion du monde"},"content":{"rendered":"<p>\n                                                                    l&rsquo;essentiel<br \/>\n                                                                En pleine tourn\u00e9e estivale, une l\u00e9gende du rugby a vivement critiqu\u00e9 le comportement et les propos d\u2019un autre joueur l\u00e9gendaire, devenu commentateur et chroniqueur.\n                            <\/p>\n<p>Sur les r\u00e9seaux sociaux, Matt Giteau, 103 s\u00e9lections avec l\u2019\u00e9quipe nationale australienne, s\u2019en est pris \u00e0 David Campese, champion du monde 1991 avec l\u2019Australie, sur les r\u00e9seaux sociaux.<\/p>\n<p>Connu pour s\u2019exprimer sans langue de bois, Campese a encha\u00een\u00e9 les controverses dans ses chroniques sur\u00a0<a href=\"https:\/\/www.planetrugby.com\/news\/david-campese-brutally-rips-into-four-woeful-bi-lions-accusing-andy-farrell-of-lacking-a-true-enforcer-even-though-ellis-genge-bled-for-the-side\" target=\"_self\" rel=\"nofollow noopener\">Planet Rugby<\/a>. Souvent violents, parfois \u00e0 la limite du raisonnable, ses nombreux propos d\u00e9plac\u00e9s sont mal pass\u00e9s aupr\u00e8s de Giteau.<\/p>\n<p class=\"std-elt__inline\">\n        <strong>\u00c0 lire aussi :<\/strong><br \/>\n        <a href=\"https:\/\/www.ladepeche.fr\/2025\/07\/05\/rugby-situation-intenable-manque-de-respect-copinage-pourquoi-lun-des-clubs-formateurs-dantoine-dupont-crie-au-scandale-12808101.php\" rel=\"nofollow noopener\" target=\"_blank\">Rugby\u00a0: \u00ab\u00a0situation intenable\u00a0\u00bb, \u00ab\u00a0manque de respect\u00a0\u00bb, \u00ab\u00a0copinage\u00a0\u00bb\u2026 Pourquoi l\u2019un des clubs formateurs d\u2019Antoine Dupont crie au scandale<\/a>\n    <\/p>\n<p>Sur son compte X ce dimanche 6\u00a0juillet, l\u2019ancien joueur de Toulon ne s\u2019est pas priv\u00e9 pour reprocher\u00a0le comportement de son compatriote. \u00ab\u00a0Je respecte Campo en tant que joueur et en tant que personne, mais il doit arr\u00eater de faire ces commentaires stupides\u00a0\u00bb, \u00e9voque-t-il d\u2019entr\u00e9e. \u00ab\u00a0Plus il parlera du jeu comme il le fait, moins les gens se souviendront de lui comme du g\u00e9nie qu\u2019il \u00e9tait\u00a0\u00bb, ajoute en partie ce dernier.<\/p>\n<blockquote data-class=\"twitter-tweet\">\n<p lang=\"en\" dir=\"ltr\">I respect Campo as a player and a person but he needs to stop coming out making these silly comments. Doing nothing for his reputation and respect in our game<\/p>\n<p>The more he talks about the game the way he does, the less ppl will remember him for the genuis he was<\/p>\n<p>\u2014 Matt Giteau \\ud83c\\udde6\\ud83c\\uddfa (@giteau_rugby) <a href=\"https:\/\/twitter.com\/giteau_rugby\/status\/1941963652170719254?ref_src=twsrc%5Etfw\" rel=\"nofollow noopener\" target=\"_blank\">July 6, 2025<\/a><\/p><\/blockquote>\n<p>Derni\u00e8rement, David Campese avait critiqu\u00e9 l\u2019Anglais Owen Farrell en \u00e9voquant le fait \u00ab\u00a0qu\u2019il a quitt\u00e9 Paris la queue entre les jambes et une r\u00e9putation qui en a p\u00e2ti\u00a0\u00bb. Son p\u00e8re Andy, s\u00e9lectionneur des Lions britanniques et irlandais, a d\u00e9cid\u00e9 de compter sur lui pour la tourn\u00e9e estivale. \u00ab\u00a0J\u2019ai toujours respect\u00e9 le nom de Farrell mais c\u2019est un choix faible de la part de papa. Je ne m\u2019attendais pas \u00e0 un choix faible de sa part\u00a0\u00bb, avait-il alors l\u00e2ch\u00e9 spontan\u00e9ment.<\/p>\n<p>                                                                                                                                                                                                        <script async src=\"https:\/\/platform.twitter.com\/widgets.js\" charset=\"utf-8\"><\/script><\/p>\n","protected":false},"excerpt":{"rendered":"l&rsquo;essentiel En pleine tourn\u00e9e estivale, une l\u00e9gende du rugby a vivement critiqu\u00e9 le comportement et les propos d\u2019un&hellip;\n","protected":false},"author":2,"featured_media":234225,"comment_status":"","ping_status":"","sticky":false,"template":"","format":"standard","meta":{"footnotes":""},"categories":[1416],"tags":[1011,27,479,1468,60],"class_list":{"0":"post-234224","1":"post","2":"type-post","3":"status-publish","4":"format-standard","5":"has-post-thumbnail","7":"category-rugby","8":"tag-fr","9":"tag-france","10":"tag-rugby","11":"tag-rugby-football","12":"tag-sports"},"share_on_mastodon":{"url":"https:\/\/pubeurope.com\/@fr\/114815639522358661","error":""},"_links":{"self":[{"href":"https:\/\/www.europesays.com\/fr\/wp-json\/wp\/v2\/posts\/234224","targetHints":{"allow":["GET"]}}],"collection":[{"href":"https:\/\/www.europesays.com\/fr\/wp-json\/wp\/v2\/posts"}],"about":[{"href":"https:\/\/www.europesays.com\/fr\/wp-json\/wp\/v2\/types\/post"}],"author":[{"embeddable":true,"href":"https:\/\/www.europesays.com\/fr\/wp-json\/wp\/v2\/users\/2"}],"replies":[{"embeddable":true,"href":"https:\/\/www.europesays.com\/fr\/wp-json\/wp\/v2\/comments?post=234224"}],"version-history":[{"count":0,"href":"https:\/\/www.europesays.com\/fr\/wp-json\/wp\/v2\/posts\/234224\/revisions"}],"wp:featuredmedia":[{"embeddable":true,"href":"https:\/\/www.europesays.com\/fr\/wp-json\/wp\/v2\/media\/234225"}],"wp:attachment":[{"href":"https:\/\/www.europesays.com\/fr\/wp-json\/wp\/v2\/media?parent=234224"}],"wp:term":[{"taxonomy":"category","embeddable":true,"href":"https:\/\/www.europesays.com\/fr\/wp-json\/wp\/v2\/categories?post=234224"},{"taxonomy":"post_tag","embeddable":true,"href":"https:\/\/www.europesays.com\/fr\/wp-json\/wp\/v2\/tags?post=234224"}],"curies":[{"name":"wp","href":"https:\/\/api.w.org\/{rel}","templated":true}]}}