{"id":234226,"date":"2025-07-08T04:06:13","date_gmt":"2025-07-08T04:06:13","guid":{"rendered":"https:\/\/www.europesays.com\/fr\/234226\/"},"modified":"2025-07-08T04:06:13","modified_gmt":"2025-07-08T04:06:13","slug":"resultat-et-resume-ben-shelton-lorenzo-sonego-lequipe-2","status":"publish","type":"post","link":"https:\/\/www.europesays.com\/fr\/234226\/","title":{"rendered":"R\u00e9sultat et r\u00e9sum\u00e9 : Ben Shelton &#8211; Lorenzo Sonego &#8211; L&#039;\u00c9quipe"},"content":{"rendered":"<ol>\n<li><a href=\"https:\/\/news.google.com\/rss\/articles\/CBMixgFBVV95cUxNa2ttR0NITWRqWElBeWRFLWZnR19PWVJuR09fV2UxUjJacEdKc0E0V2I4ZjZXS3o5Zk9kRHZwV09nLTNoVXdHX3BpZzlCS0FMdzYyWk14VXdKbFZVUHJYdFFhNlRId0ZCTnlaTW9EN3RRWTZJaktOMmQ3QWNYcmdvLVluQ0R5X09OTkNwdEZFaVk3WlRueTVDYjJvMklUSmM4bFNhNm5qdzZpRWFGQmcyLUIyVTdoeUNHbHJwbHp0ZW9jRFkyaVE?oc=5\" target=\"_blank\" rel=\"nofollow noopener\">R\u00e9sultat et r\u00e9sum\u00e9 : Ben Shelton &#8211; Lorenzo Sonego<\/a>&nbsp;&nbsp;L&rsquo;\u00c9quipe<\/li>\n<li><a href=\"https:\/\/news.google.com\/rss\/articles\/CBMikAJBVV95cUxNbW5CZEZGeDhiYk9NMDFNRUpXeGkyWUs5SmlwWWpEakVZTGRDbm5oLVBReGlfemk1ZnQ0ckZoR01WZE5HZ3lfOUk3TWxTY0tpeDY5ak53NkVMZ0R4X01UbnNlWkNCQUQ3dWZSZ0lfOXNnV0kxUnBuSlEyd3BCcmFMcTRENXRxSm5XWjlGc0VKSW1TZVU0cGh6TWttYmtQa3VyZW5VMXB5S2RvM2hkeGJqaHlFUWpQeEs0aHRTdWtxNUVPUDNKYTRoU3BZRmh0STZDS2RWZncyWkgxaVphZ3NKRXlucHoyZVI3MmhORk54MnI4MExtZ3NtZld5R1psb3FGb1llTnUtenBiYVN4WVgyMQ?oc=5\" target=\"_blank\" rel=\"nofollow noopener\">Wimbledon. \u00c0 22 ans, Ben Shelton se qualifie pour la premi\u00e8re fois en quarts de finale du tournoi<\/a>&nbsp;&nbsp;Ouest-France<\/li>\n<li><a href=\"https:\/\/news.google.com\/rss\/articles\/CBMivwFBVV95cUxQYVI5d3JybjRzMHJqVHFacFlhT05DenRkZDE2cmJlM1dmVzlCaGR5MF9tQzJ5SFZzRXBwVlQ2Zmpzb1p5SzRSSTdfVzF2V2tISDQ2TEhodnU0THJ3cjh1MXF6WFR3NmpRTEFLMEx6MllRS3ZCeE5OTDhmZXFzbElWVEY3djU3WHR4Mmg5ZVhtT2Q0OXYtdDJFWEJzTlI1N0QtTXVyMG9MVlJneWxaZThuOThMaFdURHc3YXpPVDJLNA?oc=5\" target=\"_blank\" rel=\"nofollow noopener\">Wimbledon : Shelton au rendez-vous des quarts pour la premi\u00e8re fois<\/a>&nbsp;&nbsp;Le Figaro<\/li>\n<li><a href=\"https:\/\/news.google.com\/rss\/articles\/CBMiggFBVV95cUxOZHZ3SEhPbFM0MlBqNm56dFFEYXFFdkV3R1d2OXduRjM0dmp2TVJNRlB1ZVJuU1NTQ0FCdUFDYVMya0VXYWpHUFBjSjVUSzZUZGZXanpoWGVmRkhzMFhpbVRRS1Z4SXkyYUdwSkRJYTYwWFRsbkg0TmJKTmpsdi1LRG5B?oc=5\" target=\"_blank\" rel=\"nofollow noopener\">\u00ab Mes conversations avec Federer sont ce qui m\u2019a le plus marqu\u00e9 \u00bb, d\u00e9clare Shelton<\/a>&nbsp;&nbsp;Tennis Temple<\/li>\n<li><a href=\"https:\/\/news.google.com\/rss\/articles\/CBMixgFBVV95cUxQZnN5eUV4VzduZ0hqek01QklzZzNYR2p6NTNhblhTejNTTzNHamF4QnQxdGJUOXYzTjk4R2FmUktyRmQxZkxpV1pGcldKWHRkWERlRDgzdVV2M251a2FReDJMTXh4bjR5eGJqNGhKenk4TldWSVJGOERyREhXeXNYSEhYSXhDRXFTU1lpLWlwQlJnU1M4MlNaeTJZWHZSMFM3eEdZam92akhuSzR5clFHZ2F6eFhaU0pod2o5OEdid3lfNDVPeVE?oc=5\" target=\"_blank\" rel=\"nofollow noopener\">Wimbledon : Ben Shelton en costaud contre Lorenzo Sonego<\/a>&nbsp;&nbsp;Orange Actualit\u00e9s | Sports<\/li>\n<\/ol>\n","protected":false},"excerpt":{"rendered":"R\u00e9sultat et r\u00e9sum\u00e9 : Ben Shelton &#8211; Lorenzo Sonego&nbsp;&nbsp;L&rsquo;\u00c9quipe Wimbledon. \u00c0 22 ans, Ben Shelton se qualifie pour&hellip;\n","protected":false},"author":2,"featured_media":1445,"comment_status":"","ping_status":"","sticky":false,"template":"","format":"standard","meta":{"footnotes":""},"categories":[1415],"tags":[1011,27,60,1467],"class_list":{"0":"post-234226","1":"post","2":"type-post","3":"status-publish","4":"format-standard","5":"has-post-thumbnail","7":"category-tennis","8":"tag-fr","9":"tag-france","10":"tag-sports","11":"tag-tennis"},"share_on_mastodon":{"url":"https:\/\/pubeurope.com\/@fr\/114815643355437712","error":""},"_links":{"self":[{"href":"https:\/\/www.europesays.com\/fr\/wp-json\/wp\/v2\/posts\/234226","targetHints":{"allow":["GET"]}}],"collection":[{"href":"https:\/\/www.europesays.com\/fr\/wp-json\/wp\/v2\/posts"}],"about":[{"href":"https:\/\/www.europesays.com\/fr\/wp-json\/wp\/v2\/types\/post"}],"author":[{"embeddable":true,"href":"https:\/\/www.europesays.com\/fr\/wp-json\/wp\/v2\/users\/2"}],"replies":[{"embeddable":true,"href":"https:\/\/www.europesays.com\/fr\/wp-json\/wp\/v2\/comments?post=234226"}],"version-history":[{"count":0,"href":"https:\/\/www.europesays.com\/fr\/wp-json\/wp\/v2\/posts\/234226\/revisions"}],"wp:featuredmedia":[{"embeddable":true,"href":"https:\/\/www.europesays.com\/fr\/wp-json\/wp\/v2\/media\/1445"}],"wp:attachment":[{"href":"https:\/\/www.europesays.com\/fr\/wp-json\/wp\/v2\/media?parent=234226"}],"wp:term":[{"taxonomy":"category","embeddable":true,"href":"https:\/\/www.europesays.com\/fr\/wp-json\/wp\/v2\/categories?post=234226"},{"taxonomy":"post_tag","embeddable":true,"href":"https:\/\/www.europesays.com\/fr\/wp-json\/wp\/v2\/tags?post=234226"}],"curies":[{"name":"wp","href":"https:\/\/api.w.org\/{rel}","templated":true}]}}