{"id":234229,"date":"2025-07-08T04:09:12","date_gmt":"2025-07-08T04:09:12","guid":{"rendered":"https:\/\/www.europesays.com\/fr\/234229\/"},"modified":"2025-07-08T04:09:12","modified_gmt":"2025-07-08T04:09:12","slug":"alpine-retrouve-le-sourire-en-grande-bretagne-grace-a-pierre-gasly","status":"publish","type":"post","link":"https:\/\/www.europesays.com\/fr\/234229\/","title":{"rendered":"Alpine retrouve le sourire en Grande-Bretagne gr\u00e2ce \u00e0 Pierre Gasly"},"content":{"rendered":"<p>            Par<br \/>\n        <strong><br \/>\n            <a href=\"https:\/\/actu.fr\/auteur\/philippe-beaufils\" title=\"Consulter tous les articles de Philippe Beaufils\" target=\"_blank\" rel=\"noopener\">Philippe Beaufils<\/a><br \/>\n        <\/strong><\/p>\n<p>        Publi\u00e9 le<\/p>\n<p>            7 juil. 2025 \u00e0 16h56        <\/p>\n<p>Apr\u00e8s une premi\u00e8re partie de saison au bilan plus que mitig\u00e9 pour ne pas dire n\u00e9gatif, il \u00e9tait l\u00e9gitime de penser que la tr\u00eave arrivait au bon moment pour la marque de <a href=\"https:\/\/actu.fr\/les-informations-dieppoises\/\" target=\"_blank\" rel=\"noopener\">Dieppe<\/a>. Et voil\u00e0 qu\u2019<b>Alpine obtient son meilleur r\u00e9sultat de l\u2019ann\u00e9e sur le mythique circuit de Silverstone<\/b>. Il est vrai que le Grand prix de Grande-Bretagne s\u2019est d\u00e9roul\u00e9 dans des conditions difficiles, mais l\u2019essentiel est de voir que <b>Pierre Gasly peut rivaliser avec les meilleurs<\/b>. Sur une course, mais pourquoi pas aussi sur la deuxi\u00e8me partie de la saison\u2026<\/p>\n<p class=\" wall-content\">Et \u00e0 la fin, <b>c\u2019est presque toujours MacLaren qui gagne<\/b>. Avec cinq victoires pour Oscar Piastri et d\u00e9sormais quatre pour Lando Norris, cette \u00e9curie n\u2019a laiss\u00e9 jusqu\u2019alors que des miettes \u00e0 ses adversaires, avec juste deux succ\u00e8s pour Max Verstappen et un pour George Russel.<\/p>\n<p class=\" wall-content\">M\u00eame dans des conditions tr\u00e8s chaotiques comme dimanche en Grande-Bretagne, les MacLaren trouvent toujours la solution. Cette fois, c\u2019est <b>Lando Norris qui a \u00e9t\u00e9 le plus efficace<\/b>, mais aussi le plus opportuniste en profitant notamment de la p\u00e9nalit\u00e9 de dix secondes subie par son co\u00e9quipier Piastri, mais aussi du t\u00eate-\u00e0-queue de Max Verstappen alors que ces deux pilotes faisaient la course en t\u00eate.<\/p>\n<p class=\" wall-content\">Sur un circuit de Silverstone copieusement arros\u00e9 par la pluie pendant pratiquement tout le Grand prix, MacLaren a donc r\u00e9alis\u00e9 un nouveau doubl\u00e9 alors que Verstappen ne pouvait faire mieux que cinqui\u00e8me.<\/p>\n<p class=\" wall-content\">Aussi, cette course a \u00e9t\u00e9 marqu\u00e9e par <b>la troisi\u00e8me place de Nico H\u00fclkenberg<\/b>, ce qui constitue aussi le premier podium de l\u2019Allemand apr\u00e8s 238 courses disput\u00e9es.<\/p>\n<p>Vid\u00e9os : en ce moment sur Actu<\/p>\n<p class=\" wall-content\">Pour les Fran\u00e7ais, pour les Normands, pour les Dieppois ou pour tous les supporters d\u2019Alpine tout simplement, la bonne nouvelle est venue de <b>la tr\u00e8s belle sixi\u00e8me place d\u00e9croch\u00e9e par Pierre Gasly<\/b> au terme d\u2019un week-end plus que mouvement\u00e9.<\/p>\n<p class=\" wall-content\">Ainsi, vendredi soir, l\u2019optimisme n\u2019\u00e9tait pas de mise dans le clan Alpine apr\u00e8s avoir vu Pierre Gasly et Franco Colapinto r\u00e9aliser les 19e et 20e temps (sur 20) des essais libres.<\/p>\n<p class=\" wall-content\">Du travail \u00e0 faire et donc du travail bien fait puisque d\u00e8s le samedi, les sourires \u00e9taient de retour pour la marque au A fl\u00e9ch\u00e9. Enfin partiellement puisque <b>Franco Colapinto<\/b> n\u2019a jamais d\u00e9coll\u00e9 de la derni\u00e8re place m\u00eame lors de la s\u00e9ance de qualifications au cours de laquelle il a effectu\u00e9 une sortie de route heureusement plus spectaculaire que grave. Suite \u00e0 des changements de pi\u00e8ces, il devait m\u00eame s\u2019\u00e9lancer de la voie des stands, mais finalement,<b> il ne prenait m\u00eame pas le d\u00e9part<\/b>.\u00a0Lorsque l\u2019on sait maintenant que <b>les contacts entre Flavio Briatore et Valtteri Bottas sont plus que r\u00e9els <\/b>et concrets, il est fort possible que la pige de l\u2019Argentin avec Alpine se soit achev\u00e9e en Grande-Bretagne.<\/p>\n<p>Meilleur tour pour Pierre Gasly<\/p>\n<p class=\" wall-content\">Heureusement, Pierre Gasly n\u2019a pas trembl\u00e9 et au contraire, a r\u00e9alis\u00e9 une performance de tout premier plan. Ainsi, contrairement \u00e0 ce qui avait lieu r\u00e9guli\u00e8rement ces derni\u00e8res semaines, le Bois-Guillaumais a atteint la Q2 puis la Q3 pour obtenir le 10e temps sur la grille de d\u00e9part. Cependant, suite aux p\u00e9nalit\u00e9s inflig\u00e9es \u00e0 Bearman et \u00e0 Antonelli, Gasly pouvait <b>s\u2019\u00e9lancer de la huiti\u00e8me place<\/b>.<\/p>\n<p class=\" wall-content\">Alors, dimanche apr\u00e8s-midi, le Normand prend un tr\u00e8s bon d\u00e9part et s\u2019empare de la sixi\u00e8me place. Il r\u00e9alise m\u00eame le meilleur chrono en d\u00e9but de course avant de voir les cadors prendre les commandes. Toutefois Pierre Gasly va rester aux avant-postes et gr\u00e2ce \u00e0 un d\u00e9passement de Lance Stroll dans les derniers hectom\u00e8tres, termine \u00e0 une tr\u00e8s belle sixi\u00e8me place. Le meilleur r\u00e9sultat de la saison pour le Bois-Guillaumais qui s\u2019est surpris lui-m\u00eame comme il l\u2019a avou\u00e9 au micro de Canal+ : \u00ab On \u00e9tait tr\u00e8s tr\u00e8s loin de s\u2019attendre \u00e0 une course pareille. Les conditions ont fait que l\u2019on a eu plus de chance.<b> il faut faire les bons choix pour rester en piste<\/b>. \u00e7a fait plaisir de se battre avec les top teams. Aujourd\u2019hui, je me suis bien battu avec Fernando (Alonso) avec Lewis (Hamilton), avec Max (Verstappen) \u00bb.<\/p>\n<p class=\" wall-content\">Suivez toute l\u2019actualit\u00e9 de vos villes et m\u00e9dias favoris en vous inscrivant \u00e0 <a href=\"https:\/\/moncompte.actu.fr\" title=\"D\u00e9couvez Mon Actu\" rel=\"nofollow noopener\" data-trk=\"{&quot;cta&quot;:{&quot;action&quot;:&quot;https:\\\/\\\/moncompte.actu.fr&quot;,&quot;category&quot;:&quot;mon compte&quot;,&quot;from&quot;:&quot;article footer&quot;,&quot;name&quot;:&quot;Mon actu&quot;,&quot;type&quot;:&quot;cta&quot;}}\" target=\"_blank\">Mon Actu<\/a>.<\/p>\n","protected":false},"excerpt":{"rendered":"Par Philippe Beaufils Publi\u00e9 le 7 juil. 2025 \u00e0 16h56 Apr\u00e8s une premi\u00e8re partie de saison au bilan&hellip;\n","protected":false},"author":2,"featured_media":234230,"comment_status":"","ping_status":"","sticky":false,"template":"","format":"standard","meta":{"footnotes":""},"categories":[1412],"tags":[2674,646,1451,1452,1453,1454,1455,1011,27,60,10200],"class_list":{"0":"post-234229","1":"post","2":"type-post","3":"status-publish","4":"format-standard","5":"has-post-thumbnail","7":"category-f1","8":"tag-alpine","9":"tag-automobile","10":"tag-f1","11":"tag-formula-1","12":"tag-formula1","13":"tag-formule-1","14":"tag-formule1","15":"tag-fr","16":"tag-france","17":"tag-sports","18":"tag-sports-mecaniques"},"share_on_mastodon":{"url":"https:\/\/pubeurope.com\/@fr\/114815655259952149","error":""},"_links":{"self":[{"href":"https:\/\/www.europesays.com\/fr\/wp-json\/wp\/v2\/posts\/234229","targetHints":{"allow":["GET"]}}],"collection":[{"href":"https:\/\/www.europesays.com\/fr\/wp-json\/wp\/v2\/posts"}],"about":[{"href":"https:\/\/www.europesays.com\/fr\/wp-json\/wp\/v2\/types\/post"}],"author":[{"embeddable":true,"href":"https:\/\/www.europesays.com\/fr\/wp-json\/wp\/v2\/users\/2"}],"replies":[{"embeddable":true,"href":"https:\/\/www.europesays.com\/fr\/wp-json\/wp\/v2\/comments?post=234229"}],"version-history":[{"count":0,"href":"https:\/\/www.europesays.com\/fr\/wp-json\/wp\/v2\/posts\/234229\/revisions"}],"wp:featuredmedia":[{"embeddable":true,"href":"https:\/\/www.europesays.com\/fr\/wp-json\/wp\/v2\/media\/234230"}],"wp:attachment":[{"href":"https:\/\/www.europesays.com\/fr\/wp-json\/wp\/v2\/media?parent=234229"}],"wp:term":[{"taxonomy":"category","embeddable":true,"href":"https:\/\/www.europesays.com\/fr\/wp-json\/wp\/v2\/categories?post=234229"},{"taxonomy":"post_tag","embeddable":true,"href":"https:\/\/www.europesays.com\/fr\/wp-json\/wp\/v2\/tags?post=234229"}],"curies":[{"name":"wp","href":"https:\/\/api.w.org\/{rel}","templated":true}]}}