{"id":234235,"date":"2025-07-08T04:12:11","date_gmt":"2025-07-08T04:12:11","guid":{"rendered":"https:\/\/www.europesays.com\/fr\/234235\/"},"modified":"2025-07-08T04:12:11","modified_gmt":"2025-07-08T04:12:11","slug":"coup-denvoi-de-la-haute-couture-a-paris-schiaparelli-et-iris-van-herpen-revent-dailleurs-actualites","status":"publish","type":"post","link":"https:\/\/www.europesays.com\/fr\/234235\/","title":{"rendered":"Coup d&rsquo;envoi de la haute couture \u00e0 Paris, Schiaparelli et Iris van Herpen r\u00eavent d&rsquo;ailleurs : Actualit\u00e9s"},"content":{"rendered":"<p class=\"lead \">Entre le futur et les fonds marins, Schiaparelli et Iris van Herpen ont des envies d&rsquo;ailleurs pour cette semaine de la haute couture, encore et toujours marqu\u00e9e par le chass\u00e9-crois\u00e9 des directeurs artistiques. <\/p>\n<p class=\"lead \">Schiaparelli a ouvert le bal lundi avec une collection automne-hiver 2025-2026 intitul\u00e9e \u00ab\u00a0Retour vers le futur\u00a0\u00bb, avec des codes emprunt\u00e9s aux ann\u00e9es 1940. <\/p>\n<p class=\"lead \">Une impressionnante robe \u00e0 volants noirs et blancs, de longues robes du soir sculpturales, des tailleurs \u00e9l\u00e9gants presque trop sages ou encore un manteau taill\u00e9 comme un rectangle sans manche, au col montant \u00e0 plumes et brod\u00e9 d&rsquo;une grosse fleur argent\u00e9e, composent ce vestiaire. Le tout dans des tons blanc, noir et argent\u00e9, avec quelques touches de rouge vif. <\/p>\n<p class=\"lead \">Une robe rouge avec un buste de femme moul\u00e9 sur le dos et accompagn\u00e9 d&rsquo;un collier en forme de coeur humain, tout en strass rouge, reproduisant les pulsations a \u00e9t\u00e9 le clou du spectacle.<\/p>\n<p class=\"lead \">Organis\u00e9 au Petit Palais, ce nouveau show de l&rsquo;Am\u00e9ricain Daniel Roseberry a r\u00e9uni un parterre de stars, dont la rappeuse Cardi B qui a fait sensation avec une robe noire ultra-moulante \u00e0 l&rsquo;immense encolure orn\u00e9e de longues franges perl\u00e9es et un corbeau vivant pos\u00e9 sur ses mains gant\u00e9es. <\/p>\n<p class=\"lead \">&#8211; Sous l&rsquo;oc\u00e9an &#8211;<\/p>\n<p class=\"lead \">De retour au calendrier apr\u00e8s un an d&rsquo;absence, Iris van Herpen a propos\u00e9 une descente dans les fonds marins, avec la m\u00e9duse comme \u00e9l\u00e9ment central.<\/p>\n<p class=\"lead \">Un d\u00e9fil\u00e9 spectaculaire baptis\u00e9 \u00ab\u00a0Sympoiesis\u00a0\u00bb, o\u00f9 des lasers donnaient l&rsquo;impression de modeler ses cr\u00e9ations \u00e0 mesure qu&rsquo;elles d\u00e9filaient. <\/p>\n<p class=\"lead \">La N\u00e9erlandaise a pr\u00e9sent\u00e9 des robes moulantes imitant des \u00e9cailles ou des algues, les queues ondulantes et les nageoires de poissons tropicaux, dans une palette aux tons verd\u00e2tres, bleu marine, noir et argent, comme dans les profondeurs abyssales.<\/p>\n<p class=\"lead \">Le Camerounais Imane Ayissi s&rsquo;est aventur\u00e9 du c\u00f4t\u00e9 de la nature avec une collection appel\u00e9e \u00ab\u00a0Ikorrok\u00a0\u00bb, qui signifie \u00ab\u00a0un jardin laiss\u00e9 en jach\u00e8re\u00a0\u00bb dans la langue Ewondo. <\/p>\n<p class=\"lead \">Le cr\u00e9ateur a notamment mis \u00e0 l&rsquo;honneur le raffia, sous forme de franges ou bien de grosses fleurs, les imprim\u00e9s fleuris ou encore des insectes en perle sur ces robes et tailleurs pantalon pour la plupart haut en couleurs.<\/p>\n<p class=\"lead \">Dans la soir\u00e9e, l&rsquo;Italien Giambattista Valli a conclu cette premi\u00e8re journ\u00e9e avec une collection tr\u00e8s a\u00e9rienne, avec des robes en tulles, voiles et drap\u00e9s sur lesquelles s&rsquo;invitent de grosses roses en tissu et qui se d\u00e9clinent dans des tons pastels tels \u00ab\u00a0des sorbets touch\u00e9s par le soleil\u00a0\u00bb, selon la note d&rsquo;intention.<\/p>\n<p class=\"lead \">Juste avant le d\u00e9fil\u00e9, le couturier s&rsquo;\u00e9tait vu remettre la m\u00e9daille de chevalier de l&rsquo;ordre des Arts et des Lettres. <\/p>\n<p class=\"lead \">&#8211; Chaises musicales &#8211;<\/p>\n<p class=\"lead \">Confront\u00e9 \u00e0 un contexte \u00e9conomique incertain, le secteur du luxe multiplie les changements de direction artistique pour relancer sa croissance. Une dynamique de chaises musicales qui imprime fortement cette \u00e9dition, dont le temps fort sera le dernier d\u00e9fil\u00e9 de Demna pour Balenciaga, mercredi midi.<\/p>\n<p class=\"lead \">Apr\u00e8s dix ans \u00e0 sa t\u00eate, le G\u00e9orgien de 44 ans, au style iconoclaste, va prendre la direction artistique de Gucci dont les contre-performances plombent l&rsquo;activit\u00e9 de Kering, qui poss\u00e8de aussi Balenciaga.<\/p>\n<p class=\"lead \">Il est remplac\u00e9 par l&rsquo;Italien Pierpaolo Piccioli qui pr\u00e9sentera sa premi\u00e8re collection en octobre.<\/p>\n<p class=\"lead \">Mercredi marquera \u00e9galement les d\u00e9buts, chez Maison Margiela de Glenn Martens, qui succ\u00e8de \u00e0 John Galliano. <\/p>\n<p class=\"lead \">Mardi, Chanel pr\u00e9sentera pour la derni\u00e8re fois une collection imagin\u00e9e par son studio de cr\u00e9ation, la cinqui\u00e8me depuis le d\u00e9part de Virginie Viard en juin 2024. <\/p>\n<p class=\"lead \">Nomm\u00e9 en d\u00e9cembre, son successeur, Matthieu Blazy, d\u00e9voilera sa premi\u00e8re collection en octobre. <\/p>\n<p class=\"lead \">Jusqu&rsquo;\u00e0 jeudi, 27 maisons pr\u00e9sentent leurs cr\u00e9ations, parmi lesquelles Elie Saab, Armani Priv\u00e9, Aelis, Viktor&amp;Rolf, Adeline Andr\u00e9 ou encore le couturier syrien Rami Al Ali, qui int\u00e8gre le calendrier officiel.<\/p>\n<p class=\"lead \">Cette semaine compte aussi quelques absences remarqu\u00e9es, \u00e0 commencer par Dior. Apr\u00e8s un premier d\u00e9fil\u00e9 Homme particuli\u00e8rement suivi le 27 juin, Jonathan Anderson r\u00e9serve sa premi\u00e8re collection haute couture pour janvier 2026.<\/p>\n<p class=\"lead \">Jean Paul Gaultier manque \u00e9galement \u00e0 l&rsquo;appel, puisque le tout nouveau directeur artistique de la griffe, le N\u00e9erlandais Duran Lantink fera ses d\u00e9buts en octobre.<\/p>\n<p class=\"small font-weight-bold text-gray3 \"> publi\u00e9 le 7 juillet \u00e0 21h50, AFP<\/p>\n<p>                             Partager<\/p>\n","protected":false},"excerpt":{"rendered":"Entre le futur et les fonds marins, Schiaparelli et Iris van Herpen ont des envies d&rsquo;ailleurs pour cette&hellip;\n","protected":false},"author":2,"featured_media":234236,"comment_status":"","ping_status":"","sticky":false,"template":"","format":"standard","meta":{"footnotes":""},"categories":[1359],"tags":[2105,58,59,1011,27,2425,985,973],"class_list":{"0":"post-234235","1":"post","2":"type-post","3":"status-publish","4":"format-standard","5":"has-post-thumbnail","7":"category-people","8":"tag-distribution","9":"tag-divertissement","10":"tag-entertainment","11":"tag-fr","12":"tag-france","13":"tag-luxe","14":"tag-mode","15":"tag-people"},"share_on_mastodon":{"url":"https:\/\/pubeurope.com\/@fr\/114815666960856204","error":""},"_links":{"self":[{"href":"https:\/\/www.europesays.com\/fr\/wp-json\/wp\/v2\/posts\/234235","targetHints":{"allow":["GET"]}}],"collection":[{"href":"https:\/\/www.europesays.com\/fr\/wp-json\/wp\/v2\/posts"}],"about":[{"href":"https:\/\/www.europesays.com\/fr\/wp-json\/wp\/v2\/types\/post"}],"author":[{"embeddable":true,"href":"https:\/\/www.europesays.com\/fr\/wp-json\/wp\/v2\/users\/2"}],"replies":[{"embeddable":true,"href":"https:\/\/www.europesays.com\/fr\/wp-json\/wp\/v2\/comments?post=234235"}],"version-history":[{"count":0,"href":"https:\/\/www.europesays.com\/fr\/wp-json\/wp\/v2\/posts\/234235\/revisions"}],"wp:featuredmedia":[{"embeddable":true,"href":"https:\/\/www.europesays.com\/fr\/wp-json\/wp\/v2\/media\/234236"}],"wp:attachment":[{"href":"https:\/\/www.europesays.com\/fr\/wp-json\/wp\/v2\/media?parent=234235"}],"wp:term":[{"taxonomy":"category","embeddable":true,"href":"https:\/\/www.europesays.com\/fr\/wp-json\/wp\/v2\/categories?post=234235"},{"taxonomy":"post_tag","embeddable":true,"href":"https:\/\/www.europesays.com\/fr\/wp-json\/wp\/v2\/tags?post=234235"}],"curies":[{"name":"wp","href":"https:\/\/api.w.org\/{rel}","templated":true}]}}