{"id":234237,"date":"2025-07-08T04:14:14","date_gmt":"2025-07-08T04:14:14","guid":{"rendered":"https:\/\/www.europesays.com\/fr\/234237\/"},"modified":"2025-07-08T04:14:14","modified_gmt":"2025-07-08T04:14:14","slug":"mulhouse-le-maitre-du-thriller-cedric-sire-parrain-de-la-tres-noire-13e-edition-du-festival-sans-nom","status":"publish","type":"post","link":"https:\/\/www.europesays.com\/fr\/234237\/","title":{"rendered":"Mulhouse. Le ma\u00eetre du thriller C\u00e9dric Sire parrain de la tr\u00e8s noire 13e \u00e9dition du Festival sans nom"},"content":{"rendered":"<p>Une 13e \u00e9dition\u00a0? Pour les organisateurs du Festival sans nom (FSN), c\u2019est plut\u00f4t un signe porte-bonheur qu\u2019une annonce de grand malheur. S\u2019il en \u00e9tait besoin, ils ont choisi C\u00e9dric Sire comme parrain de cette rencontre litt\u00e9raire autour du polar, qui se tiendra les 18 et 19\u00a0octobre prochains \u00e0 la Fonderie \u00e0 Mulhouse. Comme les chats, cet auteur, aujourd\u2019hui incontournable, a eu plusieurs vies.<\/p>\n<p>Apr\u00e8s des \u00e9tudes d\u2019anglais et un travail dans l\u2019\u00e9dition et dans la traduction, C\u00e9dric Sire, toulousain n\u00e9 en 1974, s\u2019est lanc\u00e9 dans l\u2019\u00e9criture fa\u00e7on Stephen King ou Edgar Allan Poe, m\u00ealant all\u00e8grement thriller et univers fantastique \u2013 il signait alors ses romans sous le nom de Sire C\u00e9dric. S\u2019installant d\u00e9sormais dans le thriller, il a repris en 2018 son nom, C\u00e9dric Sire. Il vient de publier Survivantes.<\/p>\n<p>  Des fondamentaux<\/p>\n<p>Toujours pour conjurer le sort, cette grande f\u00eate du polar maintient toutes <a href=\"https:\/\/www.dna.fr\/culture-loisirs\/2024\/10\/12\/au-festival-sans-nom-le-crime-est-leur-affaire\" target=\"_blank\" rel=\"noopener\">les caract\u00e9ristiques qui ont fait sa renomm\u00e9e<\/a>\u00a0: trente auteurs et pas un de plus pour garantir une taille humaine \u00e0 cette rencontre\u00a0; un savant m\u00e9lange entre des plumes connues et de jeunes auteurs et des ouvrages sortis dans l\u2019ann\u00e9e pour ouvrir le champ des d\u00e9couvertes (l\u2019an pass\u00e9, <a href=\"https:\/\/www.dna.fr\/culture-loisirs\/2025\/01\/30\/vera-bien-qui-rira-le-dernier\" target=\"_blank\" rel=\"noopener\">le roman d\u2019Henri Loevenbruck<\/a> \u00e9tait sorti la veille du festival)\u00a0; des tables rondes pour favoriser des \u00e9changes de qualit\u00e9 avec le public\u00a0; une organisation fa\u00e7on festival et pas foire aux livres,\u00a0etc. Avec, \u00e9videmment, un engagement sans faille des b\u00e9n\u00e9voles.<\/p>\n<p>  Salvatore Minni\u00a0: \u00ab\u00a0Et puis j\u2019ai \u00e9t\u00e9 invit\u00e9\u2026\u00a0\u00bb<\/p>\n<p>\u00ab\u00a0La premi\u00e8re fois qu\u2019un copain m\u2019a parl\u00e9 du Festival sans nom, avec un nom pareil, j\u2019\u00e9tais sceptique. Mais tous ceux qui en revenaient \u00e9taient enchant\u00e9s. Et \u00e0 force de tourner, ce nom est devenu normal, le festival s\u2019est fait un nom. Et puis j\u2019ai \u00e9t\u00e9 invit\u00e9 l\u2019an pass\u00e9. J\u2019ai \u00e9t\u00e9 pris en charge du d\u00e9but \u00e0 la fin par une b\u00e9n\u00e9vole avec beaucoup de bienveillance, on est super bien trait\u00e9 et l\u2019organisation est top. J\u2019aurais \u00e9t\u00e9 une star comme <a href=\"https:\/\/www.dna.fr\/culture-loisirs\/2024\/08\/01\/enfer-blanc\" target=\"_blank\" rel=\"noopener\">Franck Thilliez<\/a>, je n\u2019aurais pas pu \u00eatre mieux trait\u00e9\u00a0! On a le sentiment de faire partie d\u2019une famille. En plus, il y a des lecteurs, on peut faire vivre nos livres\u00a0\u00bb, raconte Salvatore Minni, qui participait r\u00e9cemment \u00e0 un d\u00e9jeuner litt\u00e9raire de l\u2019association, tout heureux d\u2019\u00eatre r\u00e9invit\u00e9 en 2025.<\/p>\n<p>  Des pistes de lectures pour l\u2019\u00e9t\u00e9<\/p>\n<p>En attendant le grand jour, l\u2019association du FSN, qui a d\u00e9j\u00e0 d\u00e9voil\u00e9 l\u2019affiche de cette 13e\u00a0\u00e9dition (avec la tour de l\u2019Europe dans la nuit et un myst\u00e9rieux chat noir), a commenc\u00e9 \u00e0 d\u00e9voiler les noms des autres auteurs invit\u00e9s et le titre qu\u2019ils viendront pr\u00e9senter. Pour les habitu\u00e9s, il y aura des retrouvailles et des d\u00e9couvertes avec des auteurs comme Nicolas Lebel (La ruche), Eric Giacometti (Les \u00e9veill\u00e9es), Barbara Abel (Comme si de rien n\u2019\u00e9tait), Olivier Norek (Les guerriers de l\u2019hiver), Johana Gustawsson (Les morsures du silence), Anouk Shutterberg (In extremis), Jean-Luc Bizien (le 3e\u00a0tome des Enqu\u00eates de l\u2019ali\u00e9niste) ou Alexis Laipsker (\u00c0\u00a0couper le souffle). Une mine d\u2019or pour tous ceux qui cherchent des id\u00e9es de romans \u00e0 glisser dans les valises pour frissonner pendant les vacances.<\/p>\n<p class=\"insetTitle\">Comment le festival choisi son parrain<\/p>\n<p>Tous les ans, le Festival sans nom se cherche un parrain. Cette ann\u00e9e, les organisateurs ont port\u00e9 leur choix sur C\u00e9dric Sire. \u00ab\u00a0D\u00e9j\u00e0, il a sorti un livre cette ann\u00e9e, Survivantes, ce qui colle avec nos crit\u00e8res. L\u2019an dernier, nous avions <a href=\"https:\/\/www.dna.fr\/culture-loisirs\/2021\/10\/23\/video-claire-favan-le-festival-sans-nom-fait-partie-de-ces-salons-qui-font-plaisir\" target=\"_blank\" rel=\"noopener\">Claire Favan<\/a>, nous avons aussi cherch\u00e9 \u00e0 alterner\u00a0[entre une femme et un homme] \u00bb, indique Thomas Rauser, membre du comit\u00e9 d\u2019organisation. \u00ab\u00a0C\u2019est un auteur que nous avons d\u00e9j\u00e0 invit\u00e9 plusieurs fois, il attire \u00e0 chaque fois beaucoup de monde. Pour nous, c\u2019est important que le parrain ait une certaine stature\u00a0; C\u00e9dric Sire a cette carrure, il peut incarner le festival.\u00a0\u00bb<\/p>\n<p class=\"insetTitle\">Appel au m\u00e9c\u00e9nat<\/p>\n<p>Le Festival sans nom, c\u2019est un budget global de 70\u00a0000\u00a0\u20ac par an. Un budget qui se construit notamment gr\u00e2ce aux m\u00e9c\u00e8nes. \u00ab\u00a0Aujourd\u2019hui, pour faire vivre le festival, nous recherchons de nouveaux m\u00e9c\u00e8nes\u00a0\u00bb, indique Dominique Meunier, pr\u00e9sident de l\u2019association qui porte ce rendez-vous mulhousien du polar. Et de pr\u00e9ciser\u00a0: \u00ab\u00a0On peut m\u00eame remettre un re\u00e7u fiscal.\u00a0\u00bb Pour 20\u00a0\u20ac par an, il est aussi possible de soutenir l\u2019association en devant adh\u00e9rent.<\/p>\n<p class=\"note\">Pour soutenir le festival, rendez-vous sur www.festival-sans-nom.fr\/adhesion ou par mail\u00a0: festivalsansnom@gmail.com<\/p>\n","protected":false},"excerpt":{"rendered":"Une 13e \u00e9dition\u00a0? Pour les organisateurs du Festival sans nom (FSN), c\u2019est plut\u00f4t un signe porte-bonheur qu\u2019une annonce&hellip;\n","protected":false},"author":2,"featured_media":234238,"comment_status":"","ping_status":"","sticky":false,"template":"","format":"standard","meta":{"footnotes":""},"categories":[1357],"tags":[1379,6211,1687,58,1636,59,107,1685,1011,27,3035,1380,2410,1634,5486,1635,104,1631],"class_list":{"0":"post-234237","1":"post","2":"type-post","3":"status-publish","4":"format-standard","5":"has-post-thumbnail","7":"category-livres","8":"tag-books","9":"tag-conference","10":"tag-culture-loisirs","11":"tag-divertissement","12":"tag-edition-mulhouse-thann","13":"tag-entertainment","14":"tag-fil-info","15":"tag-foire-et-salon","16":"tag-fr","17":"tag-france","18":"tag-la-matinale-strasbourg","19":"tag-livres","20":"tag-livres-bd","21":"tag-mulhouse","22":"tag-rencontre","23":"tag-secteur-de-mulhouse","24":"tag-societe","25":"tag-vie-associative"},"share_on_mastodon":{"url":"https:\/\/pubeurope.com\/@fr\/114815674868562893","error":""},"_links":{"self":[{"href":"https:\/\/www.europesays.com\/fr\/wp-json\/wp\/v2\/posts\/234237","targetHints":{"allow":["GET"]}}],"collection":[{"href":"https:\/\/www.europesays.com\/fr\/wp-json\/wp\/v2\/posts"}],"about":[{"href":"https:\/\/www.europesays.com\/fr\/wp-json\/wp\/v2\/types\/post"}],"author":[{"embeddable":true,"href":"https:\/\/www.europesays.com\/fr\/wp-json\/wp\/v2\/users\/2"}],"replies":[{"embeddable":true,"href":"https:\/\/www.europesays.com\/fr\/wp-json\/wp\/v2\/comments?post=234237"}],"version-history":[{"count":0,"href":"https:\/\/www.europesays.com\/fr\/wp-json\/wp\/v2\/posts\/234237\/revisions"}],"wp:featuredmedia":[{"embeddable":true,"href":"https:\/\/www.europesays.com\/fr\/wp-json\/wp\/v2\/media\/234238"}],"wp:attachment":[{"href":"https:\/\/www.europesays.com\/fr\/wp-json\/wp\/v2\/media?parent=234237"}],"wp:term":[{"taxonomy":"category","embeddable":true,"href":"https:\/\/www.europesays.com\/fr\/wp-json\/wp\/v2\/categories?post=234237"},{"taxonomy":"post_tag","embeddable":true,"href":"https:\/\/www.europesays.com\/fr\/wp-json\/wp\/v2\/tags?post=234237"}],"curies":[{"name":"wp","href":"https:\/\/api.w.org\/{rel}","templated":true}]}}