{"id":234245,"date":"2025-07-08T04:19:13","date_gmt":"2025-07-08T04:19:13","guid":{"rendered":"https:\/\/www.europesays.com\/fr\/234245\/"},"modified":"2025-07-08T04:19:13","modified_gmt":"2025-07-08T04:19:13","slug":"les-infos-du-jour-des-recrues-a-lasse-et-a-lens-larabie-saoudite-relance-lionel-messi-but-football-club","status":"publish","type":"post","link":"https:\/\/www.europesays.com\/fr\/234245\/","title":{"rendered":"Les infos du jour : Des recrues \u00e0 l\u2019ASSE et \u00e0 Lens, l\u2019Arabie saoudite relance Lionel Messi &#8211; But! Football Club"},"content":{"rendered":"<ol>\n<li><a href=\"https:\/\/news.google.com\/rss\/articles\/CBMiuAFBVV95cUxPTDBCc3lFVndLRmZhajdad1V6LVR0bW9hVF9yeXFZS0VKRkNjTU80RFdBOHN6RU96dC1TX2JkRVh0OWtxREZtblF0amJjcnhhMm9KVWtyUTFOLVFtcXZJRXEtR01Ub0NIVmtEVDlRa21GSzBrcFp5R3ZkVEhzaFBCUGFXWW4xZ3VobG1ILTZQTTNBdEh2bzROV19HcU9tTmRMQUI1TE5KQy1VLXVxc092Z3pTX1FLdVky?oc=5\" target=\"_blank\" rel=\"nofollow noopener\">Les infos du jour : Des recrues \u00e0 l\u2019ASSE et \u00e0 Lens, l\u2019Arabie saoudite relance Lionel Messi<\/a>&nbsp;&nbsp;But! Football Club<\/li>\n<li><a href=\"https:\/\/news.google.com\/rss\/articles\/CBMifkFVX3lxTFBkVlc3c2hibXpfdXZteVpQMFJSOW1OYmgtSEh1eHU5QzNoN3hpX2ZCWUF5YTExRDBubzdlb0prNTcwQUN2bW5jVTlIX2RjZzJkeEV2bXhVMkt1WlVhc3hXSzg2VVVzSmVJZ3l2ckdSeHoycDRLYk1xWS1GMTA1UQ?oc=5\" target=\"_blank\" rel=\"nofollow noopener\">Entra\u00eenement : La premi\u00e8re s\u00e9ance de Chico Lamba !<\/a>&nbsp;&nbsp;ASSE<\/li>\n<li><a href=\"https:\/\/news.google.com\/rss\/articles\/CBMizwFBVV95cUxNUVNyQ3J2TG1JYThUUHBCemtFTS0wN0lrTGNNSEY3OTAzRjg4U182MExRNWswOFFQbzhiZjBWbko1MktDbEs0MVR3d0hWNWUyMXFnUXpGVVJzc2JJbFVQWmEyMFEyeVNtTlNVRUNOVG5hOUlzYUpaZzh6MzlXZmF4cVZWVmk0S1JsdHVHVFdPR0dPU1EyalV5Q09SY2hJeG9WSUlLdFBWU2RqT3BmSUNOMmdsRm41WE5PTVdYYUgtR3dzZm1LRnlveHNSajBlREE?oc=5\" target=\"_blank\" rel=\"nofollow noopener\">\u00ab Il sera t\u00f4t ou tard en s\u00e9lection du Portugal \u00bb : qui est Chico Lamba, nouveau d\u00e9fenseur de l\u2019ASSE ?<\/a>&nbsp;&nbsp;Le Progr\u00e8s<\/li>\n<li><a href=\"https:\/\/news.google.com\/rss\/articles\/CBMiiwFBVV95cUxPZWYzTnh0RjZubUc1VWVkZHU3ZjJ4cDE0WDZ0bE40TGc1dGtnNWlfcWlzd0RTTDZhQlFjZjF4dzVMOWwxVV91Wk95anFaSjRtOERtQjFJUFhFbWxJNXlXcGFFSDVUdU1tbUpDdVg1ZU1iSWY4OGtHUU9sekVaVE41VFlGdUlWbGVKRTFF?oc=5\" target=\"_blank\" rel=\"nofollow noopener\">Gros coup de l\u2019ASSE, sensation sur le mercato !<\/a>&nbsp;&nbsp;LiveFoot<\/li>\n<li><a href=\"https:\/\/news.google.com\/rss\/articles\/CBMiwgFBVV95cUxPZHNFNlQ5SUxFWWF3eTRuaVgyZVgyRGkza0tYNUJXMXBZd29qQTNBZGdSTERUZV9USzZBY1ltcGhfem91OGY4Yk9ZR1l1Tmh4djhvbzlIcjVtdkU4V0JSR2lSV0VfM3dva1NwcEUxMVducWpxUW5zeFRoMF9obHRrV2lFVWdvaVFqckRiWGZnYnNXbUZEaXdkQnhoemxEUnBMSnh5Nm5OV0w0dURQZmNKMDZVbHktLXVZdEZ0blZqTUtTZw?oc=5\" target=\"_blank\" rel=\"nofollow noopener\">Horneland : \u00ab\u00a0Chico fait partie des meilleurs joueurs de sa g\u00e9n\u00e9ration\u00a0\u00bb &#8211; ASSE<\/a>&nbsp;&nbsp;EVECT.fr<\/li>\n<\/ol>\n","protected":false},"excerpt":{"rendered":"Les infos du jour : Des recrues \u00e0 l\u2019ASSE et \u00e0 Lens, l\u2019Arabie saoudite relance Lionel Messi&nbsp;&nbsp;But! Football&hellip;\n","protected":false},"author":2,"featured_media":234246,"comment_status":"","ping_status":"","sticky":false,"template":"","format":"standard","meta":{"footnotes":""},"categories":[9],"tags":[11,448,63,1011,27,66,3388,12,60,10662],"class_list":{"0":"post-234245","1":"post","2":"type-post","3":"status-publish","4":"format-standard","5":"has-post-thumbnail","7":"category-sports","8":"tag-actualites","9":"tag-champions-league","10":"tag-football","11":"tag-fr","12":"tag-france","13":"tag-ligue-1","14":"tag-matchs","15":"tag-news","16":"tag-sports","17":"tag-transferts"},"share_on_mastodon":{"url":"https:\/\/pubeurope.com\/@fr\/114815694513567199","error":""},"_links":{"self":[{"href":"https:\/\/www.europesays.com\/fr\/wp-json\/wp\/v2\/posts\/234245","targetHints":{"allow":["GET"]}}],"collection":[{"href":"https:\/\/www.europesays.com\/fr\/wp-json\/wp\/v2\/posts"}],"about":[{"href":"https:\/\/www.europesays.com\/fr\/wp-json\/wp\/v2\/types\/post"}],"author":[{"embeddable":true,"href":"https:\/\/www.europesays.com\/fr\/wp-json\/wp\/v2\/users\/2"}],"replies":[{"embeddable":true,"href":"https:\/\/www.europesays.com\/fr\/wp-json\/wp\/v2\/comments?post=234245"}],"version-history":[{"count":0,"href":"https:\/\/www.europesays.com\/fr\/wp-json\/wp\/v2\/posts\/234245\/revisions"}],"wp:featuredmedia":[{"embeddable":true,"href":"https:\/\/www.europesays.com\/fr\/wp-json\/wp\/v2\/media\/234246"}],"wp:attachment":[{"href":"https:\/\/www.europesays.com\/fr\/wp-json\/wp\/v2\/media?parent=234245"}],"wp:term":[{"taxonomy":"category","embeddable":true,"href":"https:\/\/www.europesays.com\/fr\/wp-json\/wp\/v2\/categories?post=234245"},{"taxonomy":"post_tag","embeddable":true,"href":"https:\/\/www.europesays.com\/fr\/wp-json\/wp\/v2\/tags?post=234245"}],"curies":[{"name":"wp","href":"https:\/\/api.w.org\/{rel}","templated":true}]}}