{"id":234247,"date":"2025-07-08T04:20:12","date_gmt":"2025-07-08T04:20:12","guid":{"rendered":"https:\/\/www.europesays.com\/fr\/234247\/"},"modified":"2025-07-08T04:20:12","modified_gmt":"2025-07-08T04:20:12","slug":"jean-michel-maire-kelly-vedovelli-beatrice-rosen-cyril-hanouna-ne-les-reprend-pas-sur-w9","status":"publish","type":"post","link":"https:\/\/www.europesays.com\/fr\/234247\/","title":{"rendered":"Jean-Michel Maire, Kelly Vedovelli, B\u00e9atrice Rosen\u2026 Cyril Hanouna ne les reprend pas sur W9 ?"},"content":{"rendered":"<p>Si le mercato a \u00e9t\u00e9 particuli\u00e8rement cruel sur France t\u00e9l\u00e9visions, \u00e0 l&rsquo;approche du break estival, attendez de d\u00e9couvrir qui <strong>va quitter la bande de Cyril Hanouna \u00e0 la rentr\u00e9e prochaine&#8230;<\/strong><\/p>\n<p>Comme on le sait depuis plusieurs mois et la fermeture de C8, Baba s&rsquo;appr\u00eate \u00e0 faire un nouveau bout de chemin sur une autre cha\u00eene. Le groupe M6, sur W9, va recevoir son \u00e9mission \u00ab\u00a0Tout beau, tout 9\u00a0\u00bb, en septembre 2025. <\/p>\n<p>Et malheureusement, certains fid\u00e8les du patron n&rsquo;auront pas leur badge. Comme le r\u00e9v\u00e8le ce 7 juillet 2025 Cl\u00e9ment Garin, <strong>Cyril Hanouna a \u00e9cart\u00e9 certains amis au profit de nouvelles recrues.<\/strong><\/p>\n<p>Cyril Hanouna se s\u00e9pare de grands fid\u00e8les<\/p>\n<p>C&rsquo;est ainsi qu&rsquo;on apprend, toujours selon le sp\u00e9cialiste m\u00e9dias, que \u00ab\u00a0<strong>Jean-Michel Maire et Kelly Vedovelli quittent bel et bien la bande\u00a0\u00bb<\/strong>. Il ajoute par ailleurs que le journaliste a d\u00e9cid\u00e9 de partir vivre en Tha\u00eflande, d\u00e8s \u00e0 pr\u00e9sent.<\/p>\n<p>L&rsquo;an prochain, <a href=\"https:\/\/www.public.fr\/bernard-montiel-et-cyril-hanouna-cest-fini-le-chroniqueur-debarquerait-sur-france-televisions\" target=\"_blank\" rel=\"noopener\">on devra aussi faire sans Bernard Montiel,<\/a> Sasha Elbaz, Thomas Gu\u00e9nol\u00e9, Danielle Moreau et Guillaume Genton. <a href=\"https:\/\/vsd.fr\/78581-cetait-un-peu-pretentieux-benjamin-castaldi-revient-sur-lechec-de-sa-matinale\/\" target=\"_blank\" rel=\"noopener\">Par ailleurs, concernant Benjamin Castaldi,<\/a> Cl\u00e9ment Garin assure que \u00ab\u00a0l\u2019hypoth\u00e8se d\u2019un retour est encore sur la table mais n\u2019est pas arr\u00eat\u00e9e\u00a0\u00bb. <\/p>\n<p>Il n&rsquo;a jamais cach\u00e9 son souhait de revenir travailler pour et avec Cyril Hanouna, apr\u00e8s la fin de sa matinale sur Europe 2, il y a quelques mois. <strong>L\u00e0 o\u00f9 \u00e7a pourrait coincer avec la direction,<\/strong> c&rsquo;est que Casta a quitt\u00e9 M6, avec perte et fracas, il y a 20 ans.<\/p>\n<p>Qui sera l\u00e0 dans \u00ab\u00a0Tout beau, tout 9\u00a0\u00bb ?<\/p>\n<p><strong>Sont confirm\u00e9s<\/strong> Gilles Verdez, Isabelle Morini-Bosc, Raymond Aabou, Olivier Dartigolles, Michel Mary, Jordan de Luxe, G\u00e9raldine Maillet et Val\u00e9rie B\u00e9na\u00efm et Polska. On parle \u00e9galement de petits nouveaux comme Norbert Tarayre, Jade Leboeuf et J\u00e9r\u00f4me Anthony. <\/p>\n<p>Cyril Hanouna qui <strong>a l&rsquo;habitude de faire des tests, en d\u00e9but d&rsquo;ann\u00e9e<\/strong>, verra d\u00e9filer Nelson Monfort, son ami Philippe Candeloro ainsi que Gennifer Demey. Pour ce qui est de <a href=\"https:\/\/www.public.fr\/tout-beau-tout-9-cyril-hanouna-recrute-une-ancienne-ministre-du-gouvernement-macron\" target=\"_blank\" rel=\"noopener\">Marl\u00e8ne Schiappa, elle aurait d&rsquo;ores et d\u00e9j\u00e0 sign\u00e9 pour deux jours par semaine.<\/a><\/p>\n<p>      Mentionn\u00e9s dans cet article<\/p>\n<p>\u00c0 lire aussi<\/p>\n","protected":false},"excerpt":{"rendered":"Si le mercato a \u00e9t\u00e9 particuli\u00e8rement cruel sur France t\u00e9l\u00e9visions, \u00e0 l&rsquo;approche du break estival, attendez de d\u00e9couvrir&hellip;\n","protected":false},"author":2,"featured_media":234248,"comment_status":"","ping_status":"","sticky":false,"template":"","format":"standard","meta":{"footnotes":""},"categories":[8],"tags":[58,59,1011,27,37300,1675,549,22498,22497,2395],"class_list":{"0":"post-234247","1":"post","2":"type-post","3":"status-publish","4":"format-standard","5":"has-post-thumbnail","7":"category-divertissement","8":"tag-divertissement","9":"tag-entertainment","10":"tag-fr","11":"tag-france","12":"tag-jean-michel-maire","13":"tag-kelly-vedovelli","14":"tag-touche-pas-a-mon-poste","15":"tag-tout-9-tbt9","16":"tag-tout-beau","17":"tag-w9"},"share_on_mastodon":{"url":"https:\/\/pubeurope.com\/@fr\/114815698681910024","error":""},"_links":{"self":[{"href":"https:\/\/www.europesays.com\/fr\/wp-json\/wp\/v2\/posts\/234247","targetHints":{"allow":["GET"]}}],"collection":[{"href":"https:\/\/www.europesays.com\/fr\/wp-json\/wp\/v2\/posts"}],"about":[{"href":"https:\/\/www.europesays.com\/fr\/wp-json\/wp\/v2\/types\/post"}],"author":[{"embeddable":true,"href":"https:\/\/www.europesays.com\/fr\/wp-json\/wp\/v2\/users\/2"}],"replies":[{"embeddable":true,"href":"https:\/\/www.europesays.com\/fr\/wp-json\/wp\/v2\/comments?post=234247"}],"version-history":[{"count":0,"href":"https:\/\/www.europesays.com\/fr\/wp-json\/wp\/v2\/posts\/234247\/revisions"}],"wp:featuredmedia":[{"embeddable":true,"href":"https:\/\/www.europesays.com\/fr\/wp-json\/wp\/v2\/media\/234248"}],"wp:attachment":[{"href":"https:\/\/www.europesays.com\/fr\/wp-json\/wp\/v2\/media?parent=234247"}],"wp:term":[{"taxonomy":"category","embeddable":true,"href":"https:\/\/www.europesays.com\/fr\/wp-json\/wp\/v2\/categories?post=234247"},{"taxonomy":"post_tag","embeddable":true,"href":"https:\/\/www.europesays.com\/fr\/wp-json\/wp\/v2\/tags?post=234247"}],"curies":[{"name":"wp","href":"https:\/\/api.w.org\/{rel}","templated":true}]}}