{"id":234251,"date":"2025-07-08T04:22:10","date_gmt":"2025-07-08T04:22:10","guid":{"rendered":"https:\/\/www.europesays.com\/fr\/234251\/"},"modified":"2025-07-08T04:22:10","modified_gmt":"2025-07-08T04:22:10","slug":"trump-annonce-au-moins-25-de-surtaxe-sur-les-produits-dune-douzaine-de-pays-dont-le-japon-actualites","status":"publish","type":"post","link":"https:\/\/www.europesays.com\/fr\/234251\/","title":{"rendered":"Trump annonce au moins 25% de surtaxe sur les produits d&rsquo;une douzaine de pays, dont le Japon : Actualit\u00e9s"},"content":{"rendered":"<p class=\"lead \">Le pr\u00e9sident am\u00e9ricain Donald Trump a promis lundi une surtaxe douani\u00e8re d&rsquo;au moins 25% \u00e0 plusieurs pays, dont le Japon et la Cor\u00e9e du Sud, nouvelle \u00e9tape dans son offensive bouleversant les \u00e9changes \u00e9conomiques internationaux.<\/p>\n<p class=\"lead \">Le dirigeant a distill\u00e9 pendant la journ\u00e9e, sur sa plateforme Truth Social, 14 lettres quasiment identiques envoy\u00e9es \u00e0 plusieurs capitales, de Tunis \u00e0 Bangkok en passant par Astana.<\/p>\n<p class=\"lead \">Le montant de la surtaxe qu&rsquo;il compte appliquer sur leurs produits, \u00e0 compter du 1er ao\u00fbt, varie: de 25% (Japon, Cor\u00e9e du Sud, Tunisie notamment) \u00e0 36% (Cambodge et Tha\u00eflande) et jusqu&rsquo;\u00e0 40% (Laos et Birmanie).<\/p>\n<p class=\"lead \">Les courriers soulignent que si des biens sont estampill\u00e9s en provenance de ces pays, mais proviennent en r\u00e9alit\u00e9 d&rsquo;ailleurs, une surtaxe \u00ab\u00a0plus \u00e9lev\u00e9e\u00a0\u00bb s&rsquo;appliquera, sans que le montant soit donn\u00e9.<\/p>\n<p class=\"lead \">Il est aussi assur\u00e9 que toute riposte sera sanctionn\u00e9e par une surtaxe additionnelle de m\u00eame ampleur.<\/p>\n<p class=\"lead \">Les droits de douane, pay\u00e9s par les importateurs, rench\u00e9riront vraisemblablement les prix sur le sol am\u00e9ricain.<\/p>\n<p class=\"lead \">Donald Trump avait annonc\u00e9 qu&rsquo;il enverrait lundi une premi\u00e8re s\u00e9rie de 12 \u00e0 15 lettres, \u00e0 autant de partenaires commerciaux, mentionnant la surtaxe qu&rsquo;il compte mettre en place sur leurs produits.<\/p>\n<p class=\"lead \">Il avait pr\u00e9c\u00e9demment programm\u00e9 l&rsquo;entr\u00e9e en vigueur de ces droits de douane additionnels \u00e0 mercredi, mais a repouss\u00e9 l&rsquo;\u00e9ch\u00e9ance au 1er ao\u00fbt via un d\u00e9cret pr\u00e9sidentiel publi\u00e9 lundi soir.<\/p>\n<p class=\"lead \">Une partie des annonces ont \u00e9t\u00e9 faites alors que la Bourse de New York \u00e9tait ouverte. Wall Street a termin\u00e9 en baisse sans pour autant s&rsquo;effondrer.<\/p>\n<p class=\"lead \">&#8211; Sus aux d\u00e9ficits &#8211;<\/p>\n<p class=\"lead \">Depuis son retour \u00e0 la Maison Blanche en janvier, le milliardaire r\u00e9publicain a fait des droits de douane un axe central de sa politique \u00e9conomique: levier de n\u00e9gociation pour obtenir des concessions de l&rsquo;ext\u00e9rieur, moyen de d\u00e9fendre l&rsquo;industrie nationale ou encore source de nouvelles recettes publiques.<\/p>\n<p class=\"lead \">Il d\u00e9teste l&rsquo;id\u00e9e que les Etats-Unis aient des d\u00e9ficits commerciaux, c&rsquo;est-\u00e0-dire qu&rsquo;ils importent plus de marchandises en provenance d&rsquo;un pays qu&rsquo;ils n&rsquo;exportent vers ce pays.<\/p>\n<p class=\"lead \">Il menace ainsi, depuis avril, des dizaines de partenaires commerciaux de droits de douane punitifs pour r\u00e9\u00e9quilibrer les \u00e9changes. <\/p>\n<p class=\"lead \">Et il a d\u00e9j\u00e0 instaur\u00e9 une surtaxe plancher de 10% sur la plupart des produits entrant aux Etats-Unis et mis en place des droits de douane sp\u00e9cifiques sur certains secteurs (50% sur l&rsquo;acier et l&rsquo;aluminium, 25% sur l&rsquo;automobile).<\/p>\n<p class=\"lead \">&#8211; Pas \u00ab\u00a0d&#8217;empereur\u00a0\u00bb &#8211;<\/p>\n<p class=\"lead \">Le ministre am\u00e9ricain des Finances Scott Bessent, en pointe des n\u00e9gociations \u00e0 Washington, a assur\u00e9 lundi sur la cha\u00eene de t\u00e9l\u00e9vision CNBC que \u00ab\u00a0plusieurs accords\u00a0\u00bb seraient annonc\u00e9s \u00ab\u00a0dans les prochaines 48 heures\u00a0\u00bb.<\/p>\n<p class=\"lead \">\u00ab\u00a0Ma messagerie \u00e9tait pleine de nouvelles propositions (des partenaires commerciaux des Etats-Unis, NDLR) hier (dimanche, NDLR) soir\u00a0\u00bb, a-t-il ajout\u00e9.<\/p>\n<p class=\"lead \">Lors d&rsquo;une r\u00e9union \u00e0 Washington lundi entre le secr\u00e9taire d&rsquo;Etat Marco Rubio et le conseiller sud-cor\u00e9en \u00e0 la s\u00e9curit\u00e9 nationale Wi Sung-lac, les Etats-Unis ont dit esp\u00e9rer qu&rsquo;un accord commercial soit conclu avec S\u00e9oul avant le 1er ao\u00fbt au moyen d&rsquo;une \u00ab\u00a0communication \u00e9troite\u00a0\u00bb, selon un communiqu\u00e9 de la pr\u00e9sidence sud-cor\u00e9enne.<\/p>\n<p class=\"lead \">Le Premier ministre tha\u00eflandais par int\u00e9rim, Phumtham Wechayachai, a pour sa part indiqu\u00e9 mardi qu&rsquo;il souhaitait un \u00ab\u00a0meilleur accord\u00a0\u00bb avec les Etats-Unis, qui menacent d&rsquo;appliquer une surtaxe de 36% sur les produits tha\u00eflandais.<\/p>\n<p class=\"lead \">L&rsquo;Union europ\u00e9enne (UE) a rapport\u00e9 lundi qu&rsquo;un \u00ab\u00a0bon \u00e9change\u00a0\u00bb t\u00e9l\u00e9phonique s&rsquo;\u00e9tait tenu la veille entre la pr\u00e9sidente de la Commission europ\u00e9enne Ursula von der Leyen et Donald Trump.<\/p>\n<p class=\"lead \">L&rsquo;Indon\u00e9sie a annonc\u00e9 de son c\u00f4t\u00e9 qu&rsquo;elle s&rsquo;engageait \u00e0 importer au moins un million de tonnes de bl\u00e9 am\u00e9ricain par an pendant les cinq prochaines ann\u00e9es, pour un montant de 1,25 milliard de dollars.<\/p>\n<p class=\"lead \">Cela ne l&rsquo;a pas pr\u00e9munie de la surtaxe de 32%, pr\u00e9vue par Washington depuis avril et confirm\u00e9e lundi dans la lettre de Donald Trump.<\/p>\n<p class=\"lead \">Celui-ci avait annonc\u00e9 la semaine derni\u00e8re un accord avec Hano\u00ef, pr\u00e9sent\u00e9 comme favorable aux int\u00e9r\u00eats am\u00e9ricains: une surtaxe de 20% sur les produits vietnamiens (au lieu des 46% affich\u00e9s en avril) entrant aux Etats-Unis, et en \u00e9change \u00ab\u00a0z\u00e9ro\u00a0\u00bb droit de douane au Vietnam sur les biens en provenance des Etats-Unis.<\/p>\n<p class=\"lead \">Le pr\u00e9sident am\u00e9ricain a par ailleurs menac\u00e9 les pays du groupe Brics (comportant notamment Br\u00e9sil, Chine, Inde, Russie et Afrique du Sud), r\u00e9unis \u00e0 Rio de Janeiro, d&rsquo;une surtaxe suppl\u00e9mentaire de 10%, apr\u00e8s qu&rsquo;ils eurent critiqu\u00e9 son offensive douani\u00e8re.<\/p>\n<p class=\"lead \">Les Brics ne veulent pas d&rsquo;un \u00ab\u00a0empereur\u00a0\u00bb, a protest\u00e9 lundi le pr\u00e9sident br\u00e9silien Luiz Inacio Lula da Silva.<\/p>\n<p class=\"small font-weight-bold text-gray3 \"> publi\u00e9 le 8 juillet \u00e0 05h45, AFP<\/p>\n<p>                             Partager<\/p>\n","protected":false},"excerpt":{"rendered":"Le pr\u00e9sident am\u00e9ricain Donald Trump a promis lundi une surtaxe douani\u00e8re d&rsquo;au moins 25% \u00e0 plusieurs pays, dont&hellip;\n","protected":false},"author":2,"featured_media":234252,"comment_status":"","ping_status":"","sticky":false,"template":"","format":"standard","meta":{"footnotes":""},"categories":[6],"tags":[13790,35,215,37301,312,2822,33,34,1011,27,2070,308],"class_list":{"0":"post-234251","1":"post","2":"type-post","3":"status-publish","4":"format-standard","5":"has-post-thumbnail","7":"category-economie","8":"tag-conomie","9":"tag-business","10":"tag-commerce","11":"tag-coresud","12":"tag-diplomatie","13":"tag-douanes","14":"tag-economie","15":"tag-economy","16":"tag-fr","17":"tag-france","18":"tag-japon","19":"tag-usa"},"share_on_mastodon":{"url":"https:\/\/pubeurope.com\/@fr\/114815706336597682","error":""},"_links":{"self":[{"href":"https:\/\/www.europesays.com\/fr\/wp-json\/wp\/v2\/posts\/234251","targetHints":{"allow":["GET"]}}],"collection":[{"href":"https:\/\/www.europesays.com\/fr\/wp-json\/wp\/v2\/posts"}],"about":[{"href":"https:\/\/www.europesays.com\/fr\/wp-json\/wp\/v2\/types\/post"}],"author":[{"embeddable":true,"href":"https:\/\/www.europesays.com\/fr\/wp-json\/wp\/v2\/users\/2"}],"replies":[{"embeddable":true,"href":"https:\/\/www.europesays.com\/fr\/wp-json\/wp\/v2\/comments?post=234251"}],"version-history":[{"count":0,"href":"https:\/\/www.europesays.com\/fr\/wp-json\/wp\/v2\/posts\/234251\/revisions"}],"wp:featuredmedia":[{"embeddable":true,"href":"https:\/\/www.europesays.com\/fr\/wp-json\/wp\/v2\/media\/234252"}],"wp:attachment":[{"href":"https:\/\/www.europesays.com\/fr\/wp-json\/wp\/v2\/media?parent=234251"}],"wp:term":[{"taxonomy":"category","embeddable":true,"href":"https:\/\/www.europesays.com\/fr\/wp-json\/wp\/v2\/categories?post=234251"},{"taxonomy":"post_tag","embeddable":true,"href":"https:\/\/www.europesays.com\/fr\/wp-json\/wp\/v2\/tags?post=234251"}],"curies":[{"name":"wp","href":"https:\/\/api.w.org\/{rel}","templated":true}]}}