{"id":234256,"date":"2025-07-08T04:25:12","date_gmt":"2025-07-08T04:25:12","guid":{"rendered":"https:\/\/www.europesays.com\/fr\/234256\/"},"modified":"2025-07-08T04:25:12","modified_gmt":"2025-07-08T04:25:12","slug":"dans-le-chaos-et-le-vent-les-belges-ont-vacille-sauf-tim-merlier-actualite","status":"publish","type":"post","link":"https:\/\/www.europesays.com\/fr\/234256\/","title":{"rendered":"Dans le chaos et le vent, les Belges ont vacill\u00e9, sauf Tim Merlier &#8211; Actualit\u00e9"},"content":{"rendered":"<p>            Dans le chaos et le vent, les Belges ont vacill\u00e9, sauf Tim Merlier &#8211; Actualit\u00e9 &#8211; DirectVelo<\/p>\n<p>        <a href=\"#mobile-search-modal\" class=\"close\" data-toggle=\"modal\"\/><br \/>\n        Rechercher<br \/>\n        une course, un coureur, une actualit\u00e9&#8230;<\/p>\n","protected":false},"excerpt":{"rendered":"Dans le chaos et le vent, les Belges ont vacill\u00e9, sauf Tim Merlier &#8211; Actualit\u00e9 &#8211; DirectVelo Rechercher&hellip;\n","protected":false},"author":2,"featured_media":234257,"comment_status":"","ping_status":"","sticky":false,"template":"","format":"standard","meta":{"footnotes":""},"categories":[2],"tags":[11,834,828,836,829,837,827,83,826,824,823,207,814,817,815,816,822,821,832,211,839,1011,27,820,818,819,12,835,831,830,833,838,212,208,825],"class_list":{"0":"post-234256","1":"post","2":"type-post","3":"status-publish","4":"format-standard","5":"has-post-thumbnail","7":"category-actualites","8":"tag-actualites","9":"tag-attaque","10":"tag-belgique","11":"tag-braquet","12":"tag-bretagne","13":"tag-chute","14":"tag-competition","15":"tag-coupe-de-france","16":"tag-coureur","17":"tag-course-cyclisme","18":"tag-course-cycliste","19":"tag-cyclisme","20":"tag-direct","21":"tag-direct-velo","22":"tag-directvelo","23":"tag-directvelo-com","24":"tag-epreuve","25":"tag-epreuve-cycliste","26":"tag-federation-francaise-de-cyclisme","27":"tag-ffc","28":"tag-flandres","29":"tag-fr","30":"tag-france","31":"tag-live","32":"tag-live-course","33":"tag-live-epreuve","34":"tag-news","35":"tag-peloton","36":"tag-radio-peloton","37":"tag-radio-tour","38":"tag-ravitaillement","39":"tag-relance","40":"tag-uci","41":"tag-velo","42":"tag-velos"},"share_on_mastodon":{"url":"https:\/\/pubeurope.com\/@fr\/114815718294881090","error":""},"_links":{"self":[{"href":"https:\/\/www.europesays.com\/fr\/wp-json\/wp\/v2\/posts\/234256","targetHints":{"allow":["GET"]}}],"collection":[{"href":"https:\/\/www.europesays.com\/fr\/wp-json\/wp\/v2\/posts"}],"about":[{"href":"https:\/\/www.europesays.com\/fr\/wp-json\/wp\/v2\/types\/post"}],"author":[{"embeddable":true,"href":"https:\/\/www.europesays.com\/fr\/wp-json\/wp\/v2\/users\/2"}],"replies":[{"embeddable":true,"href":"https:\/\/www.europesays.com\/fr\/wp-json\/wp\/v2\/comments?post=234256"}],"version-history":[{"count":0,"href":"https:\/\/www.europesays.com\/fr\/wp-json\/wp\/v2\/posts\/234256\/revisions"}],"wp:featuredmedia":[{"embeddable":true,"href":"https:\/\/www.europesays.com\/fr\/wp-json\/wp\/v2\/media\/234257"}],"wp:attachment":[{"href":"https:\/\/www.europesays.com\/fr\/wp-json\/wp\/v2\/media?parent=234256"}],"wp:term":[{"taxonomy":"category","embeddable":true,"href":"https:\/\/www.europesays.com\/fr\/wp-json\/wp\/v2\/categories?post=234256"},{"taxonomy":"post_tag","embeddable":true,"href":"https:\/\/www.europesays.com\/fr\/wp-json\/wp\/v2\/tags?post=234256"}],"curies":[{"name":"wp","href":"https:\/\/api.w.org\/{rel}","templated":true}]}}