{"id":234258,"date":"2025-07-08T04:26:11","date_gmt":"2025-07-08T04:26:11","guid":{"rendered":"https:\/\/www.europesays.com\/fr\/234258\/"},"modified":"2025-07-08T04:26:11","modified_gmt":"2025-07-08T04:26:11","slug":"saint-etienne-reste-le-combat-politique-de-ma-vie","status":"publish","type":"post","link":"https:\/\/www.europesays.com\/fr\/234258\/","title":{"rendered":"\u00ab\u00a0Saint-\u00c9tienne reste le combat politique de ma vie\u00a0\u00bb"},"content":{"rendered":"<blockquote class=\"question\"><p>Vous avez \u00e9t\u00e9 \u00e9lu d\u00e9put\u00e9 de la premi\u00e8re circonscription il y a un an. Quel regard portez-vous un an apr\u00e8s\u00a0?<\/p><\/blockquote>\n<p>\u00ab\u00a0J\u2019ai \u00e9t\u00e9 \u00e9lu avec la dissolution surprise en r\u00e9alisant 40\u00a0% au premier tour et 60\u00a0% au second, face au Rassemblement national. Je suis investi d\u2019une double redevabilit\u00e9. Vis-\u00e0-vis des \u00e9lecteurs du premier tour qui veulent un projet politique en rupture avec la politique macroniste et vis-\u00e0-vis de ceux du deuxi\u00e8me tour, qui ont vot\u00e9 <a href=\"https:\/\/www.leprogres.fr\/elections\/2024\/07\/07\/pierrick-courbon-l-homme-de-terrain-efface-le-rn\" target=\"_blank\" rel=\"nofollow noopener\">et pour l\u2019homme et contre l\u2019extr\u00eame droite. \u00bb<\/a><\/p>\n<p>\u00ab\u00a0J\u2019essaie de faire honneur \u00e0 ces deux m\u00e9caniques \u00e9lectorales en \u00e9tant pr\u00e9sent, \u00e0 la fois, \u00e0 l\u2019Assembl\u00e9e et le plus possible sur le terrain pour \u00e9couter et expliquer. Avec le bilan que j\u2019ai pr\u00e9sent\u00e9, les \u00e9lecteurs ont choisi un d\u00e9put\u00e9 bosseur, qui essaie d\u2019\u00eatre utile pour le territoire et surtout un d\u00e9put\u00e9 libre de ses choix et de ses votes.\u00a0\u00bb<\/p>\n<blockquote class=\"question\"><p>Vous avez plusieurs fonctions \u00e0 l\u2019Assembl\u00e9e nationale. Dans laquelle, vous vous sentez le plus utile\u00a0?<\/p><\/blockquote>\n<p>\u00ab\u00a0Je suis le coordinateur de mon groupe au sein de la commission&#8230;<\/p>\n","protected":false},"excerpt":{"rendered":"Vous avez \u00e9t\u00e9 \u00e9lu d\u00e9put\u00e9 de la premi\u00e8re circonscription il y a un an. Quel regard portez-vous un&hellip;\n","protected":false},"author":2,"featured_media":234259,"comment_status":"","ping_status":"","sticky":false,"template":"","format":"standard","meta":{"footnotes":""},"categories":[9653],"tags":[1111,11,2430,7539,8513,1777,674,1011,27,12,3541,316,25,4001,7538],"class_list":{"0":"post-234258","1":"post","2":"type-post","3":"status-publish","4":"format-standard","5":"has-post-thumbnail","7":"category-saint-etienne","8":"tag-actu","9":"tag-actualites","10":"tag-auvergne-rhone-alpes","11":"tag-edition-loire-sud","12":"tag-elections-legislatives","13":"tag-eu","14":"tag-europe","15":"tag-fr","16":"tag-france","17":"tag-news","18":"tag-parti-socialiste","19":"tag-politique","20":"tag-republique-francaise","21":"tag-saint-etienne","22":"tag-saint-etienne-ville"},"share_on_mastodon":{"url":"https:\/\/pubeurope.com\/@fr\/114815722064713858","error":""},"_links":{"self":[{"href":"https:\/\/www.europesays.com\/fr\/wp-json\/wp\/v2\/posts\/234258","targetHints":{"allow":["GET"]}}],"collection":[{"href":"https:\/\/www.europesays.com\/fr\/wp-json\/wp\/v2\/posts"}],"about":[{"href":"https:\/\/www.europesays.com\/fr\/wp-json\/wp\/v2\/types\/post"}],"author":[{"embeddable":true,"href":"https:\/\/www.europesays.com\/fr\/wp-json\/wp\/v2\/users\/2"}],"replies":[{"embeddable":true,"href":"https:\/\/www.europesays.com\/fr\/wp-json\/wp\/v2\/comments?post=234258"}],"version-history":[{"count":0,"href":"https:\/\/www.europesays.com\/fr\/wp-json\/wp\/v2\/posts\/234258\/revisions"}],"wp:featuredmedia":[{"embeddable":true,"href":"https:\/\/www.europesays.com\/fr\/wp-json\/wp\/v2\/media\/234259"}],"wp:attachment":[{"href":"https:\/\/www.europesays.com\/fr\/wp-json\/wp\/v2\/media?parent=234258"}],"wp:term":[{"taxonomy":"category","embeddable":true,"href":"https:\/\/www.europesays.com\/fr\/wp-json\/wp\/v2\/categories?post=234258"},{"taxonomy":"post_tag","embeddable":true,"href":"https:\/\/www.europesays.com\/fr\/wp-json\/wp\/v2\/tags?post=234258"}],"curies":[{"name":"wp","href":"https:\/\/api.w.org\/{rel}","templated":true}]}}