{"id":234260,"date":"2025-07-08T04:27:10","date_gmt":"2025-07-08T04:27:10","guid":{"rendered":"https:\/\/www.europesays.com\/fr\/234260\/"},"modified":"2025-07-08T04:27:10","modified_gmt":"2025-07-08T04:27:10","slug":"saint-etienne-quand-le-passager-controle-ouvre-sa-banane-lodeur-de-cannabis-se-repand-dans-le-tram","status":"publish","type":"post","link":"https:\/\/www.europesays.com\/fr\/234260\/","title":{"rendered":"Saint-\u00c9tienne. Quand le passager contr\u00f4l\u00e9 ouvre sa banane, l\u2019odeur de cannabis se r\u00e9pand dans le tram"},"content":{"rendered":"<p>D\u2019apr\u00e8s les t\u00e9moignages des fonctionnaires, il n\u2019\u00e9tait nul besoin d\u2019avoir l\u2019odorat particuli\u00e8rement d\u00e9velopp\u00e9 pour flairer l\u2019infraction.<\/p>\n<p>Ce jeudi 3\u00a0juillet, les policiers de la Brigade de s\u00e9curisation des transports sont pr\u00e9sents pour une op\u00e9ration de contr\u00f4le, aux c\u00f4t\u00e9s des agents de la Stas. Ils sont positionn\u00e9s avenue de la Lib\u00e9ration quand ils remarquent le comportement suspect d\u2019un jeune passager.<\/p>\n<p>  De la drogue pr\u00e9tendument trouv\u00e9e\u2026 dans la rue<\/p>\n<p>Ils se portent \u00e0 sa rencontre pour contr\u00f4ler son titre de transport. Mais le jeune homme n\u2019en poss\u00e8de pas. Les fonctionnaires passent alors \u00e0 la phase de verbalisation et demandent \u00e0 l\u2019usager ses papiers d\u2019identit\u00e9.<\/p>\n<p>Au moment o\u00f9 le jeune homme s\u2019ex\u00e9cute et ouvre sa banane, une forte odeur de stup\u00e9fiants se r\u00e9pand dans le wagon. \u00c2g\u00e9 de 22 ans, le St\u00e9phanois est trouv\u00e9 en possession de 45\u00a0g d\u2019herbe de cannabis et 70\u00a0g de r\u00e9sine de cannabis.<\/p>\n<p>Plac\u00e9 en garde \u00e0 vue, il a expliqu\u00e9, au cours de son audition, avoir trouv\u00e9 ces produits dans la rue\u2026 Il sera convoqu\u00e9 par la justice pour r\u00e9pondre de cet usage de stup\u00e9fiants.<\/p>\n","protected":false},"excerpt":{"rendered":"D\u2019apr\u00e8s les t\u00e9moignages des fonctionnaires, il n\u2019\u00e9tait nul besoin d\u2019avoir l\u2019odorat particuli\u00e8rement d\u00e9velopp\u00e9 pour flairer l\u2019infraction. Ce jeudi&hellip;\n","protected":false},"author":2,"featured_media":234261,"comment_status":"","ping_status":"","sticky":false,"template":"","format":"standard","meta":{"footnotes":""},"categories":[9653],"tags":[1111,11,2430,271,272,7539,1777,674,274,107,1011,27,3367,12,25,4001,7538],"class_list":{"0":"post-234260","1":"post","2":"type-post","3":"status-publish","4":"format-standard","5":"has-post-thumbnail","7":"category-saint-etienne","8":"tag-actu","9":"tag-actualites","10":"tag-auvergne-rhone-alpes","11":"tag-crime","12":"tag-delit-et-contravention","13":"tag-edition-loire-sud","14":"tag-eu","15":"tag-europe","16":"tag-faits-divers-justice","17":"tag-fil-info","18":"tag-fr","19":"tag-france","20":"tag-loire","21":"tag-news","22":"tag-republique-francaise","23":"tag-saint-etienne","24":"tag-saint-etienne-ville"},"share_on_mastodon":{"url":"https:\/\/pubeurope.com\/@fr\/114815726012203235","error":""},"_links":{"self":[{"href":"https:\/\/www.europesays.com\/fr\/wp-json\/wp\/v2\/posts\/234260","targetHints":{"allow":["GET"]}}],"collection":[{"href":"https:\/\/www.europesays.com\/fr\/wp-json\/wp\/v2\/posts"}],"about":[{"href":"https:\/\/www.europesays.com\/fr\/wp-json\/wp\/v2\/types\/post"}],"author":[{"embeddable":true,"href":"https:\/\/www.europesays.com\/fr\/wp-json\/wp\/v2\/users\/2"}],"replies":[{"embeddable":true,"href":"https:\/\/www.europesays.com\/fr\/wp-json\/wp\/v2\/comments?post=234260"}],"version-history":[{"count":0,"href":"https:\/\/www.europesays.com\/fr\/wp-json\/wp\/v2\/posts\/234260\/revisions"}],"wp:featuredmedia":[{"embeddable":true,"href":"https:\/\/www.europesays.com\/fr\/wp-json\/wp\/v2\/media\/234261"}],"wp:attachment":[{"href":"https:\/\/www.europesays.com\/fr\/wp-json\/wp\/v2\/media?parent=234260"}],"wp:term":[{"taxonomy":"category","embeddable":true,"href":"https:\/\/www.europesays.com\/fr\/wp-json\/wp\/v2\/categories?post=234260"},{"taxonomy":"post_tag","embeddable":true,"href":"https:\/\/www.europesays.com\/fr\/wp-json\/wp\/v2\/tags?post=234260"}],"curies":[{"name":"wp","href":"https:\/\/api.w.org\/{rel}","templated":true}]}}