{"id":234264,"date":"2025-07-08T04:29:17","date_gmt":"2025-07-08T04:29:17","guid":{"rendered":"https:\/\/www.europesays.com\/fr\/234264\/"},"modified":"2025-07-08T04:29:17","modified_gmt":"2025-07-08T04:29:17","slug":"mercato-regional-du-renfort-de-poids-au-haut-du-lievre-des-arrivees-a-centre-ornain-et-verdun-une-premiere-recrue-a-dombasle","status":"publish","type":"post","link":"https:\/\/www.europesays.com\/fr\/234264\/","title":{"rendered":"Mercato r\u00e9gional. Du renfort de poids au Haut du Li\u00e8vre, des arriv\u00e9es \u00e0 Centre Ornain et Verdun, une premi\u00e8re recrue \u00e0 Dombasle"},"content":{"rendered":"<p>  Deux jeunes renforts pour Centre Ornain<\/p>\n<p>Centre Ornain (R2) continue de se renforcer avec les arriv\u00e9es de Sabin Charuel et R\u00e9mi Jamar, tous deux en provenance de Bar-le-Duc. Le premier, form\u00e9 au BFC, a d\u00e9j\u00e0 fait plusieurs apparitions en R1 d\u00e8s ses 18 ans. C\u2019est un milieu de terrain complet avec un volume de jeu important. Le second, qui a d\u00e9j\u00e0 \u00e9volu\u00e9 en R2, va apporter de l\u2019exp\u00e9rience et de la solidit\u00e9 en d\u00e9fense.<\/p>\n<p>Ce contenu est bloqu\u00e9 car vous n&rsquo;avez pas accept\u00e9 les cookies et autres traceurs.<\/p>\n<p>En cliquant sur \u00ab J\u2019accepte \u00bb, les cookies et autres traceurs seront d\u00e9pos\u00e9s et vous pourrez visualiser les contenus  (<a href=\"\" class=\"consentModule_policy\" target=\"_blank\" title=\"Consulter la politique de protection des donn\u00e9es du fournisseur\">plus d&rsquo;informations<\/a>).<\/p>\n<p>En cliquant sur \u00ab J\u2019accepte tous les cookies \u00bb, vous autorisez des d\u00e9p\u00f4ts de cookies et autres traceurs pour le stockage de vos donn\u00e9es sur nos sites et applications \u00e0 des fins de personnalisation et de ciblage publicitaire.<\/p>\n<p class=\"consentModule_secondaryText\">Vous gardez la possibilit\u00e9 de retirer votre consentement \u00e0 tout moment en consultant notre <a href=\"https:\/\/www.estrepublicain.fr\/protection-des-donnees\" target=\"_blank\" title=\"Consulter notre politique de protection des donn\u00e9es\" rel=\"noopener\">politique de protection des donn\u00e9es<\/a>. <br \/>&#13;<br \/>\n            <a href=\"https:\/\/www.estrepublicain.fr\/sport\/2025\/07\/07\/javascript:Didomi.notice.show()\" class=\"consentModule_cmp\" target=\"_blank\" rel=\"noopener\">G\u00e9rer mes choix<\/a>&#13;\n        <\/p>\n<p>&#13;<br \/>\n                        J&rsquo;accepte&#13;<br \/>\n            J&rsquo;accepte tous les cookies&#13;\n        <\/p>\n<p>  Des recrues de taille au Haut du Li\u00e8vre<\/p>\n<p>Promu en R3 apr\u00e8s une saison remarquable \u00e0 l\u2019\u00e9tage inf\u00e9rieur, le Haut du Li\u00e8vre s\u2019active pour pr\u00e9parer au mieux son retour en championnat r\u00e9gional. Le club de la banlieue nanc\u00e9ienne a d\u00e9j\u00e0 acquis les signatures de plusieurs joueurs r\u00e9f\u00e9renc\u00e9s du secteur\u00a0: le milieu d\u00e9fensif Elies El Hansar (ex-Pagny), l\u2019attaquant Reda Hanafi (ex-Pagny), les ailiers Salah Nahass (ex-Toul) et Mehdi Guenouche (ex-Saint-Max\/Essey) ainsi que le gardien Mohamed Bachkat.<\/p>\n<p>Ce contenu est bloqu\u00e9 car vous n&rsquo;avez pas accept\u00e9 les cookies et autres traceurs.<\/p>\n<p>En cliquant sur \u00ab J\u2019accepte \u00bb, les cookies et autres traceurs seront d\u00e9pos\u00e9s et vous pourrez visualiser les contenus  (<a href=\"\" class=\"consentModule_policy\" target=\"_blank\" title=\"Consulter la politique de protection des donn\u00e9es du fournisseur\">plus d&rsquo;informations<\/a>).<\/p>\n<p>En cliquant sur \u00ab J\u2019accepte tous les cookies \u00bb, vous autorisez des d\u00e9p\u00f4ts de cookies et autres traceurs pour le stockage de vos donn\u00e9es sur nos sites et applications \u00e0 des fins de personnalisation et de ciblage publicitaire.<\/p>\n<p class=\"consentModule_secondaryText\">Vous gardez la possibilit\u00e9 de retirer votre consentement \u00e0 tout moment en consultant notre <a href=\"https:\/\/www.estrepublicain.fr\/protection-des-donnees\" target=\"_blank\" title=\"Consulter notre politique de protection des donn\u00e9es\" rel=\"noopener\">politique de protection des donn\u00e9es<\/a>. <br \/>&#13;<br \/>\n            <a href=\"https:\/\/www.estrepublicain.fr\/sport\/2025\/07\/07\/javascript:Didomi.notice.show()\" class=\"consentModule_cmp\" target=\"_blank\" rel=\"noopener\">G\u00e9rer mes choix<\/a>&#13;\n        <\/p>\n<p>&#13;<br \/>\n                        J&rsquo;accepte&#13;<br \/>\n            J&rsquo;accepte tous les cookies&#13;\n        <\/p>\n<p>  \u00c7a bouge \u00e0 Verdun<\/p>\n<p>\u00c0 Verdun aussi le recrutement avance bien. Le club de R2 s\u2019est ainsi attach\u00e9 les services de l\u2019exp\u00e9riment\u00e9 meneur de jeu Anthony Thiery en provenance de VHF (R3). Arrive \u00e9galement un autre milieu, Nolann Mah\u00e9, qui \u00e9voluait pr\u00e9c\u00e9demment \u00e0 l\u2019US Thiervilloise. Enfin, \u00e0 signaler deux retours au club\u00a0: ceux de Mathis Huard et Thomas Victorin qui reviennent au FCVB apr\u00e8s un crochet par les U19 de Sorcy.<\/p>\n<p>Ce contenu est bloqu\u00e9 car vous n&rsquo;avez pas accept\u00e9 les cookies et autres traceurs.<\/p>\n<p>En cliquant sur \u00ab J\u2019accepte \u00bb, les cookies et autres traceurs seront d\u00e9pos\u00e9s et vous pourrez visualiser les contenus  (<a href=\"\" class=\"consentModule_policy\" target=\"_blank\" title=\"Consulter la politique de protection des donn\u00e9es du fournisseur\">plus d&rsquo;informations<\/a>).<\/p>\n<p>En cliquant sur \u00ab J\u2019accepte tous les cookies \u00bb, vous autorisez des d\u00e9p\u00f4ts de cookies et autres traceurs pour le stockage de vos donn\u00e9es sur nos sites et applications \u00e0 des fins de personnalisation et de ciblage publicitaire.<\/p>\n<p class=\"consentModule_secondaryText\">Vous gardez la possibilit\u00e9 de retirer votre consentement \u00e0 tout moment en consultant notre <a href=\"https:\/\/www.estrepublicain.fr\/protection-des-donnees\" target=\"_blank\" title=\"Consulter notre politique de protection des donn\u00e9es\" rel=\"noopener\">politique de protection des donn\u00e9es<\/a>. <br \/>&#13;<br \/>\n            <a href=\"https:\/\/www.estrepublicain.fr\/sport\/2025\/07\/07\/javascript:Didomi.notice.show()\" class=\"consentModule_cmp\" target=\"_blank\" rel=\"noopener\">G\u00e9rer mes choix<\/a>&#13;\n        <\/p>\n<p>&#13;<br \/>\n                        J&rsquo;accepte&#13;<br \/>\n            J&rsquo;accepte tous les cookies&#13;\n        <\/p>\n<p>  Un jeune Jarvillois \u00e0 Dombasle<\/p>\n<p>Apr\u00e8s une saison difficile marqu\u00e9e par une rel\u00e9gation en D1, le club de Dombasle entame un nouveau chapitre. Apr\u00e8s le d\u00e9part de cinq joueurs (Alexis Tatar, Hamza Assimi, Pyo Barmada, Cl\u00e9ment Meplain et Alexis Chaulacel), le FCD vient d\u2019annoncer sa premi\u00e8re recrue estivale\u00a0: Hugo Possama\u00ef, jeune attaquant prometteur en provenance des u18 R1 de Jarville.<\/p>\n","protected":false},"excerpt":{"rendered":"Deux jeunes renforts pour Centre Ornain Centre Ornain (R2) continue de se renforcer avec les arriv\u00e9es de Sabin&hellip;\n","protected":false},"author":2,"featured_media":234265,"comment_status":"","ping_status":"","sticky":false,"template":"","format":"standard","meta":{"footnotes":""},"categories":[9635],"tags":[1111,11,3602,1704,1706,1705,10174,1777,674,107,1701,63,1011,27,775,1702,1703,12,25,517,1700],"class_list":{"0":"post-234264","1":"post","2":"type-post","3":"status-publish","4":"format-standard","5":"has-post-thumbnail","7":"category-nancy","8":"tag-actu","9":"tag-actualites","10":"tag-edition-bar-le-duc","11":"tag-edition-nancy-et-agglomeration","12":"tag-edition-pont-a-mousson","13":"tag-edition-toul","14":"tag-edition-verdun","15":"tag-eu","16":"tag-europe","17":"tag-fil-info","18":"tag-fil-info-sport","19":"tag-football","20":"tag-fr","21":"tag-france","22":"tag-grand-est","23":"tag-nancy","24":"tag-nancy-ville-54b","25":"tag-news","26":"tag-republique-francaise","27":"tag-sport","28":"tag-sport-lorrain"},"share_on_mastodon":{"url":"https:\/\/pubeurope.com\/@fr\/114815733917342557","error":""},"_links":{"self":[{"href":"https:\/\/www.europesays.com\/fr\/wp-json\/wp\/v2\/posts\/234264","targetHints":{"allow":["GET"]}}],"collection":[{"href":"https:\/\/www.europesays.com\/fr\/wp-json\/wp\/v2\/posts"}],"about":[{"href":"https:\/\/www.europesays.com\/fr\/wp-json\/wp\/v2\/types\/post"}],"author":[{"embeddable":true,"href":"https:\/\/www.europesays.com\/fr\/wp-json\/wp\/v2\/users\/2"}],"replies":[{"embeddable":true,"href":"https:\/\/www.europesays.com\/fr\/wp-json\/wp\/v2\/comments?post=234264"}],"version-history":[{"count":0,"href":"https:\/\/www.europesays.com\/fr\/wp-json\/wp\/v2\/posts\/234264\/revisions"}],"wp:featuredmedia":[{"embeddable":true,"href":"https:\/\/www.europesays.com\/fr\/wp-json\/wp\/v2\/media\/234265"}],"wp:attachment":[{"href":"https:\/\/www.europesays.com\/fr\/wp-json\/wp\/v2\/media?parent=234264"}],"wp:term":[{"taxonomy":"category","embeddable":true,"href":"https:\/\/www.europesays.com\/fr\/wp-json\/wp\/v2\/categories?post=234264"},{"taxonomy":"post_tag","embeddable":true,"href":"https:\/\/www.europesays.com\/fr\/wp-json\/wp\/v2\/tags?post=234264"}],"curies":[{"name":"wp","href":"https:\/\/api.w.org\/{rel}","templated":true}]}}