{"id":234266,"date":"2025-07-08T04:30:15","date_gmt":"2025-07-08T04:30:15","guid":{"rendered":"https:\/\/www.europesays.com\/fr\/234266\/"},"modified":"2025-07-08T04:30:15","modified_gmt":"2025-07-08T04:30:15","slug":"a50-a57-fermeture-tunnel-toulon-jeudi-6","status":"publish","type":"post","link":"https:\/\/www.europesays.com\/fr\/234266\/","title":{"rendered":"A50-A57 Fermeture tunnel Toulon jeudi"},"content":{"rendered":"<ol class=\"breadcrumb\" itemscope=\"\" itemtype=\"https:\/\/schema.org\/BreadcrumbList\">\n<li itemprop=\"itemListElement\" itemscope=\"\" itemtype=\"https:\/\/schema.org\/ListItem\">\n                    <a itemprop=\"item\" href=\"https:\/\/radio.vinci-autoroutes.com\/\" target=\"_blank\" rel=\"noopener\"><br \/>\n                        Accueil<br \/>\n                    <\/a><\/p>\n<\/li>\n<li itemprop=\"itemListElement\" itemscope=\"\" itemtype=\"https:\/\/schema.org\/ListItem\">\n                        <a itemprop=\"item\" href=\"https:\/\/radio.vinci-autoroutes.com\/rubrique\/infotrafic\" target=\"_blank\" rel=\"noopener\"><br \/>\n                            Actu trafic<br \/>\n                        <\/a><\/p>\n<\/li>\n<li itemprop=\"itemListElement\" itemscope=\"\" itemtype=\"https:\/\/schema.org\/ListItem\">\n                        <a itemprop=\"item\" href=\"https:\/\/radio.vinci-autoroutes.com\/rubrique\/travaux\" target=\"_blank\" rel=\"noopener\"><br \/>\n                            Travaux<br \/>\n                        <\/a><\/p>\n<\/li>\n<\/ol>\n<p class=\"article-chapeau\" itemprop=\"description\">Dans le Var, la nuit du jeudi 10 au vendredi 11 juillet, \u00e0 partir de 21h et au plus tard jusqu\u2019\u00e0 06h du matin, le tunnel de Toulon est ferm\u00e9 sur l&rsquo;A50. Dans le prolongement, l&rsquo;autoroute A57 est ferm\u00e9e entre La Valette Centre N\u00b03 et La Valette Nord N\u00b05a, mais aussi, apr\u00e8s la bifurcation avec l&rsquo;A570. Dans l&rsquo;autre sens, l&rsquo;autoroute A57 est ferm\u00e9e entre La Valette Nord N\u00b05 et La Valette Centre N\u00b03 et dans le prolongement le tunnel sur l&rsquo;A50. <\/p>\n<p class=\"article-author\">Auteur : Rapha\u00ebl Val\u00e9<\/p>\n<p class=\"article-modification\">Derni\u00e8re modification : 07\/07\/2025 15:30<\/p>\n<p>                <img decoding=\"async\" src=\"https:\/\/www.europesays.com\/fr\/wp-content\/uploads\/2025\/05\/M-jour-tunnel-toulon-sortie-est-S-LAVOUE.jpg\" alt=\"A50-A57 Fermeture tunnel Toulon jeudi\"\/><\/p>\n<p>                                                    0:34\n                                            <\/p>\n<p class=\"legende\">Sortie est du tunnel de Toulon en journ\u00e9e<\/p>\n<p>                            \u00a9 VINCI Autoroutes &#8211; S LAVOUE                        <\/p>\n<p>        Ces fermetures pour permettre des travaux de finition dans le cadre de l&rsquo;\u00e9largissement de l&rsquo;A57. <\/p>\n<p>            Pour approfondir le sujet<\/p>\n<p>        Partager cet article<\/p>\n","protected":false},"excerpt":{"rendered":"Accueil Actu trafic Travaux Dans le Var, la nuit du jeudi 10 au vendredi 11 juillet, \u00e0 partir&hellip;\n","protected":false},"author":2,"featured_media":70525,"comment_status":"","ping_status":"","sticky":false,"template":"","format":"standard","meta":{"footnotes":""},"categories":[9619],"tags":[34001,1111,11,1777,674,13407,1011,27,9272,2868,12,293,5537,378,882,25,2310,17374,6949],"class_list":{"0":"post-234266","1":"post","2":"type-post","3":"status-publish","4":"format-standard","5":"has-post-thumbnail","7":"category-toulon","8":"tag-a50-a57","9":"tag-actu","10":"tag-actualites","11":"tag-eu","12":"tag-europe","13":"tag-fermeture","14":"tag-fr","15":"tag-france","16":"tag-jeudi","17":"tag-juillet","18":"tag-news","19":"tag-nuit","20":"tag-partir","21":"tag-plus","22":"tag-provence-alpes-cote-dazur","23":"tag-republique-francaise","24":"tag-toulon","25":"tag-tunnel","26":"tag-vendredi"},"share_on_mastodon":{"url":"https:\/\/pubeurope.com\/@fr\/114815737793791582","error":""},"_links":{"self":[{"href":"https:\/\/www.europesays.com\/fr\/wp-json\/wp\/v2\/posts\/234266","targetHints":{"allow":["GET"]}}],"collection":[{"href":"https:\/\/www.europesays.com\/fr\/wp-json\/wp\/v2\/posts"}],"about":[{"href":"https:\/\/www.europesays.com\/fr\/wp-json\/wp\/v2\/types\/post"}],"author":[{"embeddable":true,"href":"https:\/\/www.europesays.com\/fr\/wp-json\/wp\/v2\/users\/2"}],"replies":[{"embeddable":true,"href":"https:\/\/www.europesays.com\/fr\/wp-json\/wp\/v2\/comments?post=234266"}],"version-history":[{"count":0,"href":"https:\/\/www.europesays.com\/fr\/wp-json\/wp\/v2\/posts\/234266\/revisions"}],"wp:featuredmedia":[{"embeddable":true,"href":"https:\/\/www.europesays.com\/fr\/wp-json\/wp\/v2\/media\/70525"}],"wp:attachment":[{"href":"https:\/\/www.europesays.com\/fr\/wp-json\/wp\/v2\/media?parent=234266"}],"wp:term":[{"taxonomy":"category","embeddable":true,"href":"https:\/\/www.europesays.com\/fr\/wp-json\/wp\/v2\/categories?post=234266"},{"taxonomy":"post_tag","embeddable":true,"href":"https:\/\/www.europesays.com\/fr\/wp-json\/wp\/v2\/tags?post=234266"}],"curies":[{"name":"wp","href":"https:\/\/api.w.org\/{rel}","templated":true}]}}